{"id":132085,"date":"2026-04-24T19:36:01","date_gmt":"2026-04-24T19:36:01","guid":{"rendered":"https:\/\/tvbrazilusa.com\/2026\/04\/24\/governo-usa-r-45-milhoes-para-organizar-acervo-privado-de-lula-em-sp-paulo-figueiredo\/"},"modified":"2026-04-24T19:36:30","modified_gmt":"2026-04-24T19:36:30","slug":"governo-usa-r-45-milhoes-para-organizar-acervo-privado-de-lula-em-sp-paulo-figueiredo","status":"publish","type":"post","link":"https:\/\/tvbrazilusa.com\/pt\/2026\/04\/24\/governo-usa-r-45-milhoes-para-organizar-acervo-privado-de-lula-em-sp-paulo-figueiredo\/","title":{"rendered":"Governo usa R$ 4,5 milh\u00f5es para organizar acervo privado de Lula em SP &#8211; Paulo Figueiredo"},"content":{"rendered":"<p> <script async src=\"https:\/\/pagead2.googlesyndication.com\/pagead\/js\/adsbygoogle.js?client=ca-pub-8864793242727901\"\r\n     crossorigin=\"anonymous\"><\/script><br \/>\n<\/p>\n<div id=\"wtr-content\" data-bg=\"#FFFFFF\" data-fg=\"#006d91\" data-width=\"25\" data-mute=\"1\" data-fgopacity=\"1.00\" data-mutedopacity=\"0.5\" data-placement=\"bottom\" data-placement-offset=\"0\" data-content-offset=\"262\" data-placement-touch=\"bottom\" data-placement-offset-touch=\"0\" data-transparent=\"\" data-shadow=\"0\" data-touch=\"1\" data-non-touch=\"1\" data-comments=\"0\" data-commentsbg=\"transparent\" data-location=\"page\" data-mutedfg=\"#006d91\" data-endfg=\"#006d91\" data-rtl=\"\">\n<h4 class=\"wp-block-heading\">Governo firma acordo para organiza\u00e7\u00e3o do acervo pessoal de Lula por R$ 4,5 milh\u00f5es para integrar \u201cpatrim\u00f4nio cultural brasileiro\u201d<\/h4>\n<p>O governo federal firmou um acordo para a\u00a0organiza\u00e7\u00e3o do acervo particular do presidente\u00a0Lula, ao custo de R$ 4,5 milh\u00f5es. O servi\u00e7o \u00e9 executado pela Funda\u00e7\u00e3o Universidade Federal do ABC (UFABC), por meio de um Termo de Execu\u00e7\u00e3o Descentralizada (TED) assinado com a\u00a0Casa Civil.<\/p>\n<p>De acordo com o documento que a coluna teve acesso, os recursos s\u00e3o destinados a atividades como\u00a0\u201ctransporte, higieniza\u00e7\u00e3o, tratamento t\u00e9cnico, cataloga\u00e7\u00e3o, digitaliza\u00e7\u00e3o e guarda provis\u00f3ria do acervo privado do presidente, localizado em S\u00e3o Bernardo do Campo, em S\u00e3o Paulo\u201d. O prazo de execu\u00e7\u00e3o vai de maio de 2025 at\u00e9 o fim de 2026.<\/p>\n<p>Segundo a Casa Civil, o arquivo inclui documentos em diferentes formatos, como\u00a0textos, fotografias, v\u00eddeos, registros sonoros e materiais bibliogr\u00e1ficos e museol\u00f3gicos.<\/p>\n<p>Em nota, a assessoria de imprensa da pasta afirmou que a medida est\u00e1 amparada na legisla\u00e7\u00e3o vigente. Segundo o \u00f3rg\u00e3o, \u201ca preserva\u00e7\u00e3o dos acervos documentais privados de ex-presidentes da Rep\u00fablica \u00e9 uma pol\u00edtica de Estado prevista na Lei n\u00ba 8.394\/1991. Esses acervos s\u00e3o considerados de\u00a0interesse p\u00fablico e integram o patrim\u00f4nio cultural brasileiro\u201d.<\/p>\n<h4 class=\"wp-block-heading\">Acesso ao acervo<\/h4>\n<p>Ainda conforme a Casa Civil, a parceria com a UFABC \u201cocorre no \u00e2mbito da coopera\u00e7\u00e3o entre institui\u00e7\u00f5es p\u00fablicas federais, reunindo capacidades t\u00e9cnicas especializadas para assegurar o correto tratamento, a cataloga\u00e7\u00e3o e a guarda do acervo, em conson\u00e2ncia com a legisla\u00e7\u00e3o vigente e com o interesse p\u00fablico envolvido\u201d.<\/p>\n<p>Questionado pela coluna, o \u00f3rg\u00e3o\u00a0n\u00e3o informou se a popula\u00e7\u00e3o poder\u00e1 ter acesso ao acervo do presidente.<\/p>\n<p>O TED, modelo de instrumento firmado com universidade, \u00e9 utilizado pelo governo federal para descentralizar a execu\u00e7\u00e3o de pol\u00edticas p\u00fablicas entre \u00f3rg\u00e3os e entidades da administra\u00e7\u00e3o p\u00fablica.<\/p>\n<p><strong><a href=\"https:\/\/www.metropoles.com\/colunas\/paulo-cappelli\/governo-usa-r-45-milhoes-para-organizar-acervo-privado-de-lula-em-sp\">Cr\u00e9dito Metr\u00f3poles<\/a><\/strong><\/p>\n<\/div>\n<p><br \/>\n<br \/><a href=\"https:\/\/paulofigueiredoshow.com\/governo-usa-r-45-milhoes-para-organizar-acervo-privado-de-lula-em-sp\/\">Source link <\/a><\/p>","protected":false},"excerpt":{"rendered":"<p>Governo firma acordo para organiza\u00e7\u00e3o do acervo pessoal de Lula por R$ 4,5 milh\u00f5es para integrar \u201cpatrim\u00f4nio cultural brasileiro\u201d O governo federal firmou um acordo para a\u00a0organiza\u00e7\u00e3o do acervo particular&hellip;<\/p>","protected":false},"author":1,"featured_media":132086,"comment_status":"closed","ping_status":"open","sticky":false,"template":"","format":"standard","meta":{"content-type":"","footnotes":""},"categories":[16],"tags":[],"class_list":["post-132085","post","type-post","status-publish","format-standard","has-post-thumbnail","hentry","category-noticias"],"_links":{"self":[{"href":"https:\/\/tvbrazilusa.com\/pt\/wp-json\/wp\/v2\/posts\/132085","targetHints":{"allow":["GET"]}}],"collection":[{"href":"https:\/\/tvbrazilusa.com\/pt\/wp-json\/wp\/v2\/posts"}],"about":[{"href":"https:\/\/tvbrazilusa.com\/pt\/wp-json\/wp\/v2\/types\/post"}],"author":[{"embeddable":true,"href":"https:\/\/tvbrazilusa.com\/pt\/wp-json\/wp\/v2\/users\/1"}],"replies":[{"embeddable":true,"href":"https:\/\/tvbrazilusa.com\/pt\/wp-json\/wp\/v2\/comments?post=132085"}],"version-history":[{"count":1,"href":"https:\/\/tvbrazilusa.com\/pt\/wp-json\/wp\/v2\/posts\/132085\/revisions"}],"predecessor-version":[{"id":132087,"href":"https:\/\/tvbrazilusa.com\/pt\/wp-json\/wp\/v2\/posts\/132085\/revisions\/132087"}],"wp:featuredmedia":[{"embeddable":true,"href":"https:\/\/tvbrazilusa.com\/pt\/wp-json\/wp\/v2\/media\/132086"}],"wp:attachment":[{"href":"https:\/\/tvbrazilusa.com\/pt\/wp-json\/wp\/v2\/media?parent=132085"}],"wp:term":[{"taxonomy":"category","embeddable":true,"href":"https:\/\/tvbrazilusa.com\/pt\/wp-json\/wp\/v2\/categories?post=132085"},{"taxonomy":"post_tag","embeddable":true,"href":"https:\/\/tvbrazilusa.com\/pt\/wp-json\/wp\/v2\/tags?post=132085"}],"curies":[{"name":"wp","href":"https:\/\/api.w.org\/{rel}","templated":true}]}}