{"id":132088,"date":"2026-04-24T19:41:11","date_gmt":"2026-04-24T19:41:11","guid":{"rendered":"https:\/\/tvbrazilusa.com\/2026\/04\/24\/cultura-autoriza-a-beija-flor-a-captar-r-59-milhoes-pela-lei-rouanet-paulo-figueiredo\/"},"modified":"2026-04-24T19:42:31","modified_gmt":"2026-04-24T19:42:31","slug":"cultura-autoriza-a-beija-flor-a-captar-r-59-milhoes-pela-lei-rouanet-paulo-figueiredo","status":"publish","type":"post","link":"https:\/\/tvbrazilusa.com\/pt\/2026\/04\/24\/cultura-autoriza-a-beija-flor-a-captar-r-59-milhoes-pela-lei-rouanet-paulo-figueiredo\/","title":{"rendered":"Cultura autoriza a Beija-Flor a captar R$ 5,9 milh\u00f5es pela Lei Rouanet &#8211; Paulo Figueiredo"},"content":{"rendered":"<p> <script async src=\"https:\/\/pagead2.googlesyndication.com\/pagead\/js\/adsbygoogle.js?client=ca-pub-8864793242727901\"\r\n     crossorigin=\"anonymous\"><\/script><br \/>\n<\/p>\n<div id=\"wtr-content\" data-bg=\"#FFFFFF\" data-fg=\"#006d91\" data-width=\"25\" data-mute=\"1\" data-fgopacity=\"1.00\" data-mutedopacity=\"0.5\" data-placement=\"bottom\" data-placement-offset=\"0\" data-content-offset=\"262\" data-placement-touch=\"bottom\" data-placement-offset-touch=\"0\" data-transparent=\"\" data-shadow=\"0\" data-touch=\"1\" data-non-touch=\"1\" data-comments=\"0\" data-commentsbg=\"transparent\" data-location=\"page\" data-mutedfg=\"#006d91\" data-endfg=\"#006d91\" data-rtl=\"\">\n<h4 class=\"wp-block-heading\">Projeto da Beija-Flor aprovado pelo Minist\u00e9rio da Cultura prev\u00ea utiliza\u00e7\u00e3o de recursos na produ\u00e7\u00e3o de fantasias, alegorias e adere\u00e7os<\/h4>\n<p>O\u00a0Minist\u00e9rio da Cultura (MinC)\u00a0autorizou a tradicional escola de samba Beija-Flor de Nil\u00f3polis (RJ) a captar R$ 5,9 milh\u00f5es, por meio da\u00a0Lei Rouanet, para financiamento de seu desfile no Carnaval do Rio de Janeiro em 2027.<\/p>\n<p>De acordo com o projeto aprovado pelo MinC, os recursos captados ser\u00e3o investidos na produ\u00e7\u00e3o de fantasias, alegorias e adere\u00e7os. O prazo de capta\u00e7\u00e3o estabelecido pelo governo federal teve in\u00edcio nesta quinta-feira (23\/4), data da publica\u00e7\u00e3o da portaria, e se estende at\u00e9 31 de dezembro.<\/p>\n<p>\u201cO projeto \u2018Carnaval \u2013 Beija-Flor\u2019 tem como principal objetivo produzir o desfile do Gr\u00eamio Recreativo Escola de Samba Beija-Flor no Carnaval Carioca, quando a escola desfilar\u00e1 pelo Grupo Especial\u201d, diz a agremia\u00e7\u00e3o.<\/p>\n<p>\u201cO projeto auxiliar\u00e1 principalmente na produ\u00e7\u00e3o de parte das fantasias, alegorias e adere\u00e7os, permitindo que a escola distribua gratuitamente um n\u00famero significativo de fantasias para sua comunidade\u201d, afirma o documento.<\/p>\n<h4 class=\"wp-block-heading\">Ren\u00fancia fiscal<\/h4>\n<p>Por meio da Lei Rouanet, iniciativas culturais divididas em sete \u00e1reas s\u00e3o habilitadas a captar recursos junto a pessoas f\u00edsicias e jur\u00eddicas, na forma de patroc\u00ednio, cujos valores s\u00e3o posteriormente abatidos do Imposto de Renda que seria recolhido aos cofres da Uni\u00e3o.<\/p>\n<p>Os projetos beneficiados pela ren\u00fancia fiscal s\u00e3o divididos nas \u00e1reas de artes c\u00eanicas, m\u00fasica, literatura e livros, artes visuais, audiovisual, patrim\u00f4nio cultural, humanidades e projetos educativos e a\u00e7\u00f5es culturais. Em 2025, a capta\u00e7\u00e3o de recursos pela Lei Rouanet atingiu R$ 3,4 bilh\u00f5es, cerca de 12% a mais que o volume captado em 2024.<\/p>\n<p><strong><a href=\"https:\/\/www.metropoles.com\/colunas\/paulo-cappelli\/cultura-autoriza-a-beija-flor-a-captar-r-59-milhoes-pela-lei-rouanet\">Cr\u00e9dito Metr\u00f3poles<\/a><\/strong><\/p>\n<\/div>\n<p><br \/>\n<br \/><a href=\"https:\/\/paulofigueiredoshow.com\/cultura-autoriza-a-beija-flor-a-captar-r-59-milhoes-pela-lei-rouanet\/\">Source link <\/a><\/p>","protected":false},"excerpt":{"rendered":"<p>Projeto da Beija-Flor aprovado pelo Minist\u00e9rio da Cultura prev\u00ea utiliza\u00e7\u00e3o de recursos na produ\u00e7\u00e3o de fantasias, alegorias e adere\u00e7os O\u00a0Minist\u00e9rio da Cultura (MinC)\u00a0autorizou a tradicional escola de samba Beija-Flor de&hellip;<\/p>","protected":false},"author":1,"featured_media":132089,"comment_status":"closed","ping_status":"open","sticky":false,"template":"","format":"standard","meta":{"content-type":"","footnotes":""},"categories":[16],"tags":[],"class_list":["post-132088","post","type-post","status-publish","format-standard","has-post-thumbnail","hentry","category-noticias"],"_links":{"self":[{"href":"https:\/\/tvbrazilusa.com\/pt\/wp-json\/wp\/v2\/posts\/132088","targetHints":{"allow":["GET"]}}],"collection":[{"href":"https:\/\/tvbrazilusa.com\/pt\/wp-json\/wp\/v2\/posts"}],"about":[{"href":"https:\/\/tvbrazilusa.com\/pt\/wp-json\/wp\/v2\/types\/post"}],"author":[{"embeddable":true,"href":"https:\/\/tvbrazilusa.com\/pt\/wp-json\/wp\/v2\/users\/1"}],"replies":[{"embeddable":true,"href":"https:\/\/tvbrazilusa.com\/pt\/wp-json\/wp\/v2\/comments?post=132088"}],"version-history":[{"count":1,"href":"https:\/\/tvbrazilusa.com\/pt\/wp-json\/wp\/v2\/posts\/132088\/revisions"}],"predecessor-version":[{"id":132090,"href":"https:\/\/tvbrazilusa.com\/pt\/wp-json\/wp\/v2\/posts\/132088\/revisions\/132090"}],"wp:featuredmedia":[{"embeddable":true,"href":"https:\/\/tvbrazilusa.com\/pt\/wp-json\/wp\/v2\/media\/132089"}],"wp:attachment":[{"href":"https:\/\/tvbrazilusa.com\/pt\/wp-json\/wp\/v2\/media?parent=132088"}],"wp:term":[{"taxonomy":"category","embeddable":true,"href":"https:\/\/tvbrazilusa.com\/pt\/wp-json\/wp\/v2\/categories?post=132088"},{"taxonomy":"post_tag","embeddable":true,"href":"https:\/\/tvbrazilusa.com\/pt\/wp-json\/wp\/v2\/tags?post=132088"}],"curies":[{"name":"wp","href":"https:\/\/api.w.org\/{rel}","templated":true}]}}