{"id":132096,"date":"2025-11-22T09:23:40","date_gmt":"2025-11-22T09:23:40","guid":{"rendered":"https:\/\/tvbrazilusa.com\/2025\/11\/22\/trump-e-lula-acordo-secreto-moraes-manda-prender-ramagem-bolsonaro-em-risco-21-11\/"},"modified":"2025-11-22T09:23:40","modified_gmt":"2025-11-22T09:23:40","slug":"trump-e-lula-acordo-secreto-moraes-manda-prender-ramagem-bolsonaro-em-risco-21-11","status":"publish","type":"post","link":"https:\/\/tvbrazilusa.com\/pt\/2025\/11\/22\/trump-e-lula-acordo-secreto-moraes-manda-prender-ramagem-bolsonaro-em-risco-21-11\/","title":{"rendered":"TRUMP E LULA: ACORDO SECRETO? \/ MORAES MANDA PRENDER RAMAGEM \/ BOLSONARO EM RISCO &#8211; 21\/11"},"content":{"rendered":"<p><iframe  width=\"580\" height=\"385\" src=\"https:\/\/www.youtube.com\/embed\/pgEfHljWGw4?modestbranding=1\" frameborder=\"0\" allowfullscreen><\/iframe><br \/>\n<br \/>O Jornal do JCO recebe o empres\u00e1rio Antonio Galvan, o vereador Darcio Bracarense e o professor Marcos Pizzolatto. Apresenta\u00e7\u00e3o de Andreia Luiza Matias<br \/>\n<br \/><a href=\"https:\/\/www.youtube.com\/watch?v=pgEfHljWGw4\">source<\/a><\/p>","protected":false},"excerpt":{"rendered":"<p>O Jornal do JCO recebe o empres\u00e1rio Antonio Galvan, o vereador Darcio Bracarense e o professor Marcos Pizzolatto. Apresenta\u00e7\u00e3o de Andreia Luiza Matias source<\/p>","protected":false},"author":1,"featured_media":132098,"comment_status":"","ping_status":"open","sticky":false,"template":"","format":"standard","meta":{"content-type":"","footnotes":""},"categories":[17],"tags":[5817,136,89,993,425,5402,536,5883,1076,356],"class_list":["post-132096","post","type-post","status-publish","format-standard","has-post-thumbnail","hentry","category-programas","tag-acordo","tag-bolsonaro","tag-lula","tag-manda","tag-moraes","tag-prender","tag-ramagem","tag-risco","tag-secreto","tag-trump"],"_links":{"self":[{"href":"https:\/\/tvbrazilusa.com\/pt\/wp-json\/wp\/v2\/posts\/132096","targetHints":{"allow":["GET"]}}],"collection":[{"href":"https:\/\/tvbrazilusa.com\/pt\/wp-json\/wp\/v2\/posts"}],"about":[{"href":"https:\/\/tvbrazilusa.com\/pt\/wp-json\/wp\/v2\/types\/post"}],"author":[{"embeddable":true,"href":"https:\/\/tvbrazilusa.com\/pt\/wp-json\/wp\/v2\/users\/1"}],"replies":[{"embeddable":true,"href":"https:\/\/tvbrazilusa.com\/pt\/wp-json\/wp\/v2\/comments?post=132096"}],"version-history":[{"count":0,"href":"https:\/\/tvbrazilusa.com\/pt\/wp-json\/wp\/v2\/posts\/132096\/revisions"}],"wp:featuredmedia":[{"embeddable":true,"href":"https:\/\/tvbrazilusa.com\/pt\/wp-json\/wp\/v2\/media\/132098"}],"wp:attachment":[{"href":"https:\/\/tvbrazilusa.com\/pt\/wp-json\/wp\/v2\/media?parent=132096"}],"wp:term":[{"taxonomy":"category","embeddable":true,"href":"https:\/\/tvbrazilusa.com\/pt\/wp-json\/wp\/v2\/categories?post=132096"},{"taxonomy":"post_tag","embeddable":true,"href":"https:\/\/tvbrazilusa.com\/pt\/wp-json\/wp\/v2\/tags?post=132096"}],"curies":[{"name":"wp","href":"https:\/\/api.w.org\/{rel}","templated":true}]}}