{"id":132115,"date":"2026-04-24T19:38:00","date_gmt":"2026-04-24T19:38:00","guid":{"rendered":"https:\/\/tvbrazilusa.com\/2026\/04\/24\/stf-quer-bonus-politico-sem-onus-da-critica-publica\/"},"modified":"2026-04-24T21:05:31","modified_gmt":"2026-04-24T21:05:31","slug":"stf-quer-bonus-politico-sem-onus-da-critica-publica","status":"publish","type":"post","link":"https:\/\/tvbrazilusa.com\/pt\/2026\/04\/24\/stf-quer-bonus-politico-sem-onus-da-critica-publica\/","title":{"rendered":"STF quer b\u00f4nus pol\u00edtico sem \u00f4nus da cr\u00edtica p\u00fablica"},"content":{"rendered":"<p> <script async src=\"https:\/\/pagead2.googlesyndication.com\/pagead\/js\/adsbygoogle.js?client=ca-pub-8864793242727901\"\r\n     crossorigin=\"anonymous\"><\/script><br \/>\n<\/p>\n<div id=\"cd-article-content\">\n<p>O programa <strong><a href=\"https:\/\/youtube.com\/playlist?list=PLW3vLqxTq1UTKhps4Wf561O7WCk9mVPL2&#038;si=ULAzIpBwEnUVkI8_\" target=\"_blank\" rel=\"noopener\">ALive<\/a><\/strong> desta sexta-feira (24) abordou o embate entre o ex-governador de Minas <strong><a href=\"https:\/\/claudiodantas.com.br\/tag\/zema\/\" data-type=\"post_tag\" data-id=\"5145\">Romeu Zema (Novo)<\/a> <\/strong>e o ministro do Supremo Tribunal Federal (STF) <strong><a href=\"https:\/\/claudiodantas.com.br\/tag\/gilmar\/\" data-type=\"post_tag\" data-id=\"8574\">Gilmar Mendes<\/a><\/strong>. O \u00faltimo desdobramento foi o pedido de desculpas do decano ap\u00f3s citar homossexualidade como ofensa contra o mineiro.<\/p>\n<p><a href=\"https:\/\/whatsapp.com\/channel\/0029VaTFkH2HVvTbkE883x1x\" target=\"_blank\" class=\"whatsapp-channel-message\" rel=\"noopener\">\u2705 Siga o canal do Claudio Dantas no WhatsApp<\/a><\/p>\n<p>O conflito entre eles come\u00e7ou no in\u00edcio da semana, quando <strong><a href=\"https:\/\/pt.wikipedia.org\/wiki\/Gilmar_Mendes\" target=\"_blank\" rel=\"noopener\">Gilmar<\/a><\/strong> pediu a inclus\u00e3o do pr\u00e9-candidato \u00e0 Presid\u00eancia no inqu\u00e9rito das fake news. A medida foi motivada por um v\u00eddeo publicado pelo ex-governador nas redes sociais no m\u00eas passado, que retrata o decano e Dias Toffoli como fantoches.<\/p>\n<p>Na grava\u00e7\u00e3o, os bonecos simulam di\u00e1logos. Em um trecho, o fantoche que representa Dias Toffoli pede a suspens\u00e3o de uma decis\u00e3o da CPI do Crime Organizado. Em seguida, o personagem atribu\u00eddo a Gilmar revoga a medida e menciona \u201cs\u00f3 uma cortesia l\u00e1 do teu resort que t\u00e1 pago. T\u00f4 a fim de dar uma jogadinha essa semana\u201d, em refer\u00eancia ao Tayay\u00e1.<\/p>\n<p>O empreendimento era ligado a Toffoli e foi adquirido por um fundo ligado a Daniel Vorcaro, dono do Banco Master, atualmente preso e em negocia\u00e7\u00e3o de dela\u00e7\u00e3o com a Pol\u00edcia Federal (PF) e a Procuradoria-Geral da Rep\u00fablica (PGR).<\/p>\n<p>Para o diretor de rela\u00e7\u00f5es governamentais do Ranking dos Pol\u00edticos, Gabriel Jubran, o decano da Corte atua \u201ccomo se estivesse do outro lado da pra\u00e7a dos Tr\u00eas Poderes\u201d, \u201cfazendo pol\u00edtica\u201d. Segundo ele, ministros do STF \u201cprecisam ser institucionais\u201d, j\u00e1 que \u201ctem a palavra final sobre diversos debates, cada vez mais debates da pauta pol\u00edtica do Brasil\u201d.<\/p>\n<p>Jubran criticou que a Corte nos \u00faltimos tempos tem agido \u201cpoliticamente\u201d. \u201cA gente tem uma inst\u00e2ncia do Judici\u00e1rio, sobre a qual n\u00e3o h\u00e1 recurso, decidindo temas que caberiam ao Executivo e ao Legislativo\u201d, criticou.<\/p>\n<p>De acordo com ele, quando existe uma \u201crea\u00e7\u00e3o leg\u00edtima\u201d de pessoas como Zema, os ministros do Supremo come\u00e7am a \u201crelativizar\u201d a \u201catua\u00e7\u00e3o pol\u00edtica\u201d dessas figuras, \u201cdizendo que aquilo \u00e9 crime, que a s\u00e1tira tem limite, que o humor vale s\u00f3 se for para os outros Poderes\u201d.<\/p>\n<p>\u201cAgora o Supremo Tribunal Federal quer s\u00f3 o b\u00f4nus de poder atuar politicamente sem o \u00f4nus da cr\u00edtica p\u00fablica\u201d, afirmou Jubran, destacando que \u201cisso \u00e9 um completo desequil\u00edbrio\u201d.<\/p>\n<p>\u201cO ministro do Supremo Tribunal Federal, que faz parte da vida p\u00fablica, faz parte da vida institucional, quer tamb\u00e9m atuar politicamente, mas n\u00e3o quer ter o \u00f4nus do que significa atuar politicamente, da cr\u00edtica dos seus advers\u00e1rios que vai acumulando no meio do caminho\u201d.<\/p>\n<p>\u201cQue Zema saiba que ele est\u00e1 no caminho correto, que a popula\u00e7\u00e3o que cobra esse tipo de questionamento para os ministros do Supremo o apoia e que a decis\u00e3o que ele tomar pela continuidade dos intoc\u00e1veis, dessa s\u00e9rie de s\u00e1tira, ou ent\u00e3o por embates mais duros, ele esteve l\u00e1 no Congresso essa semana, pedindo impeachment formal do ministro Gilmar\u201d, continuou Jubran. <\/p>\n<p>\u201cSaiba que tudo isso tem justificativas, Zema, institucional e jur\u00eddica, para voc\u00ea seguir por esse caminho\u201d, finalizou o diretor de rela\u00e7\u00f5es governamentais do Ranking dos Pol\u00edticos.<\/p>\n<div class=\"wp-block-image\">\n<figure class=\"aligncenter size-full is-resized\"><figcaption class=\"wp-element-caption\"><strong>Foto: Reprodu\u00e7\u00e3o\/YouTube @ClaudioDantasOficial<\/strong><\/figcaption><\/figure>\n<\/div>\n<h3 class=\"wp-block-heading\"><strong>ASSISTA AO PROGRAMA DE HOJE:<\/strong><\/h3>\n<figure class=\"wp-block-embed aligncenter is-type-video is-provider-youtube wp-block-embed-youtube wp-embed-aspect-16-9 wp-has-aspect-ratio\">\n<p>\n<iframe title=\"O BARRACO DE GILMAR\" width=\"1170\" height=\"658\" src=\"https:\/\/www.youtube.com\/embed\/3gwPgEyv8CA?feature=oembed\" frameborder=\"0\" allow=\"accelerometer; autoplay; clipboard-write; encrypted-media; gyroscope; picture-in-picture; web-share\" referrerpolicy=\"strict-origin-when-cross-origin\" allowfullscreen><\/iframe>\n<\/p>\n<\/figure>\n<\/div>\n<p><script type=\"3b9090139bac096fd2bf3bcb-text\/javascript\">!function(f,b,e,v,n,t,s){if(f.fbq)return;n=f.fbq=function(){n.callMethod?n.callMethod.apply(n,arguments):n.queue.push(arguments)};if(!f._fbq)f._fbq=n;n.push=n;n.loaded=!0;n.version='2.0';n.queue=[];t=b.createElement(e);t.async=!0;t.src=v;s=b.getElementsByTagName(e)[0];s.parentNode.insertBefore(t,s)}(window,document,'script','https:\/\/connect.facebook.net\/en_US\/fbevents.js');fbq('init','1423865622537930');fbq('track','PageView');<\/script><br \/>\n<br \/><br \/>\n<br \/><a href=\"https:\/\/claudiodantas.com.br\/stf-bonus-politico-sem-onus-critica-publica\/\">Source link <\/a><\/p>","protected":false},"excerpt":{"rendered":"<p>O programa ALive desta sexta-feira (24) abordou o embate entre o ex-governador de Minas Romeu Zema (Novo) e o ministro do Supremo Tribunal Federal (STF) Gilmar Mendes. O \u00faltimo desdobramento&hellip;<\/p>","protected":false},"author":1,"featured_media":132116,"comment_status":"closed","ping_status":"open","sticky":false,"template":"","format":"standard","meta":{"content-type":"","footnotes":""},"categories":[16],"tags":[],"class_list":["post-132115","post","type-post","status-publish","format-standard","has-post-thumbnail","hentry","category-noticias"],"_links":{"self":[{"href":"https:\/\/tvbrazilusa.com\/pt\/wp-json\/wp\/v2\/posts\/132115","targetHints":{"allow":["GET"]}}],"collection":[{"href":"https:\/\/tvbrazilusa.com\/pt\/wp-json\/wp\/v2\/posts"}],"about":[{"href":"https:\/\/tvbrazilusa.com\/pt\/wp-json\/wp\/v2\/types\/post"}],"author":[{"embeddable":true,"href":"https:\/\/tvbrazilusa.com\/pt\/wp-json\/wp\/v2\/users\/1"}],"replies":[{"embeddable":true,"href":"https:\/\/tvbrazilusa.com\/pt\/wp-json\/wp\/v2\/comments?post=132115"}],"version-history":[{"count":1,"href":"https:\/\/tvbrazilusa.com\/pt\/wp-json\/wp\/v2\/posts\/132115\/revisions"}],"predecessor-version":[{"id":132117,"href":"https:\/\/tvbrazilusa.com\/pt\/wp-json\/wp\/v2\/posts\/132115\/revisions\/132117"}],"wp:featuredmedia":[{"embeddable":true,"href":"https:\/\/tvbrazilusa.com\/pt\/wp-json\/wp\/v2\/media\/132116"}],"wp:attachment":[{"href":"https:\/\/tvbrazilusa.com\/pt\/wp-json\/wp\/v2\/media?parent=132115"}],"wp:term":[{"taxonomy":"category","embeddable":true,"href":"https:\/\/tvbrazilusa.com\/pt\/wp-json\/wp\/v2\/categories?post=132115"},{"taxonomy":"post_tag","embeddable":true,"href":"https:\/\/tvbrazilusa.com\/pt\/wp-json\/wp\/v2\/tags?post=132115"}],"curies":[{"name":"wp","href":"https:\/\/api.w.org\/{rel}","templated":true}]}}