{"id":132118,"date":"2025-11-21T15:21:51","date_gmt":"2025-11-21T15:21:51","guid":{"rendered":"https:\/\/tvbrazilusa.com\/2025\/11\/21\/show-da-manha-fogo-na-cop-bessias-precisa-de-ex0rcism0-padre-kelmon-exclusivo-21-11-2025\/"},"modified":"2025-11-21T15:21:51","modified_gmt":"2025-11-21T15:21:51","slug":"show-da-manha-fogo-na-cop-bessias-precisa-de-ex0rcism0-padre-kelmon-exclusivo-21-11-2025","status":"publish","type":"post","link":"https:\/\/tvbrazilusa.com\/pt\/2025\/11\/21\/show-da-manha-fogo-na-cop-bessias-precisa-de-ex0rcism0-padre-kelmon-exclusivo-21-11-2025\/","title":{"rendered":"SHOW DA MANH\u00c3 &#8211; FOGO NA COP &#8211; BESSIAS PRECISA DE EX0RCISM0 &#8211; PADRE KELMON EXCLUSIVO &#8211; 21\/11\/2025"},"content":{"rendered":"<p><iframe  width=\"580\" height=\"385\" src=\"https:\/\/www.youtube.com\/embed\/THcI7XLN15Q?modestbranding=1\" frameborder=\"0\" allowfullscreen><\/iframe><br \/>\n<br \/>Apresentado por Marco Ant\u00f4nio Costa<br \/>\nConvidados: Ver. Adrilles Jorge, Ver. D\u00e1rcio Bracarense <\/p>\n<p>Participa\u00e7\u00e3o Especial: Padre Kelmon <\/p>\n<p>INSCREVA-SE NO NOSSO CANAL! CURTA E COMPARTILHE NOSSA LIVE!<\/p>\n<p>O SHOW DA MANH\u00c3 VAI AO AR DE SEGUNDA A SEXTA, DAS 10H \u00c0S 12H.<\/p>\n<p>CONVERSE COM A VELLARY SUPLEMENTOS E ADQUIRA O \u201cARTRO PR\u00d3\u201d:  <\/p>\n<p>\ud83d\udd25 NOVIDADES NO FIO DI\u00c1RIO! Assine o plano anual com 50% OFF e tenha 12 meses de informa\u00e7\u00e3o sem censura. \ud83d\udc49 <\/p>\n<p>FA\u00c7A SUA DOA\u00c7\u00c3O PARA O FIO DI\u00c1RIO PELO PIX: contato@fiodiario.com<\/p>\n<p>\ud83d\udd25ADQUIRA J\u00c1 A SUA CAMISETA &#8220;FORA MORAES&#8221; (CUPOM \u201cFIODIARIO10\u201d PARA 10% DE DESCONTO) \ud83d\udc49 <\/p>\n<p>\ud83d\udd25BLACK FRIDAY NA LIVRARIA FIO DI\u00c1RIO! DESCONTOS DE AT\u00c9 80%! ACESSE:  <\/p>\n<p>PESQUISA A RESPEITO DA ANISTIA \u00c0S V\u00cdTIMAS DO 08 DE JANEIRO: <\/p>\n<p>IFPE BRASIL: <\/p>\n<p>SIGA NO INSTAGRAM:<br \/>\nMarco Ant\u00f4nio Costa: <\/p>\n<p>Fio Di\u00e1rio: <\/p>\n<p>SEJA UM VOLUNT\u00c1RIO E NOS AJUDE EM NOSSA LUTA PELA LIBERDADE: <\/p>\n<p>SIGA O CANAL FIO DI\u00c1RIO NO WHATSAPP: <\/p>\n<p>SIGA O CANAL FIO DI\u00c1RIO NO TELEGRAM: <\/p>\n<p>SIGA O CANAL MARCO ANT\u00d4NIO COSTA NO TELEGRAM: <\/p>\n<p>OU\u00c7A NO SPOTIFY: <\/p>\n<p>Fabiano Silva (Charges):<br \/>\nInstagram: <\/p>\n<p>(Cupom: BLACKHB20)<br \/>\n<br \/><a href=\"https:\/\/www.youtube.com\/watch?v=THcI7XLN15Q\">source<\/a><\/p>","protected":false},"excerpt":{"rendered":"<p>Apresentado por Marco Ant\u00f4nio Costa Convidados: Ver. Adrilles Jorge, Ver. D\u00e1rcio Bracarense Participa\u00e7\u00e3o Especial: Padre Kelmon INSCREVA-SE NO NOSSO CANAL! CURTA E COMPARTILHE NOSSA LIVE! O SHOW DA MANH\u00c3 VAI&hellip;<\/p>","protected":false},"author":1,"featured_media":132119,"comment_status":"","ping_status":"open","sticky":false,"template":"","format":"standard","meta":{"content-type":"","footnotes":""},"categories":[17],"tags":[32715,31033,35542,304,609,35543,557,179,2689,63],"class_list":["post-132118","post","type-post","status-publish","format-standard","has-post-thumbnail","hentry","category-programas","tag-bessias","tag-cop","tag-ex0rcism0","tag-exclusivo","tag-fogo","tag-kelmon","tag-manha","tag-padre","tag-precisa","tag-show"],"_links":{"self":[{"href":"https:\/\/tvbrazilusa.com\/pt\/wp-json\/wp\/v2\/posts\/132118","targetHints":{"allow":["GET"]}}],"collection":[{"href":"https:\/\/tvbrazilusa.com\/pt\/wp-json\/wp\/v2\/posts"}],"about":[{"href":"https:\/\/tvbrazilusa.com\/pt\/wp-json\/wp\/v2\/types\/post"}],"author":[{"embeddable":true,"href":"https:\/\/tvbrazilusa.com\/pt\/wp-json\/wp\/v2\/users\/1"}],"replies":[{"embeddable":true,"href":"https:\/\/tvbrazilusa.com\/pt\/wp-json\/wp\/v2\/comments?post=132118"}],"version-history":[{"count":0,"href":"https:\/\/tvbrazilusa.com\/pt\/wp-json\/wp\/v2\/posts\/132118\/revisions"}],"wp:featuredmedia":[{"embeddable":true,"href":"https:\/\/tvbrazilusa.com\/pt\/wp-json\/wp\/v2\/media\/132119"}],"wp:attachment":[{"href":"https:\/\/tvbrazilusa.com\/pt\/wp-json\/wp\/v2\/media?parent=132118"}],"wp:term":[{"taxonomy":"category","embeddable":true,"href":"https:\/\/tvbrazilusa.com\/pt\/wp-json\/wp\/v2\/categories?post=132118"},{"taxonomy":"post_tag","embeddable":true,"href":"https:\/\/tvbrazilusa.com\/pt\/wp-json\/wp\/v2\/tags?post=132118"}],"curies":[{"name":"wp","href":"https:\/\/api.w.org\/{rel}","templated":true}]}}