{"id":132158,"date":"2026-04-24T23:56:15","date_gmt":"2026-04-24T23:56:15","guid":{"rendered":"https:\/\/tvbrazilusa.com\/2026\/04\/24\/moraes-manda-ex-diretor-da-prf-e-mais-4-cumprirem-pena-por-suposta-tentativa-de-golpe-paulo-figueiredo\/"},"modified":"2026-04-25T00:07:48","modified_gmt":"2026-04-25T00:07:48","slug":"moraes-manda-ex-diretor-da-prf-e-mais-4-cumprirem-pena-por-suposta-tentativa-de-golpe-paulo-figueiredo","status":"publish","type":"post","link":"https:\/\/tvbrazilusa.com\/pt\/2026\/04\/24\/moraes-manda-ex-diretor-da-prf-e-mais-4-cumprirem-pena-por-suposta-tentativa-de-golpe-paulo-figueiredo\/","title":{"rendered":"Moraes manda ex-diretor da PRF e mais 4 cumprirem pena por suposta tentativa de golpe &#8211; Paulo Figueiredo"},"content":{"rendered":"<p> <script async src=\"https:\/\/pagead2.googlesyndication.com\/pagead\/js\/adsbygoogle.js?client=ca-pub-8864793242727901\"\r\n     crossorigin=\"anonymous\"><\/script><br \/>\n<\/p>\n<div id=\"wtr-content\" data-bg=\"#FFFFFF\" data-fg=\"#006d91\" data-width=\"25\" data-mute=\"1\" data-fgopacity=\"1.00\" data-mutedopacity=\"0.5\" data-placement=\"bottom\" data-placement-offset=\"0\" data-content-offset=\"262\" data-placement-touch=\"bottom\" data-placement-offset-touch=\"0\" data-transparent=\"\" data-shadow=\"0\" data-touch=\"1\" data-non-touch=\"1\" data-comments=\"0\" data-commentsbg=\"transparent\" data-location=\"page\" data-mutedfg=\"#006d91\" data-endfg=\"#006d91\" data-rtl=\"\">\n<h4 class=\"wp-block-heading\">As penas aplicadas pela Primeira Turma do STF contra Silvinei Vasques e outros quatro condenados variam de 8 anos a 26 anos e 6 meses<\/h4>\n<p>A decis\u00e3o do ministro Alexandre de Moraes, do Supremo Tribunal Federal (STF), oficializou, nesta sexta-feira (24\/4), o in\u00edcio do cumprimento das penas dos\u00a0condenados no n\u00facleo 2 da suposta trama golpista.<\/p>\n<p>Ao todo, cinco pessoas foram condenadas, com penas que variam entre 8 anos e 26 anos e seis meses. Todos\u00a0integravam o chamado grupo de gerenciamento das a\u00e7\u00f5es\u00a0de quem supostamente pretendia manter Jair Bolsonaro (PL) no poder, desconsiderando o resultado das urnas de 2022.<\/p>\n<p>A a\u00e7\u00e3o transitou em julgado, quando n\u00e3o cabe mais recurso, e Moraes determinou o cumprimento das penas. Todos os integrantes do grupo j\u00e1 estavam presos preventivamente.<\/p>\n<p>Silvinei Vasques, ex-diretor da Pol\u00edcia Rodovi\u00e1ria Federal (PRF),\u00a0est\u00e1 no Complexo Penitenci\u00e1rio da Papuda, enquanto o coronel Marcelo C\u00e2mara est\u00e1 detido no Batalh\u00e3o do Ex\u00e9rcito, em Bras\u00edlia.<\/p>\n<p>M\u00e1rio Fernandes, general da reserva do Ex\u00e9rcito, est\u00e1 no\u00a0Comando Militar do Planalto (CMP), e Filipe Martins est\u00e1 preso na\u00a0Cadeia P\u00fablica de Ponta Grossa, no Paran\u00e1.<\/p>\n<p>As pris\u00f5es ocorreram ap\u00f3s Silvinei tentar fugir do Brasil pelo Paraguai, em dezembro do ano passado.<\/p>\n<h4 class=\"wp-block-heading\">Fazem parte do N\u00facleo 2:<\/h4>\n<ul class=\"wp-block-list\">\n<li><strong>M\u00e1rio Fernandes (general da reserva do Ex\u00e9rcito)<\/strong>: pena de 26 anos e 6 meses, sendo 24 anos em regime fechado e 2 anos e seis meses em deten\u00e7\u00e3o, al\u00e9m de 120 dias-multa.<\/li>\n<li><strong>Silvinei Vasques (ex-diretor-geral da Pol\u00edcia Rodovi\u00e1ria Federal)<\/strong>: pena de 24 anos e 6 meses, sendo 22 anos de reclus\u00e3o e 2 anos e seis meses em deten\u00e7\u00e3o, al\u00e9m de 120 dias-multa.<\/li>\n<li><strong>Marcelo Costa C\u00e2mara<\/strong>\u00a0<strong>(coronel da reserva do Ex\u00e9rcito e ex-assessor da Presid\u00eancia)<\/strong>: pena de 21 anos, sendo 18 anos e seis meses de reclus\u00e3o e 2 anos e seis meses em deten\u00e7\u00e3o, al\u00e9m de 120 dias-multa.<\/li>\n<li><strong>Filipe Garcia Martins Pereira (ex-assessor internacional da Presid\u00eancia da Rep\u00fablica)<\/strong>: pena de 21 anos, sendo 18 anos e seis meses de reclus\u00e3o e 2 anos e seis meses em deten\u00e7\u00e3o, al\u00e9m de 120 dias-multa.<\/li>\n<li><strong>Mar\u00edlia Ferreira de Alencar (delegada e ex-diretora de Intelig\u00eancia da Pol\u00edcia Federal)<\/strong>: pena de 8 anos e 6 meses de reclus\u00e3o, inicialmente em regime fechado, al\u00e9m de 40 dias-multa.<\/li>\n<li>Fernando de Sousa Oliveira (delegado da Pol\u00edcia Federal):\u00a0<strong>absolvido.<\/strong><\/li>\n<\/ul>\n<p>Mar\u00edlia Ferreira, conforme publicou a coluna,\u00a0estava em domiciliar e foi mantida. A Pol\u00edcia Federal foi at\u00e9 \u00e0 casa da delegada para cumprir mandado de busca e apreens\u00e3o e cumprimento de pris\u00e3o.<\/p>\n<p>A ordem foi expedida por Moraes ap\u00f3s a rejei\u00e7\u00e3o dos embargos de declara\u00e7\u00e3o da defesa.\u00a0A delegada foi condenada a 8 anos e 6 meses de pris\u00e3o, em regime inicialmente fechado.<\/p>\n<p>Apesar da decis\u00e3o, Moraes ressaltou que a delegada ficar\u00e1, inicialmente, em pris\u00e3o domiciliar pelo prazo de 90 dias. Os investigadores da PF apreenderam dois passaportes e a carteira funcional dela na corpora\u00e7\u00e3o.<\/p>\n<p>A diferen\u00e7a agora, entretanto, \u00e9 que a delegada passar\u00e1 a cumprir a pena, e n\u00e3o mais uma medida restritiva. O julgamento contou com quatro ministros: Alexandre de Moraes (relator), Fl\u00e1vio Dino (presidente da Primeira Turma), C\u00e1rmen L\u00facia e Cristiano Zanin.<\/p>\n<p><strong><a href=\"https:\/\/www.metropoles.com\/colunas\/manoela-alcantara\/moraes-manda-ex-diretor-da-prf-mais-4-cumprirem-pena-por-trama-golpista\">Cr\u00e9dito Metr\u00f3poles<\/a><\/strong><\/p>\n<\/div>\n<p><br \/>\n<br \/><a href=\"https:\/\/paulofigueiredoshow.com\/moraes-manda-ex-diretor-da-prf-e-mais-4-cumprirem-pena-por-suposta-tentativa-de-golpe\/\">Source link <\/a><\/p>","protected":false},"excerpt":{"rendered":"<p>As penas aplicadas pela Primeira Turma do STF contra Silvinei Vasques e outros quatro condenados variam de 8 anos a 26 anos e 6 meses A decis\u00e3o do ministro Alexandre&hellip;<\/p>","protected":false},"author":1,"featured_media":128949,"comment_status":"closed","ping_status":"open","sticky":false,"template":"","format":"standard","meta":{"content-type":"","footnotes":""},"categories":[16],"tags":[],"class_list":["post-132158","post","type-post","status-publish","format-standard","has-post-thumbnail","hentry","category-noticias"],"_links":{"self":[{"href":"https:\/\/tvbrazilusa.com\/pt\/wp-json\/wp\/v2\/posts\/132158","targetHints":{"allow":["GET"]}}],"collection":[{"href":"https:\/\/tvbrazilusa.com\/pt\/wp-json\/wp\/v2\/posts"}],"about":[{"href":"https:\/\/tvbrazilusa.com\/pt\/wp-json\/wp\/v2\/types\/post"}],"author":[{"embeddable":true,"href":"https:\/\/tvbrazilusa.com\/pt\/wp-json\/wp\/v2\/users\/1"}],"replies":[{"embeddable":true,"href":"https:\/\/tvbrazilusa.com\/pt\/wp-json\/wp\/v2\/comments?post=132158"}],"version-history":[{"count":1,"href":"https:\/\/tvbrazilusa.com\/pt\/wp-json\/wp\/v2\/posts\/132158\/revisions"}],"predecessor-version":[{"id":132159,"href":"https:\/\/tvbrazilusa.com\/pt\/wp-json\/wp\/v2\/posts\/132158\/revisions\/132159"}],"wp:featuredmedia":[{"embeddable":true,"href":"https:\/\/tvbrazilusa.com\/pt\/wp-json\/wp\/v2\/media\/128949"}],"wp:attachment":[{"href":"https:\/\/tvbrazilusa.com\/pt\/wp-json\/wp\/v2\/media?parent=132158"}],"wp:term":[{"taxonomy":"category","embeddable":true,"href":"https:\/\/tvbrazilusa.com\/pt\/wp-json\/wp\/v2\/categories?post=132158"},{"taxonomy":"post_tag","embeddable":true,"href":"https:\/\/tvbrazilusa.com\/pt\/wp-json\/wp\/v2\/tags?post=132158"}],"curies":[{"name":"wp","href":"https:\/\/api.w.org\/{rel}","templated":true}]}}