{"id":132160,"date":"2026-04-24T23:54:12","date_gmt":"2026-04-24T23:54:12","guid":{"rendered":"https:\/\/tvbrazilusa.com\/2026\/04\/24\/gilmar-e-ator-politico-e-presta-desservico-diz-vieira-paulo-figueiredo\/"},"modified":"2026-04-25T00:13:34","modified_gmt":"2026-04-25T00:13:34","slug":"gilmar-e-ator-politico-e-presta-desservico-diz-vieira-paulo-figueiredo","status":"publish","type":"post","link":"https:\/\/tvbrazilusa.com\/pt\/2026\/04\/24\/gilmar-e-ator-politico-e-presta-desservico-diz-vieira-paulo-figueiredo\/","title":{"rendered":"Gilmar \u00e9 \u201cator pol\u00edtico\u201d e presta \u201cdesservi\u00e7o\u201d, diz Vieira &#8211; Paulo Figueiredo"},"content":{"rendered":"<p> <script async src=\"https:\/\/pagead2.googlesyndication.com\/pagead\/js\/adsbygoogle.js?client=ca-pub-8864793242727901\"\r\n     crossorigin=\"anonymous\"><\/script><br \/>\n<\/p>\n<div id=\"wtr-content\" data-bg=\"#FFFFFF\" data-fg=\"#006d91\" data-width=\"25\" data-mute=\"1\" data-fgopacity=\"1.00\" data-mutedopacity=\"0.5\" data-placement=\"bottom\" data-placement-offset=\"0\" data-content-offset=\"262\" data-placement-touch=\"bottom\" data-placement-offset-touch=\"0\" data-transparent=\"\" data-shadow=\"0\" data-touch=\"1\" data-non-touch=\"1\" data-comments=\"0\" data-commentsbg=\"transparent\" data-location=\"page\" data-mutedfg=\"#006d91\" data-endfg=\"#006d91\" data-rtl=\"\">\n<h4 class=\"wp-block-heading\">Senador rebateu fala do ministro do STF sobre suposto financiamento do crime organizado ao congressista<\/h4>\n<p>O ministro do STF (Supremo Tribunal Federal) Gilmar Mendes foi classificado como um\u00a0<em>\u201cator pol\u00edtico\u201d<\/em>\u00a0que presta\u00a0<em>\u201cdesservi\u00e7o\u201d<\/em>\u00a0\u00e0 Justi\u00e7a brasileira, segundo o senador\u00a0Alessandro Vieira\u00a0(MDB-AL) nesta sexta-feira. A declara\u00e7\u00e3o do congressista \u00e9 uma rea\u00e7\u00e3o direta \u00e0 fala do magistrado, que sugeriu que o senador poderia estar sendo financiado pelo crime organizado devido ao teor do relat\u00f3rio final da CPI do Crime Organizado.<\/p>\n<p>Em entrevista \u00e0\u00a0<em>CNN Brasil<\/em>, Vieira afirmou que o comportamento de Mendes \u00e9 incompat\u00edvel com o cargo de magistrado, assemelhando-se ao de um pr\u00e9-candidato em campanha devido ao alto volume de entrevistas e embates p\u00fablicos.\u00a0<\/p>\n<p>O senador justificou a inclus\u00e3o de nomes de ministros no relat\u00f3rio da CPI, alegando que, durante as investiga\u00e7\u00f5es sobre fac\u00e7\u00f5es violentas, o colegiado encontrou ind\u00edcios de condutas at\u00edpicas em inst\u00e2ncias superiores que n\u00e3o poderiam ser ignoradas, refor\u00e7ando que\u00a0<em>\u201cningu\u00e9m est\u00e1 acima da lei\u201d<\/em>.<\/p>\n<h4 class=\"wp-block-heading\"><strong>CONFLITO GILMAR MENDES E VIEIRA\u00a0<\/strong><\/h4>\n<p>A escalada verbal come\u00e7ou depois de Gilmar Mendes chamar o relat\u00f3rio da CPI de\u00a0<em>\u201cesquizofr\u00eanico\u201d<\/em>. O ministro criticou o fato de o documento, em sua vis\u00e3o, dedicar pouco espa\u00e7o ao combate direto \u00e0s fac\u00e7\u00f5es criminosas para focar em membros da Suprema Corte. Gilmar questionou se o trabalho do congresso estaria servindo a interesses eleitorais ou se sofreria influ\u00eancia financeira de grupos il\u00edcitos.<\/p>\n<p>Vieira rebateu as insinua\u00e7\u00f5es apontando que n\u00e3o responde a acusa\u00e7\u00f5es criminais, ao contr\u00e1rio do ministro, e mencionou que a rea\u00e7\u00e3o agressiva de Gilmar revela\u00a0<em>\u201carrog\u00e2ncia\u201d<\/em>\u00a0e uma suposta certeza de\u00a0<em>\u201cimpunidade\u201d<\/em>.\u00a0<\/p>\n<p>O senador associou o mal-estar \u00e0s investiga\u00e7\u00f5es que envolvem o Banco Master, citadas no relat\u00f3rio como parte do ecossistema de lavagem de dinheiro e corrup\u00e7\u00e3o que permite a sobreviv\u00eancia das organiza\u00e7\u00f5es criminosas no pa\u00eds.<\/p>\n<p>Ao defender o trabalho da comiss\u00e3o, o senador declarou que a elite brasileira reage com agressividade quando o combate ao crime deixa de focar apenas na periferia e passa a investigar o chamado crime de colarinho branco. Segundo Vieira, o relat\u00f3rio final da CPI materializou a conex\u00e3o entre fac\u00e7\u00f5es e a infiltra\u00e7\u00e3o no Estado, o que, em sua an\u00e1lise, explica a resist\u00eancia e as ofensas proferidas por integrantes da c\u00fapula do Judici\u00e1rio.<\/p>\n<p><strong><a href=\"https:\/\/www.poder360.com.br\/poder-justica\/gilmar-e-ator-politico-e-presta-desservico-diz-vieira\/\">Cr\u00e9dito Poder360<\/a><\/strong><\/p>\n<\/div>\n<p><br \/>\n<br \/><a href=\"https:\/\/paulofigueiredoshow.com\/gilmar-e-ator-politico-e-presta-desservico-diz-vieira\/\">Source link <\/a><\/p>","protected":false},"excerpt":{"rendered":"<p>Senador rebateu fala do ministro do STF sobre suposto financiamento do crime organizado ao congressista O ministro do STF (Supremo Tribunal Federal) Gilmar Mendes foi classificado como um\u00a0\u201cator pol\u00edtico\u201d\u00a0que presta\u00a0\u201cdesservi\u00e7o\u201d\u00a0\u00e0&hellip;<\/p>","protected":false},"author":1,"featured_media":132161,"comment_status":"closed","ping_status":"open","sticky":false,"template":"","format":"standard","meta":{"content-type":"","footnotes":""},"categories":[16],"tags":[],"class_list":["post-132160","post","type-post","status-publish","format-standard","has-post-thumbnail","hentry","category-noticias"],"_links":{"self":[{"href":"https:\/\/tvbrazilusa.com\/pt\/wp-json\/wp\/v2\/posts\/132160","targetHints":{"allow":["GET"]}}],"collection":[{"href":"https:\/\/tvbrazilusa.com\/pt\/wp-json\/wp\/v2\/posts"}],"about":[{"href":"https:\/\/tvbrazilusa.com\/pt\/wp-json\/wp\/v2\/types\/post"}],"author":[{"embeddable":true,"href":"https:\/\/tvbrazilusa.com\/pt\/wp-json\/wp\/v2\/users\/1"}],"replies":[{"embeddable":true,"href":"https:\/\/tvbrazilusa.com\/pt\/wp-json\/wp\/v2\/comments?post=132160"}],"version-history":[{"count":1,"href":"https:\/\/tvbrazilusa.com\/pt\/wp-json\/wp\/v2\/posts\/132160\/revisions"}],"predecessor-version":[{"id":132162,"href":"https:\/\/tvbrazilusa.com\/pt\/wp-json\/wp\/v2\/posts\/132160\/revisions\/132162"}],"wp:featuredmedia":[{"embeddable":true,"href":"https:\/\/tvbrazilusa.com\/pt\/wp-json\/wp\/v2\/media\/132161"}],"wp:attachment":[{"href":"https:\/\/tvbrazilusa.com\/pt\/wp-json\/wp\/v2\/media?parent=132160"}],"wp:term":[{"taxonomy":"category","embeddable":true,"href":"https:\/\/tvbrazilusa.com\/pt\/wp-json\/wp\/v2\/categories?post=132160"},{"taxonomy":"post_tag","embeddable":true,"href":"https:\/\/tvbrazilusa.com\/pt\/wp-json\/wp\/v2\/tags?post=132160"}],"curies":[{"name":"wp","href":"https:\/\/api.w.org\/{rel}","templated":true}]}}