{"id":132167,"date":"2025-11-20T01:36:46","date_gmt":"2025-11-20T01:36:46","guid":{"rendered":"https:\/\/tvbrazilusa.com\/2025\/11\/20\/a-prisao-dos-generais-imprensa-petista-prepara-espetaculo-18-11\/"},"modified":"2025-11-20T01:36:46","modified_gmt":"2025-11-20T01:36:46","slug":"a-prisao-dos-generais-imprensa-petista-prepara-espetaculo-18-11","status":"publish","type":"post","link":"https:\/\/tvbrazilusa.com\/pt\/2025\/11\/20\/a-prisao-dos-generais-imprensa-petista-prepara-espetaculo-18-11\/","title":{"rendered":"A PRIS\u00c3O DOS GENERAIS  \/ IMPRENSA PETISTA PREPARA ESPET\u00c1CULO- 18\/11"},"content":{"rendered":"<p><iframe  width=\"580\" height=\"385\" src=\"https:\/\/www.youtube.com\/embed\/3Lif1SGnjIE?modestbranding=1\" frameborder=\"0\" allowfullscreen><\/iframe><br \/>\n<br \/>O Bom Dia, JCO recebe o vereador Darcio Bracarense e a jornalista Carina Belom\u00e9. Apresenta\u00e7\u00e3o de Camila Abdo<br \/>\n<br \/><a href=\"https:\/\/www.youtube.com\/watch?v=3Lif1SGnjIE\">source<\/a><\/p>","protected":false},"excerpt":{"rendered":"<p>O Bom Dia, JCO recebe o vereador Darcio Bracarense e a jornalista Carina Belom\u00e9. Apresenta\u00e7\u00e3o de Camila Abdo source<\/p>","protected":false},"author":1,"featured_media":132168,"comment_status":"","ping_status":"open","sticky":false,"template":"","format":"standard","meta":{"content-type":"","footnotes":""},"categories":[17],"tags":[220,33391,34647,976,1036,4117,701],"class_list":["post-132167","post","type-post","status-publish","format-standard","has-post-thumbnail","hentry","category-programas","tag-dos","tag-espetaculo","tag-generais","tag-imprensa","tag-petista","tag-prepara","tag-prisao"],"_links":{"self":[{"href":"https:\/\/tvbrazilusa.com\/pt\/wp-json\/wp\/v2\/posts\/132167","targetHints":{"allow":["GET"]}}],"collection":[{"href":"https:\/\/tvbrazilusa.com\/pt\/wp-json\/wp\/v2\/posts"}],"about":[{"href":"https:\/\/tvbrazilusa.com\/pt\/wp-json\/wp\/v2\/types\/post"}],"author":[{"embeddable":true,"href":"https:\/\/tvbrazilusa.com\/pt\/wp-json\/wp\/v2\/users\/1"}],"replies":[{"embeddable":true,"href":"https:\/\/tvbrazilusa.com\/pt\/wp-json\/wp\/v2\/comments?post=132167"}],"version-history":[{"count":0,"href":"https:\/\/tvbrazilusa.com\/pt\/wp-json\/wp\/v2\/posts\/132167\/revisions"}],"wp:featuredmedia":[{"embeddable":true,"href":"https:\/\/tvbrazilusa.com\/pt\/wp-json\/wp\/v2\/media\/132168"}],"wp:attachment":[{"href":"https:\/\/tvbrazilusa.com\/pt\/wp-json\/wp\/v2\/media?parent=132167"}],"wp:term":[{"taxonomy":"category","embeddable":true,"href":"https:\/\/tvbrazilusa.com\/pt\/wp-json\/wp\/v2\/categories?post=132167"},{"taxonomy":"post_tag","embeddable":true,"href":"https:\/\/tvbrazilusa.com\/pt\/wp-json\/wp\/v2\/tags?post=132167"}],"curies":[{"name":"wp","href":"https:\/\/api.w.org\/{rel}","templated":true}]}}