{"id":132283,"date":"2025-11-14T01:25:46","date_gmt":"2025-11-14T01:25:46","guid":{"rendered":"https:\/\/tvbrazilusa.com\/2025\/11\/14\/mendonca-da-dez-dias-para-lula-articulacao-para-salvar-pcc-e-cv-13-11\/"},"modified":"2025-11-14T01:25:46","modified_gmt":"2025-11-14T01:25:46","slug":"mendonca-da-dez-dias-para-lula-articulacao-para-salvar-pcc-e-cv-13-11","status":"publish","type":"post","link":"https:\/\/tvbrazilusa.com\/pt\/2025\/11\/14\/mendonca-da-dez-dias-para-lula-articulacao-para-salvar-pcc-e-cv-13-11\/","title":{"rendered":"MENDON\u00c7A D\u00c1 DEZ DIAS PARA LULA \/ ARTICULA\u00c7\u00c3O PARA SALVAR PCC E CV? &#8211; 13\/11"},"content":{"rendered":"<p><iframe  width=\"580\" height=\"385\" src=\"https:\/\/www.youtube.com\/embed\/YINu_N-13hs?modestbranding=1\" frameborder=\"0\" allowfullscreen><\/iframe><br \/>\n<br \/>O Bom dia, JCO recebe a vereadora Fernanda Barth e a psic\u00f3loga Bianca Weisberg. Apresenta\u00e7\u00e3o de Camila Abdo<br \/>\n<br \/><a href=\"https:\/\/www.youtube.com\/watch?v=YINu_N-13hs\">source<\/a><\/p>","protected":false},"excerpt":{"rendered":"<p>O Bom dia, JCO recebe a vereadora Fernanda Barth e a psic\u00f3loga Bianca Weisberg. Apresenta\u00e7\u00e3o de Camila Abdo source<\/p>","protected":false},"author":1,"featured_media":132284,"comment_status":"","ping_status":"open","sticky":false,"template":"","format":"standard","meta":{"content-type":"","footnotes":""},"categories":[17],"tags":[35591,442,205,4137,89,4228,170,5014,528],"class_list":["post-132283","post","type-post","status-publish","format-standard","has-post-thumbnail","hentry","category-programas","tag-articulacao","tag-da","tag-dez","tag-dias","tag-lula","tag-mendonca","tag-para","tag-pcc","tag-salvar"],"_links":{"self":[{"href":"https:\/\/tvbrazilusa.com\/pt\/wp-json\/wp\/v2\/posts\/132283","targetHints":{"allow":["GET"]}}],"collection":[{"href":"https:\/\/tvbrazilusa.com\/pt\/wp-json\/wp\/v2\/posts"}],"about":[{"href":"https:\/\/tvbrazilusa.com\/pt\/wp-json\/wp\/v2\/types\/post"}],"author":[{"embeddable":true,"href":"https:\/\/tvbrazilusa.com\/pt\/wp-json\/wp\/v2\/users\/1"}],"replies":[{"embeddable":true,"href":"https:\/\/tvbrazilusa.com\/pt\/wp-json\/wp\/v2\/comments?post=132283"}],"version-history":[{"count":0,"href":"https:\/\/tvbrazilusa.com\/pt\/wp-json\/wp\/v2\/posts\/132283\/revisions"}],"wp:featuredmedia":[{"embeddable":true,"href":"https:\/\/tvbrazilusa.com\/pt\/wp-json\/wp\/v2\/media\/132284"}],"wp:attachment":[{"href":"https:\/\/tvbrazilusa.com\/pt\/wp-json\/wp\/v2\/media?parent=132283"}],"wp:term":[{"taxonomy":"category","embeddable":true,"href":"https:\/\/tvbrazilusa.com\/pt\/wp-json\/wp\/v2\/categories?post=132283"},{"taxonomy":"post_tag","embeddable":true,"href":"https:\/\/tvbrazilusa.com\/pt\/wp-json\/wp\/v2\/tags?post=132283"}],"curies":[{"name":"wp","href":"https:\/\/api.w.org\/{rel}","templated":true}]}}