{"id":132311,"date":"2025-11-13T01:14:17","date_gmt":"2025-11-13T01:14:17","guid":{"rendered":"https:\/\/tvbrazilusa.com\/2025\/11\/13\/bolsonaro-100-dias-preso-bukele-contra-o-crime-no-brasil\/"},"modified":"2025-11-13T01:14:17","modified_gmt":"2025-11-13T01:14:17","slug":"bolsonaro-100-dias-preso-bukele-contra-o-crime-no-brasil","status":"publish","type":"post","link":"https:\/\/tvbrazilusa.com\/pt\/2025\/11\/13\/bolsonaro-100-dias-preso-bukele-contra-o-crime-no-brasil\/","title":{"rendered":"BOLSONARO 100 DIAS PRESO \/ BUKELE CONTRA O CRIME NO BRASIL?"},"content":{"rendered":"<p><iframe  width=\"580\" height=\"385\" src=\"https:\/\/www.youtube.com\/embed\/AozL0RDGH6E?modestbranding=1\" frameborder=\"0\" allowfullscreen><\/iframe><br \/>\n<br \/>O Bom Dia, JCO recebe a jornalista Carina Belom\u00e9 e o advogado Enio Viterbo. Apresenta\u00e7\u00e3o de Camila Abdo<br \/>\n<br \/><a href=\"https:\/\/www.youtube.com\/watch?v=AozL0RDGH6E\">source<\/a><\/p>","protected":false},"excerpt":{"rendered":"<p>O Bom Dia, JCO recebe a jornalista Carina Belom\u00e9 e o advogado Enio Viterbo. Apresenta\u00e7\u00e3o de Camila Abdo source<\/p>","protected":false},"author":1,"featured_media":132312,"comment_status":"","ping_status":"open","sticky":false,"template":"","format":"standard","meta":{"content-type":"","footnotes":""},"categories":[17],"tags":[136,123,17895,94,2246,4137,1475],"class_list":["post-132311","post","type-post","status-publish","format-standard","has-post-thumbnail","hentry","category-programas","tag-bolsonaro","tag-brasil","tag-bukele","tag-contra","tag-crime","tag-dias","tag-preso"],"_links":{"self":[{"href":"https:\/\/tvbrazilusa.com\/pt\/wp-json\/wp\/v2\/posts\/132311","targetHints":{"allow":["GET"]}}],"collection":[{"href":"https:\/\/tvbrazilusa.com\/pt\/wp-json\/wp\/v2\/posts"}],"about":[{"href":"https:\/\/tvbrazilusa.com\/pt\/wp-json\/wp\/v2\/types\/post"}],"author":[{"embeddable":true,"href":"https:\/\/tvbrazilusa.com\/pt\/wp-json\/wp\/v2\/users\/1"}],"replies":[{"embeddable":true,"href":"https:\/\/tvbrazilusa.com\/pt\/wp-json\/wp\/v2\/comments?post=132311"}],"version-history":[{"count":0,"href":"https:\/\/tvbrazilusa.com\/pt\/wp-json\/wp\/v2\/posts\/132311\/revisions"}],"wp:featuredmedia":[{"embeddable":true,"href":"https:\/\/tvbrazilusa.com\/pt\/wp-json\/wp\/v2\/media\/132312"}],"wp:attachment":[{"href":"https:\/\/tvbrazilusa.com\/pt\/wp-json\/wp\/v2\/media?parent=132311"}],"wp:term":[{"taxonomy":"category","embeddable":true,"href":"https:\/\/tvbrazilusa.com\/pt\/wp-json\/wp\/v2\/categories?post=132311"},{"taxonomy":"post_tag","embeddable":true,"href":"https:\/\/tvbrazilusa.com\/pt\/wp-json\/wp\/v2\/tags?post=132311"}],"curies":[{"name":"wp","href":"https:\/\/api.w.org\/{rel}","templated":true}]}}