{"id":132339,"date":"2026-04-25T16:30:13","date_gmt":"2026-04-25T16:30:13","guid":{"rendered":"https:\/\/tvbrazilusa.com\/2026\/04\/25\/gilmar-elogia-escritorio-de-viviane-barci-paulo-figueiredo\/"},"modified":"2026-04-25T16:30:38","modified_gmt":"2026-04-25T16:30:38","slug":"gilmar-elogia-escritorio-de-viviane-barci-paulo-figueiredo","status":"publish","type":"post","link":"https:\/\/tvbrazilusa.com\/pt\/2026\/04\/25\/gilmar-elogia-escritorio-de-viviane-barci-paulo-figueiredo\/","title":{"rendered":"Gilmar elogia escrit\u00f3rio de Viviane Barci &#8211; Paulo Figueiredo"},"content":{"rendered":"<p> <script async src=\"https:\/\/pagead2.googlesyndication.com\/pagead\/js\/adsbygoogle.js?client=ca-pub-8864793242727901\"\r\n     crossorigin=\"anonymous\"><\/script><br \/>\n<\/p>\n<div id=\"wtr-content\" data-bg=\"#FFFFFF\" data-fg=\"#006d91\" data-width=\"25\" data-mute=\"1\" data-fgopacity=\"1.00\" data-mutedopacity=\"0.5\" data-placement=\"bottom\" data-placement-offset=\"0\" data-content-offset=\"262\" data-placement-touch=\"bottom\" data-placement-offset-touch=\"0\" data-transparent=\"\" data-shadow=\"0\" data-touch=\"1\" data-non-touch=\"1\" data-comments=\"0\" data-commentsbg=\"transparent\" data-location=\"page\" data-mutedfg=\"#006d91\" data-endfg=\"#006d91\" data-rtl=\"\">\n<h4 class=\"wp-block-heading\">O decano do STF classificou a banca da mulher do ministro Alexandre de Moraes como \u2018antiga\u2019 e \u2018renomada\u2019<\/h4>\n<p>O ministro do\u00a0Supremo Tribunal Federal (STF)\u00a0Gilmar Mendes afirmou, nesta sexta-feira, 24, em entrevista \u00e0 emissora CNN Brasil, que o escrit\u00f3rio da advogada Viviane Barci, mulher do ministro Alexandre de Moraes, \u00e9 \u201cantigo\u201d e \u201crenomado\u201d.<\/p>\n<p>O decano foi interpelado sobre contratos firmados entre a banca e o\u00a0Banco Master, de\u00a0Daniel Vorcaro. Ele afirmou n\u00e3o ter condi\u00e7\u00f5es t\u00e9cnicas para comentar valores de honor\u00e1rios advocat\u00edcios, mas fez elogios ao escrit\u00f3rio.<\/p>\n<blockquote class=\"wp-block-quote is-layout-flow wp-block-quote-is-layout-flow\">\n<p>\u201cO escrit\u00f3rio da Viviane, ao qual tamb\u00e9m foi vinculado Alexandre de Moraes, \u00e9 um escrit\u00f3rio j\u00e1 antigo e muito renomado\u201d, disse Gilmar. \u201cN\u00e3o tenho procura\u00e7\u00e3o nem qualifica\u00e7\u00e3o para ficar avaliando valores de honor\u00e1rios. Como sabem, eu advoguei, mas fui advogado p\u00fablico.\u201d<\/p>\n<\/blockquote>\n<h4 class=\"wp-block-heading\">Escrit\u00f3rio atuou em reestrutura\u00e7\u00e3o de banco investigado<\/h4>\n<p>O escrit\u00f3rio de Viviane Barci teria mantido contratos de ao menos R$ 129 milh\u00f5es com o Master, institui\u00e7\u00e3o que o\u00a0Banco Central\u00a0liquidou em novembro do ano passado.<\/p>\n<p>A banca atuou na reestrutura\u00e7\u00e3o do c\u00f3digo de \u00e9tica da institui\u00e7\u00e3o e\u00a0recebeu valores que chegam a R$ 80 milh\u00f5es, montante dez vezes maior do que o pago a outros escrit\u00f3rios envolvidas na defesa do banco.<\/p>\n<h4 class=\"wp-block-heading\" id=\"h-gilmar-mendes-na-midia\">Gilmar Mendes na m\u00eddia<\/h4>\n<p>Na \u00faltima, Gilmar Mendes concedeu entrevistas a diferentes ve\u00edculos de comunica\u00e7\u00e3o. O ministro defendeu a atua\u00e7\u00e3o do STF e comentou investiga\u00e7\u00f5es em curso no pa\u00eds.<\/p>\n<p>O decano da Corte tamb\u00e9m se envolveu em uma disputa p\u00fablica com o ex-governador de Minas Gerais e pr\u00e9-candidato \u00e0 Presid\u00eancia, Romeu Zema (Novo).<\/p>\n<p>Na ocasi\u00e3o,\u00a0Gilmar apresentou not\u00edcia-crime contra o pol\u00edtico, criticou declara\u00e7\u00f5es feitas por ele em rela\u00e7\u00e3o ao Supremo Tribunal Federal e pediu \u00e0 Procuradoria-Geral da Rep\u00fablica que inclua Zema no inqu\u00e9rito das Fake News.<\/p>\n<p><strong><a href=\"https:\/\/revistaoeste.com\/politica\/gilmar-elogia-escritorio-de-viviane-barci\/\">Cr\u00e9dito Revista Oeste <\/a><\/strong><\/p>\n<\/div>\n<p><br \/>\n<br \/><a href=\"https:\/\/paulofigueiredoshow.com\/gilmar-elogia-escritorio-de-viviane-barci\/\">Source link <\/a><\/p>","protected":false},"excerpt":{"rendered":"<p>O decano do STF classificou a banca da mulher do ministro Alexandre de Moraes como \u2018antiga\u2019 e \u2018renomada\u2019 O ministro do\u00a0Supremo Tribunal Federal (STF)\u00a0Gilmar Mendes afirmou, nesta sexta-feira, 24, em&hellip;<\/p>","protected":false},"author":1,"featured_media":132340,"comment_status":"closed","ping_status":"open","sticky":false,"template":"","format":"standard","meta":{"content-type":"","footnotes":""},"categories":[16],"tags":[],"class_list":["post-132339","post","type-post","status-publish","format-standard","has-post-thumbnail","hentry","category-noticias"],"_links":{"self":[{"href":"https:\/\/tvbrazilusa.com\/pt\/wp-json\/wp\/v2\/posts\/132339","targetHints":{"allow":["GET"]}}],"collection":[{"href":"https:\/\/tvbrazilusa.com\/pt\/wp-json\/wp\/v2\/posts"}],"about":[{"href":"https:\/\/tvbrazilusa.com\/pt\/wp-json\/wp\/v2\/types\/post"}],"author":[{"embeddable":true,"href":"https:\/\/tvbrazilusa.com\/pt\/wp-json\/wp\/v2\/users\/1"}],"replies":[{"embeddable":true,"href":"https:\/\/tvbrazilusa.com\/pt\/wp-json\/wp\/v2\/comments?post=132339"}],"version-history":[{"count":1,"href":"https:\/\/tvbrazilusa.com\/pt\/wp-json\/wp\/v2\/posts\/132339\/revisions"}],"predecessor-version":[{"id":132341,"href":"https:\/\/tvbrazilusa.com\/pt\/wp-json\/wp\/v2\/posts\/132339\/revisions\/132341"}],"wp:featuredmedia":[{"embeddable":true,"href":"https:\/\/tvbrazilusa.com\/pt\/wp-json\/wp\/v2\/media\/132340"}],"wp:attachment":[{"href":"https:\/\/tvbrazilusa.com\/pt\/wp-json\/wp\/v2\/media?parent=132339"}],"wp:term":[{"taxonomy":"category","embeddable":true,"href":"https:\/\/tvbrazilusa.com\/pt\/wp-json\/wp\/v2\/categories?post=132339"},{"taxonomy":"post_tag","embeddable":true,"href":"https:\/\/tvbrazilusa.com\/pt\/wp-json\/wp\/v2\/tags?post=132339"}],"curies":[{"name":"wp","href":"https:\/\/api.w.org\/{rel}","templated":true}]}}