{"id":132344,"date":"2026-04-25T16:33:20","date_gmt":"2026-04-25T16:33:20","guid":{"rendered":"https:\/\/tvbrazilusa.com\/2026\/04\/25\/fachin-derruba-liminar-e-autoriza-gdf-a-usar-bens-para-socorrer-o-brb-paulo-figueiredo\/"},"modified":"2026-04-25T16:36:37","modified_gmt":"2026-04-25T16:36:37","slug":"fachin-derruba-liminar-e-autoriza-gdf-a-usar-bens-para-socorrer-o-brb-paulo-figueiredo","status":"publish","type":"post","link":"https:\/\/tvbrazilusa.com\/pt\/2026\/04\/25\/fachin-derruba-liminar-e-autoriza-gdf-a-usar-bens-para-socorrer-o-brb-paulo-figueiredo\/","title":{"rendered":"Fachin derruba liminar e autoriza GDF a usar bens para socorrer o BRB &#8211; Paulo Figueiredo"},"content":{"rendered":"<p> <script async src=\"https:\/\/pagead2.googlesyndication.com\/pagead\/js\/adsbygoogle.js?client=ca-pub-8864793242727901\"\r\n     crossorigin=\"anonymous\"><\/script><br \/>\n<\/p>\n<div id=\"wtr-content\" data-bg=\"#FFFFFF\" data-fg=\"#006d91\" data-width=\"25\" data-mute=\"1\" data-fgopacity=\"1.00\" data-mutedopacity=\"0.5\" data-placement=\"bottom\" data-placement-offset=\"0\" data-content-offset=\"262\" data-placement-touch=\"bottom\" data-placement-offset-touch=\"0\" data-transparent=\"\" data-shadow=\"0\" data-touch=\"1\" data-non-touch=\"1\" data-comments=\"0\" data-commentsbg=\"transparent\" data-location=\"page\" data-mutedfg=\"#006d91\" data-endfg=\"#006d91\" data-rtl=\"\">\n<h4 class=\"wp-block-heading\">Presidente do STF derrubou liminar que havia suspendido trechos da lei de socorro ao Banco de Bras\u00edlia (BRB)<\/h4>\n<p>O presidente do\u00a0Supremo Tribunal Federal (STF), ministro Edson Fachin,\u00a0derrubou a liminar que havia suspendido trechos da lei de socorro ao Banco de Bras\u00edlia (BRB) que autoriza uso de bens m\u00f3veis e im\u00f3veis p\u00fablicos para refor\u00e7o patrimonial da institui\u00e7\u00e3o financeira.<\/p>\n<p>Em decis\u00e3o monocr\u00e1tica, proferida nesta sexta-feira (24\/4),\u00a0Fachin deferiu o pedido do Governo do Distrito Federal (GDF) para suspender os efeitos da liminar que paralisava a aplica\u00e7\u00e3o da Lei Distrital n\u00ba 7.845\/2026.<\/p>\n<p>Ao analisar o caso, o ministro ressaltou que a suspens\u00e3o de liminar n\u00e3o tem como objetivo discutir o m\u00e9rito da constitucionalidade da norma, mas sim evitar danos imediatos de maior gravidade.<\/p>\n<p>Nesse contexto,\u00a0Fachin considerou plaus\u00edveis os argumentos apresentados pelo Distrito Federal, especialmente no que se refere \u00e0 exist\u00eancia de risco \u00e0 ordem administrativa, j\u00e1 que\u00a0a decis\u00e3o judicial anterior interferia na execu\u00e7\u00e3o de pol\u00edticas p\u00fablicas definidas pelos Poderes Executivo e Legislativo locais.<\/p>\n<p>A decis\u00e3o de Fachin foi proferida no mesmo sentido da decis\u00e3o do desembargador Roberval Belinati ao suspender as liminares que proibiam o GDF de utilizar im\u00f3veis do DF para tentar salvar o BRB.<\/p>\n<p>O ministro tamb\u00e9m apontou a possibilidade de impactos negativos \u00e0 ordem econ\u00f4mica, destacando o\u00a0papel central do BRB no pagamento de servidores p\u00fablicos, na gest\u00e3o de dep\u00f3sitos e na concess\u00e3o de cr\u00e9dito.<\/p>\n<blockquote class=\"wp-block-quote is-layout-flow wp-block-quote-is-layout-flow\">\n<p>\u201cO Banco de Bras\u00edlia desempenha papel central no sistema financeiro do Distrito Federal, sendo respons\u00e1vel pela operacionaliza\u00e7\u00e3o de programas sociais relevantes, pelo pagamento de servidores p\u00fablicos, pela gest\u00e3o de volumes expressivos de dep\u00f3sitos \u2014 inclusive judiciais \u2014 e pela concess\u00e3o de cr\u00e9dito em escala significativa \u00e0 economia local\u201d, alegou.<\/p>\n<\/blockquote>\n<p>Al\u00e9m disso, o ministro apontou que a decis\u00e3o impugnada, ao inviabilizar monocraticamente a ado\u00e7\u00e3o das principais medidas destinadas ao refor\u00e7o patrimonial da institui\u00e7\u00e3o e \u00e0 recomposi\u00e7\u00e3o de seus \u00edndices de capital e liquidez, impacta diretamente a percep\u00e7\u00e3o de risco associada ao banco, com potencial reflexo negativo sobre a confian\u00e7a do mercado, a estabilidade de suas opera\u00e7\u00f5es e o valor de seus ativos.<\/p>\n<p>Fachin entendeu, tamb\u00e9m, que havia risco ao interesse p\u00fablico, uma vez que a interrup\u00e7\u00e3o das a\u00e7\u00f5es de recupera\u00e7\u00e3o do banco poderia prejudicar a continuidade de servi\u00e7os essenciais e a execu\u00e7\u00e3o de pol\u00edticas p\u00fablicas.<\/p>\n<p>A decis\u00e3o ainda ser\u00e1 submetida ao plen\u00e1rio virtual do STF, entre os dias 8 e 15 de maio, enquanto o processo original segue em tramita\u00e7\u00e3o no Tribunal de Justi\u00e7a do Distrito Federal e Territ\u00f3rios.<\/p>\n<p>O ministro ainda determinou a abertura de prazo para manifesta\u00e7\u00e3o das partes envolvidas e da Procuradoria-Geral da Rep\u00fablica, que dever\u00e3o se pronunciar no prazo de 72 horas.<\/p>\n<p><strong><a href=\"https:\/\/www.metropoles.com\/colunas\/manoela-alcantara\/fachin-derruba-liminar-e-autoriza-gdf-a-usar-bens-para-socorrer-o-brb\">Cr\u00e9dito Metr\u00f3poles<\/a><\/strong><\/p>\n<\/div>\n<p><br \/>\n<br \/><a href=\"https:\/\/paulofigueiredoshow.com\/fachin-derruba-liminar-e-autoriza-gdf-a-usar-bens-para-socorrer-o-brb\/\">Source link <\/a><\/p>","protected":false},"excerpt":{"rendered":"<p>Presidente do STF derrubou liminar que havia suspendido trechos da lei de socorro ao Banco de Bras\u00edlia (BRB) O presidente do\u00a0Supremo Tribunal Federal (STF), ministro Edson Fachin,\u00a0derrubou a liminar que&hellip;<\/p>","protected":false},"author":1,"featured_media":131412,"comment_status":"closed","ping_status":"open","sticky":false,"template":"","format":"standard","meta":{"content-type":"","footnotes":""},"categories":[16],"tags":[],"class_list":["post-132344","post","type-post","status-publish","format-standard","has-post-thumbnail","hentry","category-noticias"],"_links":{"self":[{"href":"https:\/\/tvbrazilusa.com\/pt\/wp-json\/wp\/v2\/posts\/132344","targetHints":{"allow":["GET"]}}],"collection":[{"href":"https:\/\/tvbrazilusa.com\/pt\/wp-json\/wp\/v2\/posts"}],"about":[{"href":"https:\/\/tvbrazilusa.com\/pt\/wp-json\/wp\/v2\/types\/post"}],"author":[{"embeddable":true,"href":"https:\/\/tvbrazilusa.com\/pt\/wp-json\/wp\/v2\/users\/1"}],"replies":[{"embeddable":true,"href":"https:\/\/tvbrazilusa.com\/pt\/wp-json\/wp\/v2\/comments?post=132344"}],"version-history":[{"count":1,"href":"https:\/\/tvbrazilusa.com\/pt\/wp-json\/wp\/v2\/posts\/132344\/revisions"}],"predecessor-version":[{"id":132345,"href":"https:\/\/tvbrazilusa.com\/pt\/wp-json\/wp\/v2\/posts\/132344\/revisions\/132345"}],"wp:featuredmedia":[{"embeddable":true,"href":"https:\/\/tvbrazilusa.com\/pt\/wp-json\/wp\/v2\/media\/131412"}],"wp:attachment":[{"href":"https:\/\/tvbrazilusa.com\/pt\/wp-json\/wp\/v2\/media?parent=132344"}],"wp:term":[{"taxonomy":"category","embeddable":true,"href":"https:\/\/tvbrazilusa.com\/pt\/wp-json\/wp\/v2\/categories?post=132344"},{"taxonomy":"post_tag","embeddable":true,"href":"https:\/\/tvbrazilusa.com\/pt\/wp-json\/wp\/v2\/tags?post=132344"}],"curies":[{"name":"wp","href":"https:\/\/api.w.org\/{rel}","templated":true}]}}