{"id":132419,"date":"2025-11-08T13:09:51","date_gmt":"2025-11-08T13:09:51","guid":{"rendered":"https:\/\/tvbrazilusa.com\/2025\/11\/08\/que-vergonha-comando-vermelho-ameaca-festa-de-lula-e-janja-na-cop-30\/"},"modified":"2025-11-08T13:09:51","modified_gmt":"2025-11-08T13:09:51","slug":"que-vergonha-comando-vermelho-ameaca-festa-de-lula-e-janja-na-cop-30","status":"publish","type":"post","link":"https:\/\/tvbrazilusa.com\/pt\/2025\/11\/08\/que-vergonha-comando-vermelho-ameaca-festa-de-lula-e-janja-na-cop-30\/","title":{"rendered":"QUE VERGONHA! Comando Vermelho amea\u00e7a Festa de LULA e JANJA na COP 30"},"content":{"rendered":"<p><iframe  width=\"580\" height=\"385\" src=\"https:\/\/www.youtube.com\/embed\/uzuMkQzmFTQ?modestbranding=1\" frameborder=\"0\" allowfullscreen><\/iframe><br \/>\n<br \/>#tvflorida #tvfloridausa #cortestvfloridausa<br \/>\nSe ainda n\u00e3o for inscrito, inscreva-se em nosso clube de membros, clicando abaixo:<\/p>\n<p>Seja nosso patrono, atrav\u00e9s do link:<\/p>\n<p>Para conferir todos os v\u00eddeos e not\u00edcias, acesse nosso website e clique no link do menu &#8220;Ao vivo&#8221; ou baixe nosso app e clique no link &#8220;TV&#8221; para assistir a TV online.<\/p>\n<p>Assista nossa programa\u00e7\u00e3o 24 horas por dia:<\/p>\n<p>Deixamos aqui algumas op\u00e7\u00f5es para ajudar a manter nossos projetos online:<\/p>\n<p>Por PIX atrav\u00e9s do E-mail: info@tvfloridausa.com<br \/>\nSe ainda n\u00e3o for inscrito, inscreva-se em nosso canal de cortes e confiram nosso conte\u00fado por l\u00e1. <\/p>\n<p>Ou ainda sendo nosso patrono, atrav\u00e9s do link:<\/p>\n<p>Baixe aqui nosso aplicativo totalmente gr\u00e1tis!<\/p>\n<p>Android e IOS<\/p>\n<p>Agora temos um canal exclusivo da TV Brazil USA na plataforma:<\/p>\n<p>Inscrevam-se para nao perder nada. 24 horas ao vivo!<br \/>\n#paulofigueiredo #tudoconsta #eduardobolsonaro #jairbolsonaro #direita #conservadorismo<br \/>\n<br \/><a href=\"https:\/\/www.youtube.com\/watch?v=uzuMkQzmFTQ\">source<\/a><\/p>","protected":false},"excerpt":{"rendered":"<p>#tvflorida #tvfloridausa #cortestvfloridausa Se ainda n\u00e3o for inscrito, inscreva-se em nosso clube de membros, clicando abaixo: Seja nosso patrono, atrav\u00e9s do link: Para conferir todos os v\u00eddeos e not\u00edcias, acesse&hellip;<\/p>","protected":false},"author":1,"featured_media":132420,"comment_status":"","ping_status":"open","sticky":false,"template":"","format":"standard","meta":{"content-type":"","footnotes":""},"categories":[17],"tags":[854,17878,31033,57,652,89,793,1238],"class_list":["post-132419","post","type-post","status-publish","format-standard","has-post-thumbnail","hentry","category-programas","tag-ameaca","tag-comando","tag-cop","tag-festa","tag-janja","tag-lula","tag-vergonha","tag-vermelho"],"_links":{"self":[{"href":"https:\/\/tvbrazilusa.com\/pt\/wp-json\/wp\/v2\/posts\/132419","targetHints":{"allow":["GET"]}}],"collection":[{"href":"https:\/\/tvbrazilusa.com\/pt\/wp-json\/wp\/v2\/posts"}],"about":[{"href":"https:\/\/tvbrazilusa.com\/pt\/wp-json\/wp\/v2\/types\/post"}],"author":[{"embeddable":true,"href":"https:\/\/tvbrazilusa.com\/pt\/wp-json\/wp\/v2\/users\/1"}],"replies":[{"embeddable":true,"href":"https:\/\/tvbrazilusa.com\/pt\/wp-json\/wp\/v2\/comments?post=132419"}],"version-history":[{"count":0,"href":"https:\/\/tvbrazilusa.com\/pt\/wp-json\/wp\/v2\/posts\/132419\/revisions"}],"wp:featuredmedia":[{"embeddable":true,"href":"https:\/\/tvbrazilusa.com\/pt\/wp-json\/wp\/v2\/media\/132420"}],"wp:attachment":[{"href":"https:\/\/tvbrazilusa.com\/pt\/wp-json\/wp\/v2\/media?parent=132419"}],"wp:term":[{"taxonomy":"category","embeddable":true,"href":"https:\/\/tvbrazilusa.com\/pt\/wp-json\/wp\/v2\/categories?post=132419"},{"taxonomy":"post_tag","embeddable":true,"href":"https:\/\/tvbrazilusa.com\/pt\/wp-json\/wp\/v2\/tags?post=132419"}],"curies":[{"name":"wp","href":"https:\/\/api.w.org\/{rel}","templated":true}]}}