{"id":132445,"date":"2025-11-07T15:33:59","date_gmt":"2025-11-07T15:33:59","guid":{"rendered":"https:\/\/tvbrazilusa.com\/2025\/11\/07\/show-da-manha-mais-uma-decisao-contra-jair-bolsonaro-07-11-2025\/"},"modified":"2025-11-07T15:33:59","modified_gmt":"2025-11-07T15:33:59","slug":"show-da-manha-mais-uma-decisao-contra-jair-bolsonaro-07-11-2025","status":"publish","type":"post","link":"https:\/\/tvbrazilusa.com\/pt\/2025\/11\/07\/show-da-manha-mais-uma-decisao-contra-jair-bolsonaro-07-11-2025\/","title":{"rendered":"SHOW DA MANH\u00c3 &#8211; MAIS UMA DECIS\u00c3O CONTRA JAIR BOLSONARO &#8211; 07\/11\/2025"},"content":{"rendered":"<p><iframe  width=\"580\" height=\"385\" src=\"https:\/\/www.youtube.com\/embed\/fI9LtyS4S4E?modestbranding=1\" frameborder=\"0\" allowfullscreen><\/iframe><br \/>\n<br \/>Apresentado por Paula Marisa<br \/>\nConvidados: Fred Rodrigues, Ver. Adrilles Jorge e Ver. D\u00e1rcio Bracarense<br \/>\nParticipa\u00e7\u00e3o Especial: Ver. Roberta Lopes e Dr. Paulo Faria<\/p>\n<p>INSCREVA-SE NO NOSSO CANAL! CURTA E COMPARTILHE NOSSA LIVE!<\/p>\n<p>O SHOW DA MANH\u00c3 VAI AO AR DE SEGUNDA A SEXTA, DAS 10H \u00c0S 12H.<\/p>\n<p>CONVERSE COM A VELLARY SUPLEMENTOS PARA ADQUIRIR O &#8220;VN MAX&#8221; E O &#8220;ARTRO PR\u00d3&#8221;: <\/p>\n<p>\ud83d\udd25 NOVIDADES NO FIO DI\u00c1RIO! Assine o plano anual com 50% OFF e tenha 12 meses de informa\u00e7\u00e3o sem censura. \ud83d\udc49 <\/p>\n<p>FA\u00c7A SUA DOA\u00c7\u00c3O PARA O FIO DI\u00c1RIO PELO PIX: contato@fiodiario.com<\/p>\n<p>\ud83d\udd25ADQUIRA J\u00c1 A SUA CAMISETA &#8220;FORA MORAES&#8221; (CUPOM \u201cFIODIARIO10\u201d PARA 10% DE DESCONTO) \ud83d\udc49 <\/p>\n<p>\ud83d\udd25APROVEITE AS PROMO\u00c7\u00d5ES DA LIVRARIA FIO DI\u00c1RIO E N\u00c3O CAIA EM NARRATIVAS! \ud83d\udc49 <\/p>\n<p>PESQUISA A RESPEITO DA ANISTIA \u00c0S V\u00cdTIMAS DO 08 DE JANEIRO: <\/p>\n<p>IFPE BRASIL: <\/p>\n<p>SIGA NO INSTAGRAM:<br \/>\nMarco Ant\u00f4nio Costa: <\/p>\n<p>Fio Di\u00e1rio: <\/p>\n<p>SEJA UM VOLUNT\u00c1RIO E NOS AJUDE EM NOSSA LUTA PELA LIBERDADE: <\/p>\n<p>SIGA O CANAL FIO DI\u00c1RIO NO WHATSAPP: <\/p>\n<p>SIGA O CANAL FIO DI\u00c1RIO NO TELEGRAM: <\/p>\n<p>SIGA O CANAL MARCO ANT\u00d4NIO COSTA NO TELEGRAM: <\/p>\n<p>OU\u00c7A NO SPOTIFY: <\/p>\n<p>Fabiano Silva (Charges):<br \/>\nInstagram: <\/p>\n<p><a href=\"https:\/\/www.youtube.com\/watch?v=fI9LtyS4S4E\">source<\/a><\/p>","protected":false},"excerpt":{"rendered":"<p>Apresentado por Paula Marisa Convidados: Fred Rodrigues, Ver. Adrilles Jorge e Ver. D\u00e1rcio Bracarense Participa\u00e7\u00e3o Especial: Ver. Roberta Lopes e Dr. Paulo Faria INSCREVA-SE NO NOSSO CANAL! CURTA E COMPARTILHE&hellip;<\/p>","protected":false},"author":1,"featured_media":132446,"comment_status":"","ping_status":"open","sticky":false,"template":"","format":"standard","meta":{"content-type":"","footnotes":""},"categories":[17],"tags":[136,94,3301,2818,371,557,63,753],"class_list":["post-132445","post","type-post","status-publish","format-standard","has-post-thumbnail","hentry","category-programas","tag-bolsonaro","tag-contra","tag-decisao","tag-jair","tag-mais","tag-manha","tag-show","tag-uma"],"_links":{"self":[{"href":"https:\/\/tvbrazilusa.com\/pt\/wp-json\/wp\/v2\/posts\/132445","targetHints":{"allow":["GET"]}}],"collection":[{"href":"https:\/\/tvbrazilusa.com\/pt\/wp-json\/wp\/v2\/posts"}],"about":[{"href":"https:\/\/tvbrazilusa.com\/pt\/wp-json\/wp\/v2\/types\/post"}],"author":[{"embeddable":true,"href":"https:\/\/tvbrazilusa.com\/pt\/wp-json\/wp\/v2\/users\/1"}],"replies":[{"embeddable":true,"href":"https:\/\/tvbrazilusa.com\/pt\/wp-json\/wp\/v2\/comments?post=132445"}],"version-history":[{"count":0,"href":"https:\/\/tvbrazilusa.com\/pt\/wp-json\/wp\/v2\/posts\/132445\/revisions"}],"wp:featuredmedia":[{"embeddable":true,"href":"https:\/\/tvbrazilusa.com\/pt\/wp-json\/wp\/v2\/media\/132446"}],"wp:attachment":[{"href":"https:\/\/tvbrazilusa.com\/pt\/wp-json\/wp\/v2\/media?parent=132445"}],"wp:term":[{"taxonomy":"category","embeddable":true,"href":"https:\/\/tvbrazilusa.com\/pt\/wp-json\/wp\/v2\/categories?post=132445"},{"taxonomy":"post_tag","embeddable":true,"href":"https:\/\/tvbrazilusa.com\/pt\/wp-json\/wp\/v2\/tags?post=132445"}],"curies":[{"name":"wp","href":"https:\/\/api.w.org\/{rel}","templated":true}]}}