{"id":132475,"date":"2025-11-04T00:57:59","date_gmt":"2025-11-04T00:57:59","guid":{"rendered":"https:\/\/tvbrazilusa.com\/2025\/11\/04\/chefoes-do-cv-presos-em-sao-paulo-lula-e-a-universidade-indigena-nova-pesquisa-apavora-o-pt\/"},"modified":"2025-11-04T00:57:59","modified_gmt":"2025-11-04T00:57:59","slug":"chefoes-do-cv-presos-em-sao-paulo-lula-e-a-universidade-indigena-nova-pesquisa-apavora-o-pt","status":"publish","type":"post","link":"https:\/\/tvbrazilusa.com\/pt\/2025\/11\/04\/chefoes-do-cv-presos-em-sao-paulo-lula-e-a-universidade-indigena-nova-pesquisa-apavora-o-pt\/","title":{"rendered":"CHEF\u00d5ES DO CV PRESOS EM S\u00c3O PAULO \/ LULA E A UNIVERSIDADE IND\u00cdGENA \/ NOVA PESQUISA APAVORA O PT"},"content":{"rendered":"<p><iframe  width=\"580\" height=\"385\" src=\"https:\/\/www.youtube.com\/embed\/amT4Txi-64g?modestbranding=1\" frameborder=\"0\" allowfullscreen><\/iframe><br \/>\n<br \/>O Bom dia, JCO recebe Orlando Morando, secret\u00e1rio de seguran\u00e7a urbana de S\u00e3o Paulo e o vereador Ustra, de Porto Alegre. Apresenta\u00e7\u00e3o de Camila Abdo<br \/>\n<br \/><a href=\"https:\/\/www.youtube.com\/watch?v=amT4Txi-64g\">source<\/a><\/p>","protected":false},"excerpt":{"rendered":"<p>O Bom dia, JCO recebe Orlando Morando, secret\u00e1rio de seguran\u00e7a urbana de S\u00e3o Paulo e o vereador Ustra, de Porto Alegre. Apresenta\u00e7\u00e3o de Camila Abdo source<\/p>","protected":false},"author":1,"featured_media":132476,"comment_status":"","ping_status":"open","sticky":false,"template":"","format":"standard","meta":{"content-type":"","footnotes":""},"categories":[17],"tags":[34555,35650,7927,89,487,141,2434,5241,504,28526],"class_list":["post-132475","post","type-post","status-publish","format-standard","has-post-thumbnail","hentry","category-programas","tag-apavora","tag-chefoes","tag-indigena","tag-lula","tag-nova","tag-paulo","tag-pesquisa","tag-presos","tag-sao","tag-universidade"],"_links":{"self":[{"href":"https:\/\/tvbrazilusa.com\/pt\/wp-json\/wp\/v2\/posts\/132475","targetHints":{"allow":["GET"]}}],"collection":[{"href":"https:\/\/tvbrazilusa.com\/pt\/wp-json\/wp\/v2\/posts"}],"about":[{"href":"https:\/\/tvbrazilusa.com\/pt\/wp-json\/wp\/v2\/types\/post"}],"author":[{"embeddable":true,"href":"https:\/\/tvbrazilusa.com\/pt\/wp-json\/wp\/v2\/users\/1"}],"replies":[{"embeddable":true,"href":"https:\/\/tvbrazilusa.com\/pt\/wp-json\/wp\/v2\/comments?post=132475"}],"version-history":[{"count":0,"href":"https:\/\/tvbrazilusa.com\/pt\/wp-json\/wp\/v2\/posts\/132475\/revisions"}],"wp:featuredmedia":[{"embeddable":true,"href":"https:\/\/tvbrazilusa.com\/pt\/wp-json\/wp\/v2\/media\/132476"}],"wp:attachment":[{"href":"https:\/\/tvbrazilusa.com\/pt\/wp-json\/wp\/v2\/media?parent=132475"}],"wp:term":[{"taxonomy":"category","embeddable":true,"href":"https:\/\/tvbrazilusa.com\/pt\/wp-json\/wp\/v2\/categories?post=132475"},{"taxonomy":"post_tag","embeddable":true,"href":"https:\/\/tvbrazilusa.com\/pt\/wp-json\/wp\/v2\/tags?post=132475"}],"curies":[{"name":"wp","href":"https:\/\/api.w.org\/{rel}","templated":true}]}}