{"id":13256,"date":"2024-07-31T14:14:49","date_gmt":"2024-07-31T14:14:49","guid":{"rendered":"https:\/\/tvbrazilusa.com\/2024\/07\/31\/casa-da-semana-um-refugio-de-4-quartos-em-marthas-vineyard\/"},"modified":"2024-07-31T14:26:23","modified_gmt":"2024-07-31T14:26:23","slug":"casa-da-semana-um-refugio-de-4-quartos-em-marthas-vineyard","status":"publish","type":"post","link":"https:\/\/tvbrazilusa.com\/pt\/2024\/07\/31\/casa-da-semana-um-refugio-de-4-quartos-em-marthas-vineyard\/","title":{"rendered":"Casa da Semana: Um ref\u00fagio de 4 quartos em Martha&#39;s Vineyard"},"content":{"rendered":"<p> <script async src=\"https:\/\/pagead2.googlesyndication.com\/pagead\/js\/adsbygoogle.js?client=ca-pub-8864793242727901\"\r\n     crossorigin=\"anonymous\"><\/script><br \/>\n<\/p>\n<div id=\"\">\n<header class=\"m-article-header m-article-header--standard\">\n\t\t\t\t\t\t\t\t\t\t\t\t<span id=\"article-header-primary-term\"><br \/>\n\t\t\t\t\t\t\t\t<a class=\"a-term a-term--primary\" href=\"https:\/\/www.boston.com\/tag\/home-of-the-week\/\"><\/p>\n<p>\t\t\t\t\t\t\t\tCasa da Semana\t\t\t\t\t\t\t\t<\/a><br \/>\n\t\t\t\t\t\t\t<\/span><\/p>\n<h2 class=\"m-article-header__sub-headline\">Propriedade para tr\u00eas esta\u00e7\u00f5es, com mais de um quarto de acre, disp\u00f5e de varanda envolvente e chuveiro ao ar livre.<\/h2>\n<figure class=\"a-photo m-article-header__photo\"><figcaption class=\"a-photo__caption\">\n<p>\tVista a\u00e9rea da casa com o oceano ao fundo.<em> <\/em>\t<\/figcaption><\/figure>\n<div class=\"m-article-header__meta\">\n<div class=\"m-article-header__byline\">\n<p class=\"m-article-header__author\">\n<p>\t\t\t\t\t\t\t\tPor John R. Ellement\t\t\t\t\t\t\t<\/p>\n<p>\t\t\t\t\t\t    \t\t\t\t\t\t\t<time class=\"m-article-header__date\"><\/p>\n<p>        \t\t\t\t\t\t\t31 de julho de 2024 | 10:14 AM    \t\t\t\t\t\t\t<\/time><\/p><\/div>\n<\/p><\/div>\n<\/header>\n<h2 class=\"wp-block-heading\" id=\"h-19-wendall-ave-oak-bluffs-martha-s-vineyard\"><b>19 Wendall Ave., Oak Bluffs<\/b>Martha&#39;s Vineyard<\/h2>\n<p><b>$ 1.999.000<\/b><\/p>\n<p><b>Estilo <\/b>Vitoriano<\/p>\n<p><b>Ano de constru\u00e7\u00e3o <\/b>1890; reformado em 1999<\/p>\n<p><b>P\u00e9s quadrados <\/b>1.752<\/p>\n<p><b>Quartos de dormir<\/b> 4<\/p>\n<p><b>Banhos<\/b> 1 cheio, 1 quarto<\/p>\n<p><b>Esgoto\/\u00c1gua <\/b>Privado\/p\u00fablico<\/p>\n<p><b>Impostos<\/b> $ 6.457 (2024)<\/p>\n<p>Entre o<a href=\"https:\/\/vineyardtrust.org\/landmarks\/\" target=\"_self\" rel=\"noopener\"> marcos vivos<\/a> no <a href=\"https:\/\/www.oakbluffsma.gov\/31\/Community\" target=\"_blank\" rel=\"noopener\">cidade conhecida como \u201cOB\u201d<\/a> s\u00e3o <a href=\"https:\/\/vineyardtrust.org\/property\/flying-horses-carousel\/\" target=\"_blank\" rel=\"noopener\">carrossel<\/a> cavalos com olhos de vidro e <a href=\"https:\/\/vineyardtrust.org\/property\/union-chapel\/\" target=\"_blank\" rel=\"noopener\">uma capela em estilo de bast\u00e3o,<\/a> ambos datados do final do s\u00e9culo XIX. O Flying Horses Carousel e a Union Chapel ficam a menos de 5 minutos de carro desta casa em <a href=\"https:\/\/www.boston.com\/real-estate\/real-estate-news\/2017\/05\/18\/what-is-it-like-to-live-in-oak-bluffs\/\">Penhascos de carvalho<\/a>&#39; Bairro East Chop \u2014 uma casa que tamb\u00e9m foi constru\u00edda naquele per\u00edodo.<\/p>\n<p>Est\u00e1 sendo vendida como uma casa para tr\u00eas esta\u00e7\u00f5es em um para\u00edso de ver\u00e3o.<\/p>\n<p>Nesta propriedade em Martha&#39;s Vineyard, a entrada de tijolos vermelhos termina em uma garagem separada de 209 p\u00e9s quadrados, mas \u00e9 muito mais agrad\u00e1vel ir pela cal\u00e7ada. V\u00e1 para a varanda envolvente cruzando o gramado da frente em um caminho de pedras. A varanda, que abrange a largura da casa, tem colunas adornadas com suportes arquitet\u00f4nicos. A chamin\u00e9 de pedra da praia, que se projeta atrav\u00e9s da varanda, tamb\u00e9m \u00e9 um atrativo visual.<\/p>\n<p>No interior, a vista \u00e9 de uma sala de estar ampla e ensolarada, onde as vigas, colunas e caixilhos de janelas marrons contrastam com as paredes e o teto brancos. A sala de 358 p\u00e9s quadrados tem piso de madeira cinza \u2014 a casa inteira tem piso de madeira, exceto a cozinha \u2014 e vem com nove janelas de guilhotina dupla. Aqui, a lareira de pedra vai do ch\u00e3o ao teto.<\/p>\n<p>Um corredor de 9 p\u00e9s de comprimento passa por uma segunda entrada e pela escada para o segundo andar antes de chegar a uma sala de estar de 148 p\u00e9s quadrados com um par de janelas de guilhotina dupla. O banheiro completo da casa, com uma pia de porcelana montada na parede e uma combina\u00e7\u00e3o de banheira\/chuveiro, fica logo depois da sala de estar, e suas paredes s\u00e3o de madeira, continuando uma est\u00e9tica de chal\u00e9. O piso \u00e9 de lin\u00f3leo.<\/p>\n<p>Na extremidade oposta da sala de estar, h\u00e1 portas que se abrem para a \u00e1rea de jantar e a cozinha. A sala de jantar totalmente informal tem 122 p\u00e9s quadrados, janelas em duas paredes e, como os outros c\u00f4modos, oferece vigas expostas e paredes brancas. Leve seu gim-t\u00f4nica pela porta da sala de jantar para o quintal. A sala de jantar tamb\u00e9m fornece acesso \u00e0 cozinha de 186 p\u00e9s quadrados.<\/p>\n<p>A cozinha tem arm\u00e1rios brancos e azulejos estilo metr\u00f4. Bancadas laminadas cor de areia est\u00e3o de acordo com a vibe praiana. Todos os eletrodom\u00e9sticos da casa est\u00e3o aqui, do fog\u00e3o el\u00e9trico \u00e0 lavadora e secadora. O piso \u00e9 de lin\u00f3leo preto e branco. Uma porta na cozinha se abre para uma passarela de tijolos at\u00e9 a entrada da garagem para apressar as compras.<\/p>\n<p>Os quatro quartos ficam no segundo andar. O principal \u00e9 o maior (291 p\u00e9s quadrados) e inclui uma sali\u00eancia com janela. O piso \u00e9 de madeira, e as paredes e o teto com vigas expostas s\u00e3o pintados de branco.<\/p>\n<p>Os outros tr\u00eas quartos irradiam do corredor central. Todos os tr\u00eas t\u00eam v\u00e1rias janelas e variam em tamanho de 104 a 197 p\u00e9s quadrados. H\u00e1 um banheiro somente com toalete neste andar. (S\u00f3 para voc\u00ea saber, a casa tem um segundo chuveiro: ao ar livre, na varanda.)<\/p>\n<p>O por\u00e3o parcial cont\u00e9m o aquecedor de \u00e1gua el\u00e9trico e o painel el\u00e9trico de 200 amp. A casa, que fica em 0,31 de um acre, est\u00e1 sendo vendida com alguns m\u00f3veis.<\/p>\n<p><a href=\"https:\/\/www.mvseacoast.com\/about-seacoast-properties\/janna\/\" target=\"_self\" rel=\"noopener\">Janna O&#39;Loughlin da Seacoast Properties<\/a> em Martha&#39;s Vineyard \u00e9 o agente de listagem.<\/p>\n<p>Veja mais fotos da casa abaixo:<\/p>\n<figure class=\"wp-block-image\"><img loading=\"lazy\" decoding=\"async\" width=\"2560\" height=\"1707\" src=\"https:\/\/bdc2020.o0bc.com\/wp-content\/uploads\/2024\/07\/VDAIKGPU4JBSPGJ5K5HHI43QVQ-66aa42f369912-scaled.jpg\" alt=\"  \" class=\"wp-image-31001563\" srcset=\"https:\/\/bdc2020.o0bc.com\/wp-content\/uploads\/2024\/07\/VDAIKGPU4JBSPGJ5K5HHI43QVQ-66aa42f369912-scaled.jpg?width=200 200w, https:\/\/bdc2020.o0bc.com\/wp-content\/uploads\/2024\/07\/VDAIKGPU4JBSPGJ5K5HHI43QVQ-66aa42f369912-scaled.jpg?width=300 300w, https:\/\/bdc2020.o0bc.com\/wp-content\/uploads\/2024\/07\/VDAIKGPU4JBSPGJ5K5HHI43QVQ-66aa42f369912-scaled.jpg?width=400 400w, https:\/\/bdc2020.o0bc.com\/wp-content\/uploads\/2024\/07\/VDAIKGPU4JBSPGJ5K5HHI43QVQ-66aa42f369912-scaled.jpg?width=500 500w, https:\/\/bdc2020.o0bc.com\/wp-content\/uploads\/2024\/07\/VDAIKGPU4JBSPGJ5K5HHI43QVQ-66aa42f369912-scaled.jpg?width=600 600w, https:\/\/bdc2020.o0bc.com\/wp-content\/uploads\/2024\/07\/VDAIKGPU4JBSPGJ5K5HHI43QVQ-66aa42f369912-scaled.jpg?width=700 700w, https:\/\/bdc2020.o0bc.com\/wp-content\/uploads\/2024\/07\/VDAIKGPU4JBSPGJ5K5HHI43QVQ-66aa42f369912-scaled.jpg?width=800 800w, https:\/\/bdc2020.o0bc.com\/wp-content\/uploads\/2024\/07\/VDAIKGPU4JBSPGJ5K5HHI43QVQ-66aa42f369912-scaled.jpg?width=900 900w\" sizes=\"auto, (max-width: 2560px) 100vw, 2560px\"\/><figcaption class=\"wp-element-caption\">A casa fica em um terreno de 0,31 acre.<\/figcaption><\/figure>\n<figure class=\"wp-block-image\"><img loading=\"lazy\" decoding=\"async\" width=\"2560\" height=\"1707\" src=\"https:\/\/bdc2020.o0bc.com\/wp-content\/uploads\/2024\/07\/CBFKZFAOAVB6XKY6FFDHF45S5A-66aa4300d9f34-scaled.jpg\" alt=\"  \" class=\"wp-image-31001564\" srcset=\"https:\/\/bdc2020.o0bc.com\/wp-content\/uploads\/2024\/07\/CBFKZFAOAVB6XKY6FFDHF45S5A-66aa4300d9f34-scaled.jpg?width=200 200w, https:\/\/bdc2020.o0bc.com\/wp-content\/uploads\/2024\/07\/CBFKZFAOAVB6XKY6FFDHF45S5A-66aa4300d9f34-scaled.jpg?width=300 300w, https:\/\/bdc2020.o0bc.com\/wp-content\/uploads\/2024\/07\/CBFKZFAOAVB6XKY6FFDHF45S5A-66aa4300d9f34-scaled.jpg?width=400 400w, https:\/\/bdc2020.o0bc.com\/wp-content\/uploads\/2024\/07\/CBFKZFAOAVB6XKY6FFDHF45S5A-66aa4300d9f34-scaled.jpg?width=500 500w, https:\/\/bdc2020.o0bc.com\/wp-content\/uploads\/2024\/07\/CBFKZFAOAVB6XKY6FFDHF45S5A-66aa4300d9f34-scaled.jpg?width=600 600w, https:\/\/bdc2020.o0bc.com\/wp-content\/uploads\/2024\/07\/CBFKZFAOAVB6XKY6FFDHF45S5A-66aa4300d9f34-scaled.jpg?width=700 700w, https:\/\/bdc2020.o0bc.com\/wp-content\/uploads\/2024\/07\/CBFKZFAOAVB6XKY6FFDHF45S5A-66aa4300d9f34-scaled.jpg?width=800 800w, https:\/\/bdc2020.o0bc.com\/wp-content\/uploads\/2024\/07\/CBFKZFAOAVB6XKY6FFDHF45S5A-66aa4300d9f34-scaled.jpg?width=900 900w\" sizes=\"auto, (max-width: 2560px) 100vw, 2560px\"\/><figcaption class=\"wp-element-caption\">A lareira de pedra vista da varanda envolvente.<\/figcaption><\/figure>\n<figure class=\"wp-block-image\"><img loading=\"lazy\" decoding=\"async\" width=\"2560\" height=\"1707\" src=\"https:\/\/bdc2020.o0bc.com\/wp-content\/uploads\/2024\/07\/PTN2KHKQ4NCXHP3DLE5A2OSW24-66aa430dbd347-scaled.jpg\" alt=\"  \" class=\"wp-image-31001569\" srcset=\"https:\/\/bdc2020.o0bc.com\/wp-content\/uploads\/2024\/07\/PTN2KHKQ4NCXHP3DLE5A2OSW24-66aa430dbd347-scaled.jpg?width=200 200w, https:\/\/bdc2020.o0bc.com\/wp-content\/uploads\/2024\/07\/PTN2KHKQ4NCXHP3DLE5A2OSW24-66aa430dbd347-scaled.jpg?width=300 300w, https:\/\/bdc2020.o0bc.com\/wp-content\/uploads\/2024\/07\/PTN2KHKQ4NCXHP3DLE5A2OSW24-66aa430dbd347-scaled.jpg?width=400 400w, https:\/\/bdc2020.o0bc.com\/wp-content\/uploads\/2024\/07\/PTN2KHKQ4NCXHP3DLE5A2OSW24-66aa430dbd347-scaled.jpg?width=500 500w, https:\/\/bdc2020.o0bc.com\/wp-content\/uploads\/2024\/07\/PTN2KHKQ4NCXHP3DLE5A2OSW24-66aa430dbd347-scaled.jpg?width=600 600w, https:\/\/bdc2020.o0bc.com\/wp-content\/uploads\/2024\/07\/PTN2KHKQ4NCXHP3DLE5A2OSW24-66aa430dbd347-scaled.jpg?width=700 700w, https:\/\/bdc2020.o0bc.com\/wp-content\/uploads\/2024\/07\/PTN2KHKQ4NCXHP3DLE5A2OSW24-66aa430dbd347-scaled.jpg?width=800 800w, https:\/\/bdc2020.o0bc.com\/wp-content\/uploads\/2024\/07\/PTN2KHKQ4NCXHP3DLE5A2OSW24-66aa430dbd347-scaled.jpg?width=900 900w\" sizes=\"auto, (max-width: 2560px) 100vw, 2560px\"\/><figcaption class=\"wp-element-caption\">A sala de estar, com paredes brancas e vigas expostas.<\/figcaption><\/figure>\n<figure class=\"wp-block-image\"><img loading=\"lazy\" decoding=\"async\" width=\"2560\" height=\"1707\" src=\"https:\/\/bdc2020.o0bc.com\/wp-content\/uploads\/2024\/07\/2JLWWS3UCFG23PBI2B6B3CKJRE-66aa431ab2636-scaled.jpg\" alt=\"    Vinhedo de Martha\" class=\"wp-image-31001575\" srcset=\"https:\/\/bdc2020.o0bc.com\/wp-content\/uploads\/2024\/07\/2JLWWS3UCFG23PBI2B6B3CKJRE-66aa431ab2636-scaled.jpg?width=200 200w, https:\/\/bdc2020.o0bc.com\/wp-content\/uploads\/2024\/07\/2JLWWS3UCFG23PBI2B6B3CKJRE-66aa431ab2636-scaled.jpg?width=300 300w, https:\/\/bdc2020.o0bc.com\/wp-content\/uploads\/2024\/07\/2JLWWS3UCFG23PBI2B6B3CKJRE-66aa431ab2636-scaled.jpg?width=400 400w, https:\/\/bdc2020.o0bc.com\/wp-content\/uploads\/2024\/07\/2JLWWS3UCFG23PBI2B6B3CKJRE-66aa431ab2636-scaled.jpg?width=500 500w, https:\/\/bdc2020.o0bc.com\/wp-content\/uploads\/2024\/07\/2JLWWS3UCFG23PBI2B6B3CKJRE-66aa431ab2636-scaled.jpg?width=600 600w, https:\/\/bdc2020.o0bc.com\/wp-content\/uploads\/2024\/07\/2JLWWS3UCFG23PBI2B6B3CKJRE-66aa431ab2636-scaled.jpg?width=700 700w, https:\/\/bdc2020.o0bc.com\/wp-content\/uploads\/2024\/07\/2JLWWS3UCFG23PBI2B6B3CKJRE-66aa431ab2636-scaled.jpg?width=800 800w, https:\/\/bdc2020.o0bc.com\/wp-content\/uploads\/2024\/07\/2JLWWS3UCFG23PBI2B6B3CKJRE-66aa431ab2636-scaled.jpg?width=900 900w\" sizes=\"auto, (max-width: 2560px) 100vw, 2560px\"\/><figcaption class=\"wp-element-caption\">A lareira de pedra da praia se estende do ch\u00e3o ao teto.<\/figcaption><\/figure>\n<figure class=\"wp-block-image\"><img loading=\"lazy\" decoding=\"async\" width=\"2560\" height=\"1707\" src=\"https:\/\/bdc2020.o0bc.com\/wp-content\/uploads\/2024\/07\/U52SSWBEZ5GH7EMOPXOOV2XDVE-66aa432748a69-scaled.jpg\" alt=\"        Vinhedo de Martha\" class=\"wp-image-31001582\" srcset=\"https:\/\/bdc2020.o0bc.com\/wp-content\/uploads\/2024\/07\/U52SSWBEZ5GH7EMOPXOOV2XDVE-66aa432748a69-scaled.jpg?width=200 200w, https:\/\/bdc2020.o0bc.com\/wp-content\/uploads\/2024\/07\/U52SSWBEZ5GH7EMOPXOOV2XDVE-66aa432748a69-scaled.jpg?width=300 300w, https:\/\/bdc2020.o0bc.com\/wp-content\/uploads\/2024\/07\/U52SSWBEZ5GH7EMOPXOOV2XDVE-66aa432748a69-scaled.jpg?width=400 400w, https:\/\/bdc2020.o0bc.com\/wp-content\/uploads\/2024\/07\/U52SSWBEZ5GH7EMOPXOOV2XDVE-66aa432748a69-scaled.jpg?width=500 500w, https:\/\/bdc2020.o0bc.com\/wp-content\/uploads\/2024\/07\/U52SSWBEZ5GH7EMOPXOOV2XDVE-66aa432748a69-scaled.jpg?width=600 600w, https:\/\/bdc2020.o0bc.com\/wp-content\/uploads\/2024\/07\/U52SSWBEZ5GH7EMOPXOOV2XDVE-66aa432748a69-scaled.jpg?width=700 700w, https:\/\/bdc2020.o0bc.com\/wp-content\/uploads\/2024\/07\/U52SSWBEZ5GH7EMOPXOOV2XDVE-66aa432748a69-scaled.jpg?width=800 800w, https:\/\/bdc2020.o0bc.com\/wp-content\/uploads\/2024\/07\/U52SSWBEZ5GH7EMOPXOOV2XDVE-66aa432748a69-scaled.jpg?width=900 900w\" sizes=\"auto, (max-width: 2560px) 100vw, 2560px\"\/><figcaption class=\"wp-element-caption\">Os balc\u00f5es da cozinha s\u00e3o laminados e h\u00e1 bastante espa\u00e7o para uma ilha e uma mesa lateral.<\/figcaption><\/figure>\n<figure class=\"wp-block-image\"><img loading=\"lazy\" decoding=\"async\" width=\"2560\" height=\"1707\" src=\"https:\/\/bdc2020.o0bc.com\/wp-content\/uploads\/2024\/07\/6QGUB626YBDWXA6SP4YV4RZVOM-66aa43345b9d5-scaled.jpg\" alt=\"        Vinhedo de Martha\" class=\"wp-image-31001586\" srcset=\"https:\/\/bdc2020.o0bc.com\/wp-content\/uploads\/2024\/07\/6QGUB626YBDWXA6SP4YV4RZVOM-66aa43345b9d5-scaled.jpg?width=200 200w, https:\/\/bdc2020.o0bc.com\/wp-content\/uploads\/2024\/07\/6QGUB626YBDWXA6SP4YV4RZVOM-66aa43345b9d5-scaled.jpg?width=300 300w, https:\/\/bdc2020.o0bc.com\/wp-content\/uploads\/2024\/07\/6QGUB626YBDWXA6SP4YV4RZVOM-66aa43345b9d5-scaled.jpg?width=400 400w, https:\/\/bdc2020.o0bc.com\/wp-content\/uploads\/2024\/07\/6QGUB626YBDWXA6SP4YV4RZVOM-66aa43345b9d5-scaled.jpg?width=500 500w, https:\/\/bdc2020.o0bc.com\/wp-content\/uploads\/2024\/07\/6QGUB626YBDWXA6SP4YV4RZVOM-66aa43345b9d5-scaled.jpg?width=600 600w, https:\/\/bdc2020.o0bc.com\/wp-content\/uploads\/2024\/07\/6QGUB626YBDWXA6SP4YV4RZVOM-66aa43345b9d5-scaled.jpg?width=700 700w, https:\/\/bdc2020.o0bc.com\/wp-content\/uploads\/2024\/07\/6QGUB626YBDWXA6SP4YV4RZVOM-66aa43345b9d5-scaled.jpg?width=800 800w, https:\/\/bdc2020.o0bc.com\/wp-content\/uploads\/2024\/07\/6QGUB626YBDWXA6SP4YV4RZVOM-66aa43345b9d5-scaled.jpg?width=900 900w\" sizes=\"auto, (max-width: 2560px) 100vw, 2560px\"\/><figcaption class=\"wp-element-caption\">A sala de estar, como a maior parte da casa, tem vigas expostas.<\/figcaption><\/figure>\n<figure class=\"wp-block-image\"><img loading=\"lazy\" decoding=\"async\" width=\"2560\" height=\"1707\" src=\"https:\/\/bdc2020.o0bc.com\/wp-content\/uploads\/2024\/07\/OG2UUJUJERHRBDQVILS4DPK5KM-66aa4341b7635-scaled.jpg\" alt=\"        Vinhedo de Martha\" class=\"wp-image-31001590\" srcset=\"https:\/\/bdc2020.o0bc.com\/wp-content\/uploads\/2024\/07\/OG2UUJUJERHRBDQVILS4DPK5KM-66aa4341b7635-scaled.jpg?width=200 200w, https:\/\/bdc2020.o0bc.com\/wp-content\/uploads\/2024\/07\/OG2UUJUJERHRBDQVILS4DPK5KM-66aa4341b7635-scaled.jpg?width=300 300w, https:\/\/bdc2020.o0bc.com\/wp-content\/uploads\/2024\/07\/OG2UUJUJERHRBDQVILS4DPK5KM-66aa4341b7635-scaled.jpg?width=400 400w, https:\/\/bdc2020.o0bc.com\/wp-content\/uploads\/2024\/07\/OG2UUJUJERHRBDQVILS4DPK5KM-66aa4341b7635-scaled.jpg?width=500 500w, https:\/\/bdc2020.o0bc.com\/wp-content\/uploads\/2024\/07\/OG2UUJUJERHRBDQVILS4DPK5KM-66aa4341b7635-scaled.jpg?width=600 600w, https:\/\/bdc2020.o0bc.com\/wp-content\/uploads\/2024\/07\/OG2UUJUJERHRBDQVILS4DPK5KM-66aa4341b7635-scaled.jpg?width=700 700w, https:\/\/bdc2020.o0bc.com\/wp-content\/uploads\/2024\/07\/OG2UUJUJERHRBDQVILS4DPK5KM-66aa4341b7635-scaled.jpg?width=800 800w, https:\/\/bdc2020.o0bc.com\/wp-content\/uploads\/2024\/07\/OG2UUJUJERHRBDQVILS4DPK5KM-66aa4341b7635-scaled.jpg?width=900 900w\" sizes=\"auto, (max-width: 2560px) 100vw, 2560px\"\/><figcaption class=\"wp-element-caption\">O banheiro disp\u00f5e de uma pia montada na parede e uma banheira funda.<\/figcaption><\/figure>\n<figure class=\"wp-block-image\"><img loading=\"lazy\" decoding=\"async\" width=\"2560\" height=\"1707\" src=\"https:\/\/bdc2020.o0bc.com\/wp-content\/uploads\/2024\/07\/ADSTPQIXFVDOTOPCHGF5VXSJRA-66aa434e1b1d1-scaled.jpg\" alt=\"        Vinhedo de Martha\" class=\"wp-image-31001591\" srcset=\"https:\/\/bdc2020.o0bc.com\/wp-content\/uploads\/2024\/07\/ADSTPQIXFVDOTOPCHGF5VXSJRA-66aa434e1b1d1-scaled.jpg?width=200 200w, https:\/\/bdc2020.o0bc.com\/wp-content\/uploads\/2024\/07\/ADSTPQIXFVDOTOPCHGF5VXSJRA-66aa434e1b1d1-scaled.jpg?width=300 300w, https:\/\/bdc2020.o0bc.com\/wp-content\/uploads\/2024\/07\/ADSTPQIXFVDOTOPCHGF5VXSJRA-66aa434e1b1d1-scaled.jpg?width=400 400w, https:\/\/bdc2020.o0bc.com\/wp-content\/uploads\/2024\/07\/ADSTPQIXFVDOTOPCHGF5VXSJRA-66aa434e1b1d1-scaled.jpg?width=500 500w, https:\/\/bdc2020.o0bc.com\/wp-content\/uploads\/2024\/07\/ADSTPQIXFVDOTOPCHGF5VXSJRA-66aa434e1b1d1-scaled.jpg?width=600 600w, https:\/\/bdc2020.o0bc.com\/wp-content\/uploads\/2024\/07\/ADSTPQIXFVDOTOPCHGF5VXSJRA-66aa434e1b1d1-scaled.jpg?width=700 700w, https:\/\/bdc2020.o0bc.com\/wp-content\/uploads\/2024\/07\/ADSTPQIXFVDOTOPCHGF5VXSJRA-66aa434e1b1d1-scaled.jpg?width=800 800w, https:\/\/bdc2020.o0bc.com\/wp-content\/uploads\/2024\/07\/ADSTPQIXFVDOTOPCHGF5VXSJRA-66aa434e1b1d1-scaled.jpg?width=900 900w\" sizes=\"auto, (max-width: 2560px) 100vw, 2560px\"\/><figcaption class=\"wp-element-caption\">A maior parte do interior \u00e9 pintada de branco, dando um toque de chal\u00e9.<\/figcaption><\/figure>\n<figure class=\"wp-block-image\"><img loading=\"lazy\" decoding=\"async\" width=\"2560\" height=\"1707\" src=\"https:\/\/bdc2020.o0bc.com\/wp-content\/uploads\/2024\/07\/74BKW6W5A5BK3P47DORGZRZS3A-66aa435a7add9-scaled.jpg\" alt=\"  \" class=\"wp-image-31001596\" srcset=\"https:\/\/bdc2020.o0bc.com\/wp-content\/uploads\/2024\/07\/74BKW6W5A5BK3P47DORGZRZS3A-66aa435a7add9-scaled.jpg?width=200 200w, https:\/\/bdc2020.o0bc.com\/wp-content\/uploads\/2024\/07\/74BKW6W5A5BK3P47DORGZRZS3A-66aa435a7add9-scaled.jpg?width=300 300w, https:\/\/bdc2020.o0bc.com\/wp-content\/uploads\/2024\/07\/74BKW6W5A5BK3P47DORGZRZS3A-66aa435a7add9-scaled.jpg?width=400 400w, https:\/\/bdc2020.o0bc.com\/wp-content\/uploads\/2024\/07\/74BKW6W5A5BK3P47DORGZRZS3A-66aa435a7add9-scaled.jpg?width=500 500w, https:\/\/bdc2020.o0bc.com\/wp-content\/uploads\/2024\/07\/74BKW6W5A5BK3P47DORGZRZS3A-66aa435a7add9-scaled.jpg?width=600 600w, https:\/\/bdc2020.o0bc.com\/wp-content\/uploads\/2024\/07\/74BKW6W5A5BK3P47DORGZRZS3A-66aa435a7add9-scaled.jpg?width=700 700w, https:\/\/bdc2020.o0bc.com\/wp-content\/uploads\/2024\/07\/74BKW6W5A5BK3P47DORGZRZS3A-66aa435a7add9-scaled.jpg?width=800 800w, https:\/\/bdc2020.o0bc.com\/wp-content\/uploads\/2024\/07\/74BKW6W5A5BK3P47DORGZRZS3A-66aa435a7add9-scaled.jpg?width=900 900w\" sizes=\"auto, (max-width: 2560px) 100vw, 2560px\"\/><figcaption class=\"wp-element-caption\">O quarto principal possui uma janela saliente.<\/figcaption><\/figure>\n<figure class=\"wp-block-image\"><img loading=\"lazy\" decoding=\"async\" width=\"2560\" height=\"1707\" src=\"https:\/\/bdc2020.o0bc.com\/wp-content\/uploads\/2024\/07\/A4UESTRNTBC43AZ4YAQDJ4VKWM-66aa4367eaff1-scaled.jpg\" alt=\"  \" class=\"wp-image-31001597\" srcset=\"https:\/\/bdc2020.o0bc.com\/wp-content\/uploads\/2024\/07\/A4UESTRNTBC43AZ4YAQDJ4VKWM-66aa4367eaff1-scaled.jpg?width=200 200w, https:\/\/bdc2020.o0bc.com\/wp-content\/uploads\/2024\/07\/A4UESTRNTBC43AZ4YAQDJ4VKWM-66aa4367eaff1-scaled.jpg?width=300 300w, https:\/\/bdc2020.o0bc.com\/wp-content\/uploads\/2024\/07\/A4UESTRNTBC43AZ4YAQDJ4VKWM-66aa4367eaff1-scaled.jpg?width=400 400w, https:\/\/bdc2020.o0bc.com\/wp-content\/uploads\/2024\/07\/A4UESTRNTBC43AZ4YAQDJ4VKWM-66aa4367eaff1-scaled.jpg?width=500 500w, https:\/\/bdc2020.o0bc.com\/wp-content\/uploads\/2024\/07\/A4UESTRNTBC43AZ4YAQDJ4VKWM-66aa4367eaff1-scaled.jpg?width=600 600w, https:\/\/bdc2020.o0bc.com\/wp-content\/uploads\/2024\/07\/A4UESTRNTBC43AZ4YAQDJ4VKWM-66aa4367eaff1-scaled.jpg?width=700 700w, https:\/\/bdc2020.o0bc.com\/wp-content\/uploads\/2024\/07\/A4UESTRNTBC43AZ4YAQDJ4VKWM-66aa4367eaff1-scaled.jpg?width=800 800w, https:\/\/bdc2020.o0bc.com\/wp-content\/uploads\/2024\/07\/A4UESTRNTBC43AZ4YAQDJ4VKWM-66aa4367eaff1-scaled.jpg?width=900 900w\" sizes=\"auto, (max-width: 2560px) 100vw, 2560px\"\/><figcaption class=\"wp-element-caption\">Um quarto secund\u00e1rio banhado em verde.<\/figcaption><\/figure>\n<figure class=\"wp-block-image\"><img loading=\"lazy\" decoding=\"async\" width=\"2560\" height=\"1705\" src=\"https:\/\/bdc2020.o0bc.com\/wp-content\/uploads\/2024\/07\/P6OTBPP2B5HY7HW4AECHZJLOFY-66aa43750b46b-scaled.jpg\" alt=\"  \" class=\"wp-image-31001600\" srcset=\"https:\/\/bdc2020.o0bc.com\/wp-content\/uploads\/2024\/07\/P6OTBPP2B5HY7HW4AECHZJLOFY-66aa43750b46b-scaled.jpg?width=200 200w, https:\/\/bdc2020.o0bc.com\/wp-content\/uploads\/2024\/07\/P6OTBPP2B5HY7HW4AECHZJLOFY-66aa43750b46b-scaled.jpg?width=300 300w, https:\/\/bdc2020.o0bc.com\/wp-content\/uploads\/2024\/07\/P6OTBPP2B5HY7HW4AECHZJLOFY-66aa43750b46b-scaled.jpg?width=400 400w, https:\/\/bdc2020.o0bc.com\/wp-content\/uploads\/2024\/07\/P6OTBPP2B5HY7HW4AECHZJLOFY-66aa43750b46b-scaled.jpg?width=500 500w, https:\/\/bdc2020.o0bc.com\/wp-content\/uploads\/2024\/07\/P6OTBPP2B5HY7HW4AECHZJLOFY-66aa43750b46b-scaled.jpg?width=600 600w, https:\/\/bdc2020.o0bc.com\/wp-content\/uploads\/2024\/07\/P6OTBPP2B5HY7HW4AECHZJLOFY-66aa43750b46b-scaled.jpg?width=700 700w, https:\/\/bdc2020.o0bc.com\/wp-content\/uploads\/2024\/07\/P6OTBPP2B5HY7HW4AECHZJLOFY-66aa43750b46b-scaled.jpg?width=800 800w, https:\/\/bdc2020.o0bc.com\/wp-content\/uploads\/2024\/07\/P6OTBPP2B5HY7HW4AECHZJLOFY-66aa43750b46b-scaled.jpg?width=900 900w\" sizes=\"auto, (max-width: 2560px) 100vw, 2560px\"\/><figcaption class=\"wp-element-caption\">A propriedade conta com uma pequena garagem separada.<\/figcaption><\/figure>\n<p><i>Siga John R. Ellement no X<\/i><a href=\"http:\/\/www.twitter.com\/JREbosglobe\"><i>  @JREbosglobe<\/i><\/a><i>. Enviar listagens para <\/i><a href=\"http:\/\/www.boston.com\/cdn-cgi\/l\/email-protection#a8c0c7c5cdc7cedcc0cddfcdcdc3e8cfc4c7cacd86cbc7c5\" target=\"_blank\" rel=\"noopener\"><i><span class=\"__cf_email__\" data-cfemail=\"096166646c666f7d616c7e6c6c62496e65666b6c276a6664\">[email\u00a0protected]<\/span><\/i><\/a><i>. Observa\u00e7\u00e3o: n\u00e3o apresentamos casas sem mob\u00edlia, a menos que sejam constru\u00e7\u00f5es novas ou reformas completas, e n\u00e3o responderemos a propostas que n\u00e3o consideraremos. <\/i><\/p>\n<div class=\"m-block m-generic-cta\t m-generic-cta--post-content\t m-generic-cta--dark\t m-generic-cta--homepage\t m-generic-cta--email-signup\t\t m-generic-cta-block-style--default \tt-amp__generic-cta\"><\/p>\n<div class=\"m-generic-cta__wrap\">\n<div class=\"m-generic-cta__content\">\n<h3 class=\"m-generic-cta__title\">Endere\u00e7o boletim informativo<\/h3>\n<p class=\"m-generic-cta__subtitle\">Receba as \u00faltimas not\u00edcias sobre compra, venda, aluguel, design de interiores e muito mais.<\/p>\n<\/p><\/div>\n<\/p><\/div>\n<\/div><\/div>\n<p><script async src=\"\/\/platform.twitter.com\/widgets.js\" charset=\"utf-8\"><\/script><script>\n\t\tvar consent=\"grant\";\n\t\t\/* The above code is parsing the JSON data from the local storage and storing it in a variable. *\/\n\t\t\t\t\tconst onetrustStorageConsent = JSON.parse(localStorage.getItem( 'consent_one_trust_bdc' ) );\n\t\t\tif ( ( onetrustStorageConsent !== null ) ) {\n\t\t\t\t\/* Checking to see if the user has consented to the use of cookies.\n\t\t\t\t* If they have not, it is deleting the cookie.\n\t\t\t\t* This will comment for now, until further notice.\n\t\t\t\t*\/\n\t\t\t\t\/\/if ( onetrustStorageConsent.C0002 === false ) {\n\t\t\t\t\/\/\tdocument.cookie=\"_fbp=;expires=Thu, 01 Jan 2010 00:00:00 UTC; path=\/; domain=.boston.com\";\n\t\t\t\t\/\/}\n\t\t\t\t\/* Checking if the user has given consent for the cookie C0002.\n\t\t\t\t* If the user has given consent, the variable consent will be set to 'grant'.\n\t\t\t\t* If the user has not given consent,the variable consent will be set to 'revoke'.\n\t\t\t\t* Documentation https:\/\/developers.facebook.com\/docs\/meta-pixel\/implementation\/gdpr\n\t\t\t\t*\/\n\t\t\t\tif ( onetrustStorageConsent.C0002 !== true ) {\n\t\t\t\t\tconsent=\"revoke\";\n\t\t\t\t}\n\t\t\t}\n\t\t\t\t!function(f,b,e,v,n,t,s)\n\t\t{if(f.fbq)return;n=f.fbq=function(){n.callMethod?\n\t\tn.callMethod.apply(n,arguments):n.queue.push(arguments)};\n\t\tif(!f._fbq)f._fbq=n;n.push=n;n.loaded=!0;n.version='2.0';\n\t\tn.queue=[];t=b.createElement(e);t.async=!0;\n\t\tt.src=v;s=b.getElementsByTagName(e)[0];\n\t\ts.parentNode.insertBefore(t,s)}(window, document,'script',\n\t\t'https:\/\/connect.facebook.net\/en_US\/fbevents.js');\n\t\tfbq('consent', consent);\n\t\tfbq('init', '989222871864976');\n\t\tfbq('track', 'PageView');\n\t<\/script><script type=\"module\">\n\t\tvar consent=\"grant\";\n\t\t\/* The above code is parsing the JSON data from the local storage and storing it in a variable. *\/\n\t\t\tconst onetrustStorageConsent = JSON.parse(localStorage.getItem( 'consent_one_trust_bdc' ) );\n\t\t\t\/* Checking to see if the user has consented to the use of cookies.\n\t\t\t* If they have not, it is deleting the cookie.\n\t\t\t* This will comment for now, until further notice.\n\t\t\t*\/\n\t\t\t\/\/if ( onetrustStorageConsent.C0002 === false ) {\n\t\t\t\/\/\tdocument.cookie=\"_fbp=;expires=Thu, 01 Jan 2010 00:00:00 UTC; path=\/; domain=.boston.com\";\n\t\t\t\/\/}\n\t\t\t\/* Checking if the user has given consent for the cookie C0002.\n\t\t\t* If the user has given consent, the variable consent will be set to 'grant'.\n\t\t\t* If the user has not given consent,the variable consent will be set to 'revoke'.\n\t\t\t* Documentation https:\/\/developers.facebook.com\/docs\/meta-pixel\/implementation\/gdpr\n\t\t\t*\/\n\t\t\tif ( ( onetrustStorageConsent !== null ) && (onetrustStorageConsent.C0002 !== true ) ) {\n\t\t\t\tconsent=\"revoke\";\n\t\t\t}\n\t\t\t\t!function(f,b,e,v,n,t,s){if(f.fbq)return;n=f.fbq=function()\n\t\t{n.callMethod? n.callMethod.apply(n,arguments):n.queue.push(arguments)}\n\t\t;if(!f._fbq)f._fbq=n;\n\t\tn.push=n;n.loaded=!0;n.version='2.0';n.queue=[];t=b.createElement(e);t.async=!0;\n\t\tt.src=v;s=b.getElementsByTagName(e)[0];s.parentNode.insertBefore(t,s)}(window,\n\t\tdocument,'script','https:\/\/connect.facebook.net\/en_US\/fbevents.js');\n\t\tfbq('consent', consent);\n\t\tfbq('init', '813236348753005');\n\t\tfbq('track', \"PageView\");\n\t<\/script><br \/>\n<br \/><br \/>\n<br \/><a href=\"https:\/\/www.boston.com\/real-estate\/home-of-the-week\/2024\/07\/31\/home-of-week-four-bedroom-getaway-marthas-vineyard\/\">Source link <\/a><\/p>","protected":false},"excerpt":{"rendered":"<p>Casa da Semana Propriedade para tr\u00eas esta\u00e7\u00f5es, com mais de um quarto de acre, disp\u00f5e de varanda envolvente e chuveiro ao ar livre. Vista a\u00e9rea da casa com o oceano&hellip;<\/p>","protected":false},"author":1,"featured_media":13257,"comment_status":"closed","ping_status":"open","sticky":false,"template":"","format":"standard","meta":{"content-type":"","footnotes":""},"categories":[1],"tags":[],"class_list":["post-13256","post","type-post","status-publish","format-standard","has-post-thumbnail","hentry","category-uncategorized"],"_links":{"self":[{"href":"https:\/\/tvbrazilusa.com\/pt\/wp-json\/wp\/v2\/posts\/13256","targetHints":{"allow":["GET"]}}],"collection":[{"href":"https:\/\/tvbrazilusa.com\/pt\/wp-json\/wp\/v2\/posts"}],"about":[{"href":"https:\/\/tvbrazilusa.com\/pt\/wp-json\/wp\/v2\/types\/post"}],"author":[{"embeddable":true,"href":"https:\/\/tvbrazilusa.com\/pt\/wp-json\/wp\/v2\/users\/1"}],"replies":[{"embeddable":true,"href":"https:\/\/tvbrazilusa.com\/pt\/wp-json\/wp\/v2\/comments?post=13256"}],"version-history":[{"count":1,"href":"https:\/\/tvbrazilusa.com\/pt\/wp-json\/wp\/v2\/posts\/13256\/revisions"}],"predecessor-version":[{"id":13258,"href":"https:\/\/tvbrazilusa.com\/pt\/wp-json\/wp\/v2\/posts\/13256\/revisions\/13258"}],"wp:featuredmedia":[{"embeddable":true,"href":"https:\/\/tvbrazilusa.com\/pt\/wp-json\/wp\/v2\/media\/13257"}],"wp:attachment":[{"href":"https:\/\/tvbrazilusa.com\/pt\/wp-json\/wp\/v2\/media?parent=13256"}],"wp:term":[{"taxonomy":"category","embeddable":true,"href":"https:\/\/tvbrazilusa.com\/pt\/wp-json\/wp\/v2\/categories?post=13256"},{"taxonomy":"post_tag","embeddable":true,"href":"https:\/\/tvbrazilusa.com\/pt\/wp-json\/wp\/v2\/tags?post=13256"}],"curies":[{"name":"wp","href":"https:\/\/api.w.org\/{rel}","templated":true}]}}