{"id":132619,"date":"2026-04-27T10:43:00","date_gmt":"2026-04-27T10:43:00","guid":{"rendered":"https:\/\/tvbrazilusa.com\/2026\/04\/27\/quem-e-cole-allen-autor-de-invasao-armada-em-evento-com-trump\/"},"modified":"2026-04-27T11:07:15","modified_gmt":"2026-04-27T11:07:15","slug":"quem-e-cole-allen-autor-de-invasao-armada-em-evento-com-trump","status":"publish","type":"post","link":"https:\/\/tvbrazilusa.com\/pt\/2026\/04\/27\/quem-e-cole-allen-autor-de-invasao-armada-em-evento-com-trump\/","title":{"rendered":"Quem \u00e9 Cole Allen, autor de invas\u00e3o armada em evento com Trump"},"content":{"rendered":"<p> <script async src=\"https:\/\/pagead2.googlesyndication.com\/pagead\/js\/adsbygoogle.js?client=ca-pub-8864793242727901\"\r\n     crossorigin=\"anonymous\"><\/script><br \/>\n<\/p>\n<div id=\"cd-article-content\">\n<p><strong><a href=\"https:\/\/en.wikipedia.org\/wiki\/File:Arrest_of_Cole_Tomas_Allen.jpg\" target=\"_blank\" rel=\"noopener\">Cole Allen<\/a><\/strong>, de 31 anos, foi preso no \u00faltimo s\u00e1bado (25) ap\u00f3s tentar invadir armado o tradicional jantar de correspondentes da <strong><a href=\"https:\/\/claudiodantas.com.br\/tag\/casa-branca\/\" data-type=\"post_tag\" data-id=\"2528\">Casa Branca<\/a><\/strong>, em Washington, evento que contava com a presen\u00e7a do presidente <strong><a href=\"https:\/\/claudiodantas.com.br\/tag\/trump\/\" data-type=\"post_tag\" data-id=\"8380\">Donald Trump<\/a><\/strong>, da primeira-dama Melania Trump e de integrantes do governo do republicano.<\/p>\n<p><a href=\"https:\/\/whatsapp.com\/channel\/0029VaTFkH2HVvTbkE883x1x\" target=\"_blank\" class=\"whatsapp-channel-message\" rel=\"noopener\">\u2705 Siga o canal do Claudio Dantas no WhatsApp<\/a><\/p>\n<p>Morador de Torrance, na regi\u00e3o de Los Angeles, Allen teve a casa isolada pelo FBI, que investiga a motiva\u00e7\u00e3o do ataque. At\u00e9 agora, as autoridades indicam, e o pr\u00f3prio Trump j\u00e1 confirmou, que ele agiu sozinho.<\/p>\n<p>Segundo a pol\u00edcia dos EUA, Cole Allen estava <em>\u201carmado com uma espingarda, uma pistola e v\u00e1rias facas\u201d <\/em>ao atravessar um posto de seguran\u00e7a e avan\u00e7ar em dire\u00e7\u00e3o ao sal\u00e3o principal do evento. Durante a a\u00e7\u00e3o, convidados se esconderam sob mesas, enquanto Trump e a primeira-dama, al\u00e9m do vice JD Vance, foram retirados do local.<\/p>\n<p>Cole Allen \u00e9 engenheiro mec\u00e2nico, com forma\u00e7\u00e3o pelo Instituto de Tecnologia da Calif\u00f3rnia (Caltech), e possui mestrado em Ci\u00eancia da Computa\u00e7\u00e3o. Ele trabalhava como tutor e desenvolvedor de software educacional na Calif\u00f3rnia.<\/p>\n<div class=\"wp-block-image\">\n<figure class=\"aligncenter size-full\"><figcaption class=\"wp-element-caption\"><strong>Foto: Reprodu\u00e7\u00e3o\/Redes sociais<\/strong><\/figcaption><\/figure>\n<\/div>\n<p>Registros indicam que o atirador atuava desde 2020 como professor particular e tamb\u00e9m colaborava com organiza\u00e7\u00f5es educacionais. O presidente de uma dessas institui\u00e7\u00f5es o descreveu como \u201cmuito inteligente, com um s\u00f3lido conhecimento de biologia, matem\u00e1tica e ci\u00eancias\u201d, al\u00e9m de \u201cuma pessoa gentil e calma\u201d.<\/p>\n<p>Antes do ataque, Allen deixou um manifesto \u00e0 fam\u00edlia. Segundo relato do irm\u00e3o \u00e0s autoridades, o documento indicava a inten\u00e7\u00e3o de atingir funcion\u00e1rios do governo.<\/p>\n<p>De acordo com a Casa Branca, o tutor mantinha publica\u00e7\u00f5es com teor anti-Trump e anticrist\u00e3o nas redes sociais. Em entrevista \u00e0 Fox News, Trump afirmou que o material mostra que \u201cele odeia os crist\u00e3os\u201d.<\/p>\n<p>Allen tamb\u00e9m fez uma doa\u00e7\u00e3o de US$ 25 \u00e0 campanha da democrata Kamala Harris \u00e0 Presid\u00eancia em 2024, segundo registros eleitorais.<\/p>\n<p>A investiga\u00e7\u00e3o aponta que ele viajou de trem de Los Angeles para Chicago e, depois, para Washington, onde se hospedou no hotel Washington Hilton dias antes do evento.<\/p>\n<p>O procurador-geral interino, Todd Blanche, afirmou que o atirador \u201ctinha como alvo pessoas que trabalham no governo, provavelmente incluindo o presidente [Trump]\u201d.<\/p>\n<p>Allen foi indiciado por agress\u00e3o a agente federal, disparo de arma de fogo e tentativa de homic\u00eddio contra agente federal. As acusa\u00e7\u00f5es ser\u00e3o formalizadas hoje (27) na Justi\u00e7a de Washington.<\/p>\n<\/div>\n<p><script type=\"5ef6b9399e035ad7e127e6e1-text\/javascript\">!function(f,b,e,v,n,t,s){if(f.fbq)return;n=f.fbq=function(){n.callMethod?n.callMethod.apply(n,arguments):n.queue.push(arguments)};if(!f._fbq)f._fbq=n;n.push=n;n.loaded=!0;n.version='2.0';n.queue=[];t=b.createElement(e);t.async=!0;t.src=v;s=b.getElementsByTagName(e)[0];s.parentNode.insertBefore(t,s)}(window,document,'script','https:\/\/connect.facebook.net\/en_US\/fbevents.js');fbq('init','1423865622537930');fbq('track','PageView');<\/script><br \/>\n<br \/><br \/>\n<br \/><a href=\"https:\/\/claudiodantas.com.br\/cole-allen-autor-invasao-armada-evento-trump\/\">Source link <\/a><\/p>","protected":false},"excerpt":{"rendered":"<p>Cole Allen, de 31 anos, foi preso no \u00faltimo s\u00e1bado (25) ap\u00f3s tentar invadir armado o tradicional jantar de correspondentes da Casa Branca, em Washington, evento que contava com a&hellip;<\/p>","protected":false},"author":1,"featured_media":132620,"comment_status":"closed","ping_status":"open","sticky":false,"template":"","format":"standard","meta":{"content-type":"","footnotes":""},"categories":[16],"tags":[],"class_list":["post-132619","post","type-post","status-publish","format-standard","has-post-thumbnail","hentry","category-noticias"],"_links":{"self":[{"href":"https:\/\/tvbrazilusa.com\/pt\/wp-json\/wp\/v2\/posts\/132619","targetHints":{"allow":["GET"]}}],"collection":[{"href":"https:\/\/tvbrazilusa.com\/pt\/wp-json\/wp\/v2\/posts"}],"about":[{"href":"https:\/\/tvbrazilusa.com\/pt\/wp-json\/wp\/v2\/types\/post"}],"author":[{"embeddable":true,"href":"https:\/\/tvbrazilusa.com\/pt\/wp-json\/wp\/v2\/users\/1"}],"replies":[{"embeddable":true,"href":"https:\/\/tvbrazilusa.com\/pt\/wp-json\/wp\/v2\/comments?post=132619"}],"version-history":[{"count":1,"href":"https:\/\/tvbrazilusa.com\/pt\/wp-json\/wp\/v2\/posts\/132619\/revisions"}],"predecessor-version":[{"id":132621,"href":"https:\/\/tvbrazilusa.com\/pt\/wp-json\/wp\/v2\/posts\/132619\/revisions\/132621"}],"wp:featuredmedia":[{"embeddable":true,"href":"https:\/\/tvbrazilusa.com\/pt\/wp-json\/wp\/v2\/media\/132620"}],"wp:attachment":[{"href":"https:\/\/tvbrazilusa.com\/pt\/wp-json\/wp\/v2\/media?parent=132619"}],"wp:term":[{"taxonomy":"category","embeddable":true,"href":"https:\/\/tvbrazilusa.com\/pt\/wp-json\/wp\/v2\/categories?post=132619"},{"taxonomy":"post_tag","embeddable":true,"href":"https:\/\/tvbrazilusa.com\/pt\/wp-json\/wp\/v2\/tags?post=132619"}],"curies":[{"name":"wp","href":"https:\/\/api.w.org\/{rel}","templated":true}]}}