{"id":132622,"date":"2026-04-27T13:20:00","date_gmt":"2026-04-27T13:20:00","guid":{"rendered":"https:\/\/tvbrazilusa.com\/2026\/04\/27\/as-diferencas-entre-zema-e-flavio-sobre-privatizacoes\/"},"modified":"2026-04-27T13:57:45","modified_gmt":"2026-04-27T13:57:45","slug":"as-diferencas-entre-zema-e-flavio-sobre-privatizacoes","status":"publish","type":"post","link":"https:\/\/tvbrazilusa.com\/pt\/2026\/04\/27\/as-diferencas-entre-zema-e-flavio-sobre-privatizacoes\/","title":{"rendered":"As diferen\u00e7as entre Zema e Fl\u00e1vio sobre privatiza\u00e7\u00f5es"},"content":{"rendered":"<p> <script async src=\"https:\/\/pagead2.googlesyndication.com\/pagead\/js\/adsbygoogle.js?client=ca-pub-8864793242727901\"\r\n     crossorigin=\"anonymous\"><\/script><br \/>\n<\/p>\n<div id=\"cd-article-content\">\n<p>Em v\u00eddeo divulgado ontem (26) nas redes sociais, o ex-governador de Minas <strong><a href=\"https:\/\/claudiodantas.com.br\/tag\/zema\/\" data-type=\"post_tag\" data-id=\"5145\">Romeu Zema (Novo)<\/a><\/strong> defendeu um programa amplo de <strong><a href=\"https:\/\/claudiodantas.com.br\/tag\/privatizacoes\/\" data-type=\"post_tag\" data-id=\"3563\">privatiza\u00e7\u00f5es<\/a><\/strong> caso seja eleito presidente da Rep\u00fablica, incluindo estatais estrat\u00e9gicas como <strong><a href=\"https:\/\/claudiodantas.com.br\/tag\/petrobras\/\" data-type=\"post_tag\" data-id=\"233\">Petrobras<\/a><\/strong> e <strong><a href=\"https:\/\/pt.wikipedia.org\/wiki\/Banco_do_Brasil\" target=\"_blank\" rel=\"noopener\">Banco do Brasil (BB)<\/a><\/strong>.<\/p>\n<p><a href=\"https:\/\/whatsapp.com\/channel\/0029VaTFkH2HVvTbkE883x1x\" target=\"_blank\" class=\"whatsapp-channel-message\" rel=\"noopener\">\u2705 Siga o canal do Claudio Dantas no WhatsApp<\/a><\/p>\n<p>Segundo a CNN Brasil, a posi\u00e7\u00e3o do mineiro contrasta com a do tamb\u00e9m pr\u00e9-candidato \u00e0 Presid\u00eancia Fl\u00e1vio Bolsonaro (PL-RJ), que adota uma abordagem mais restritiva sobre o tema.<\/p>\n<p>No mesmo v\u00eddeo, Zema prometeu \u201cpassar a faca nos super sal\u00e1rios, mordomias e esquemas que sustentam os intoc\u00e1veis de Bras\u00edlia\u201d.<\/p>\n<figure class=\"wp-block-embed aligncenter is-type-rich is-provider-twitter wp-block-embed-twitter\"\/>\n<p>Fl\u00e1vio, por outro lado, tem uma vis\u00e3o diferente sobre as privatiza\u00e7\u00f5es. De acordo com auxiliares do filho de Jair, que conversaram com a CNN, ele \u00e9 <em>\u201ccontr\u00e1rio \u00e0 privatiza\u00e7\u00e3o de segmentos estrat\u00e9gicos, como o de combust\u00edveis\u201d.<\/em><\/p>\n<p>Em seu programa de governo, segundo a emissora, Fl\u00e1vio <em>\u201cdeve propor uma pol\u00edtica respons\u00e1vel de privatiza\u00e7\u00f5es, avaliando caso a caso\u201d<\/em>. Os Correios aparecem entre as estatais mencionadas como poss\u00edveis alvos de privatiza\u00e7\u00e3o.<\/p>\n<div class=\"wp-block-image\">\n<figure class=\"aligncenter size-full is-resized\"><figcaption class=\"wp-element-caption\"><strong>Foto: Reprodu\u00e7\u00e3o<\/strong><\/figcaption><\/figure>\n<\/div>\n<\/div>\n<p><script type=\"f2d879bf0a9bb9ed8c2fb41e-text\/javascript\">!function(f,b,e,v,n,t,s){if(f.fbq)return;n=f.fbq=function(){n.callMethod?n.callMethod.apply(n,arguments):n.queue.push(arguments)};if(!f._fbq)f._fbq=n;n.push=n;n.loaded=!0;n.version='2.0';n.queue=[];t=b.createElement(e);t.async=!0;t.src=v;s=b.getElementsByTagName(e)[0];s.parentNode.insertBefore(t,s)}(window,document,'script','https:\/\/connect.facebook.net\/en_US\/fbevents.js');fbq('init','1423865622537930');fbq('track','PageView');<\/script><br \/>\n<br \/><br \/>\n<br \/><a href=\"https:\/\/claudiodantas.com.br\/diferencas-zema-flavio-privatizacoes\/\">Source link <\/a><\/p>","protected":false},"excerpt":{"rendered":"<p>Em v\u00eddeo divulgado ontem (26) nas redes sociais, o ex-governador de Minas Romeu Zema (Novo) defendeu um programa amplo de privatiza\u00e7\u00f5es caso seja eleito presidente da Rep\u00fablica, incluindo estatais estrat\u00e9gicas&hellip;<\/p>","protected":false},"author":1,"featured_media":132623,"comment_status":"closed","ping_status":"open","sticky":false,"template":"","format":"standard","meta":{"content-type":"","footnotes":""},"categories":[16],"tags":[],"class_list":["post-132622","post","type-post","status-publish","format-standard","has-post-thumbnail","hentry","category-noticias"],"_links":{"self":[{"href":"https:\/\/tvbrazilusa.com\/pt\/wp-json\/wp\/v2\/posts\/132622","targetHints":{"allow":["GET"]}}],"collection":[{"href":"https:\/\/tvbrazilusa.com\/pt\/wp-json\/wp\/v2\/posts"}],"about":[{"href":"https:\/\/tvbrazilusa.com\/pt\/wp-json\/wp\/v2\/types\/post"}],"author":[{"embeddable":true,"href":"https:\/\/tvbrazilusa.com\/pt\/wp-json\/wp\/v2\/users\/1"}],"replies":[{"embeddable":true,"href":"https:\/\/tvbrazilusa.com\/pt\/wp-json\/wp\/v2\/comments?post=132622"}],"version-history":[{"count":1,"href":"https:\/\/tvbrazilusa.com\/pt\/wp-json\/wp\/v2\/posts\/132622\/revisions"}],"predecessor-version":[{"id":132624,"href":"https:\/\/tvbrazilusa.com\/pt\/wp-json\/wp\/v2\/posts\/132622\/revisions\/132624"}],"wp:featuredmedia":[{"embeddable":true,"href":"https:\/\/tvbrazilusa.com\/pt\/wp-json\/wp\/v2\/media\/132623"}],"wp:attachment":[{"href":"https:\/\/tvbrazilusa.com\/pt\/wp-json\/wp\/v2\/media?parent=132622"}],"wp:term":[{"taxonomy":"category","embeddable":true,"href":"https:\/\/tvbrazilusa.com\/pt\/wp-json\/wp\/v2\/categories?post=132622"},{"taxonomy":"post_tag","embeddable":true,"href":"https:\/\/tvbrazilusa.com\/pt\/wp-json\/wp\/v2\/tags?post=132622"}],"curies":[{"name":"wp","href":"https:\/\/api.w.org\/{rel}","templated":true}]}}