{"id":132625,"date":"2026-04-27T14:34:38","date_gmt":"2026-04-27T14:34:38","guid":{"rendered":"https:\/\/tvbrazilusa.com\/2026\/04\/27\/pt-tenta-ligar-caso-master-a-bolsonaro-flavio-responde\/"},"modified":"2026-04-27T14:39:54","modified_gmt":"2026-04-27T14:39:54","slug":"pt-tenta-ligar-caso-master-a-bolsonaro-flavio-responde","status":"publish","type":"post","link":"https:\/\/tvbrazilusa.com\/pt\/2026\/04\/27\/pt-tenta-ligar-caso-master-a-bolsonaro-flavio-responde\/","title":{"rendered":"PT tenta ligar caso Master a Bolsonaro; Fl\u00e1vio responde"},"content":{"rendered":"<p> <script async src=\"https:\/\/pagead2.googlesyndication.com\/pagead\/js\/adsbygoogle.js?client=ca-pub-8864793242727901\"\r\n     crossorigin=\"anonymous\"><\/script><br \/>\n<\/p>\n<div id=\"cd-article-content\">\n<p>O <a href=\"https:\/\/pt.org.br\/\" target=\"_blank\" rel=\"noopener\">PT<\/a>, do Lula, divulgou um v\u00eddeo nesse final de semana durante o congresso nacional do partido, que tenta associar a fam\u00edlia do ex-presidente Jair Bolsonaro ao esc\u00e2ndalo do Banco Master.<\/p>\n<p><a href=\"https:\/\/whatsapp.com\/channel\/0029VaTFkH2HVvTbkE883x1x\" target=\"_blank\" class=\"whatsapp-channel-message\" rel=\"noopener\">\u2705 Siga o canal do Claudio Dantas no WhatsApp<\/a><\/p>\n<p>A pe\u00e7a foi apresentada durante congresso nacional do partido e passou a circular nas redes sociais. No conte\u00fado, o epis\u00f3dio \u00e9 chamado de \u201cBolsoMaster\u201d e menciona a rela\u00e7\u00e3o de pessoas ligadas ao banco com doa\u00e7\u00f5es eleitorais.<\/p>\n<p>O material tamb\u00e9m afirma que o senador <a href=\"https:\/\/claudiodantas.com.br\/vox-brasil-flavio-lula-sp-1o-2o-turno\/\">Fl\u00e1vio <\/a>Bolsonaro teria liga\u00e7\u00e3o com o caso, o que foi negado pela defesa. Segundo a assessoria, as acusa\u00e7\u00f5es s\u00e3o \u201cmentirosas e absurdas\u201d.<\/p>\n<figure class=\"wp-block-image size-large\"><figcaption class=\"wp-element-caption\">V\u00eddeo do PT tenta vincular senador Fl\u00e1vio Bolsonaro ao caso Master\u00a0<em>Foto:\u00a0@metropoles via Instagram<\/em><\/figcaption><\/figure>\n<p>\u00c0 <em>CNN<\/em>, Fl\u00e1vio respondeu \u00e0 ofensiva e citou encontro entre Lula e o banqueiro Daniel Vorcaro, ocorrido em 2024. A reuni\u00e3o n\u00e3o constou na agenda oficial.<\/p>\n<p>\u201cMentira tem perna curta e nove dedos. Quem se encontrou com Daniel Vorcaro no escurinho do Pal\u00e1cio do Alvorada foi o Lula, e n\u00e3o o <a href=\"https:\/\/claudiodantas.com.br\/flavio-bolsonaro-diz-zema-e-vitima-militancia\/\">Bolsonaro<\/a>. O Pix \u00e9 do Bolsonaro e o Master \u00e9 do Lula\u201d, afirmou.<\/p>\n<p>O presidente do Partido Liberal, Valdemar Costa Neto, tamb\u00e9m criticou o conte\u00fado divulgado pelo PT.<\/p>\n<p>\u201cOs senadores do PT n\u00e3o assinam a CPI do Banco Master. Por que n\u00e3o querem a CPI?\u201d, questionou.<\/p>\n<p>O caso Master \u00e9 investigado pela Pol\u00edcia Federal do Brasil e envolve rela\u00e7\u00f5es com agentes pol\u00edticos de diferentes partidos.<\/p>\n<p>O tema passou a ser explorado no debate pol\u00edtico e deve integrar a disputa eleitoral entre os principais nomes colocados para 2026.<\/p>\n<\/div>\n<p><script type=\"52091d8fa12372e63ac56522-text\/javascript\">!function(f,b,e,v,n,t,s){if(f.fbq)return;n=f.fbq=function(){n.callMethod?n.callMethod.apply(n,arguments):n.queue.push(arguments)};if(!f._fbq)f._fbq=n;n.push=n;n.loaded=!0;n.version='2.0';n.queue=[];t=b.createElement(e);t.async=!0;t.src=v;s=b.getElementsByTagName(e)[0];s.parentNode.insertBefore(t,s)}(window,document,'script','https:\/\/connect.facebook.net\/en_US\/fbevents.js');fbq('init','1423865622537930');fbq('track','PageView');<\/script><br \/>\n<br \/><br \/>\n<br \/><a href=\"https:\/\/claudiodantas.com.br\/pt-tenta-ligar-caso-master-a-bolsonaro-flavio-responde\/\">Source link <\/a><\/p>","protected":false},"excerpt":{"rendered":"<p>O PT, do Lula, divulgou um v\u00eddeo nesse final de semana durante o congresso nacional do partido, que tenta associar a fam\u00edlia do ex-presidente Jair Bolsonaro ao esc\u00e2ndalo do Banco&hellip;<\/p>","protected":false},"author":1,"featured_media":132626,"comment_status":"closed","ping_status":"open","sticky":false,"template":"","format":"standard","meta":{"content-type":"","footnotes":""},"categories":[16],"tags":[],"class_list":["post-132625","post","type-post","status-publish","format-standard","has-post-thumbnail","hentry","category-noticias"],"_links":{"self":[{"href":"https:\/\/tvbrazilusa.com\/pt\/wp-json\/wp\/v2\/posts\/132625","targetHints":{"allow":["GET"]}}],"collection":[{"href":"https:\/\/tvbrazilusa.com\/pt\/wp-json\/wp\/v2\/posts"}],"about":[{"href":"https:\/\/tvbrazilusa.com\/pt\/wp-json\/wp\/v2\/types\/post"}],"author":[{"embeddable":true,"href":"https:\/\/tvbrazilusa.com\/pt\/wp-json\/wp\/v2\/users\/1"}],"replies":[{"embeddable":true,"href":"https:\/\/tvbrazilusa.com\/pt\/wp-json\/wp\/v2\/comments?post=132625"}],"version-history":[{"count":1,"href":"https:\/\/tvbrazilusa.com\/pt\/wp-json\/wp\/v2\/posts\/132625\/revisions"}],"predecessor-version":[{"id":132627,"href":"https:\/\/tvbrazilusa.com\/pt\/wp-json\/wp\/v2\/posts\/132625\/revisions\/132627"}],"wp:featuredmedia":[{"embeddable":true,"href":"https:\/\/tvbrazilusa.com\/pt\/wp-json\/wp\/v2\/media\/132626"}],"wp:attachment":[{"href":"https:\/\/tvbrazilusa.com\/pt\/wp-json\/wp\/v2\/media?parent=132625"}],"wp:term":[{"taxonomy":"category","embeddable":true,"href":"https:\/\/tvbrazilusa.com\/pt\/wp-json\/wp\/v2\/categories?post=132625"},{"taxonomy":"post_tag","embeddable":true,"href":"https:\/\/tvbrazilusa.com\/pt\/wp-json\/wp\/v2\/tags?post=132625"}],"curies":[{"name":"wp","href":"https:\/\/api.w.org\/{rel}","templated":true}]}}