{"id":132634,"date":"2026-04-27T15:42:37","date_gmt":"2026-04-27T15:42:37","guid":{"rendered":"https:\/\/tvbrazilusa.com\/2026\/04\/27\/quaest-mostra-empate-entre-cinco-candidatos-ao-senado-no-rj\/"},"modified":"2026-04-27T15:48:34","modified_gmt":"2026-04-27T15:48:34","slug":"quaest-mostra-empate-entre-cinco-candidatos-ao-senado-no-rj","status":"publish","type":"post","link":"https:\/\/tvbrazilusa.com\/pt\/2026\/04\/27\/quaest-mostra-empate-entre-cinco-candidatos-ao-senado-no-rj\/","title":{"rendered":"Quaest mostra empate entre cinco candidatos ao Senado no RJ"},"content":{"rendered":"<p> <script async src=\"https:\/\/pagead2.googlesyndication.com\/pagead\/js\/adsbygoogle.js?client=ca-pub-8864793242727901\"\r\n     crossorigin=\"anonymous\"><\/script><br \/>\n<\/p>\n<div id=\"cd-article-content\">\n<p>Pesquisa da <a href=\"https:\/\/quaest.com.br\/\" target=\"_blank\" rel=\"noopener\">Quaest <\/a>divulgada hoje (27) mostra empate t\u00e9cnico entre pr\u00e9-candidatos ao Senado pelo Rio de Janeiro. O ex-governador Cl\u00e1udio <a href=\"https:\/\/claudiodantas.com.br\/tse-mantem-inelegibilidade-de-castro\/\">Castro <\/a>(PL) aparece com 12% das inten\u00e7\u00f5es de voto, enquanto a deputada federal Benedita da Silva (PT) registra 10% em dois cen\u00e1rios.<\/p>\n<p><a href=\"https:\/\/whatsapp.com\/channel\/0029VaTFkH2HVvTbkE883x1x\" target=\"_blank\" class=\"whatsapp-channel-message\" rel=\"noopener\">\u2705 Siga o canal do Claudio Dantas no WhatsApp<\/a><\/p>\n<p>Em um terceiro cen\u00e1rio, sem a presen\u00e7a de Castro, o deputado federal Marcelo Crivella (Republicanos) aparece com 8%, enquanto <a href=\"https:\/\/claudiodantas.com.br\/benedita-da-silva-prendeu-beira-mar-e-outros-criminosos-sem-dar-um-tiro\/\">Benedita <\/a>soma 11%.<\/p>\n<figure class=\"wp-block-image size-full\"><\/figure>\n<p>Os resultados indicam empate t\u00e9cnico nos tr\u00eas cen\u00e1rios, considerando a margem de erro de tr\u00eas pontos percentuais.<\/p>\n<p>A pesquisa perguntou aos entrevistados em quem votariam no primeiro turno caso a disputa ocorresse entre os nomes apresentados.<\/p>\n<p>O levantamento ouviu 1.200 eleitores entre os dias 21 e 25 de abril. O n\u00edvel de confian\u00e7a \u00e9 de 95%.<\/p>\n<p>O estudo foi encomendado pelo Banco Genial e registrado no Tribunal Superior Eleitoral sob o n\u00famero RJ-00613\/2026.<\/p>\n<\/div>\n<p><script type=\"5c4a15d1f75f62de14b2fcba-text\/javascript\">!function(f,b,e,v,n,t,s){if(f.fbq)return;n=f.fbq=function(){n.callMethod?n.callMethod.apply(n,arguments):n.queue.push(arguments)};if(!f._fbq)f._fbq=n;n.push=n;n.loaded=!0;n.version='2.0';n.queue=[];t=b.createElement(e);t.async=!0;t.src=v;s=b.getElementsByTagName(e)[0];s.parentNode.insertBefore(t,s)}(window,document,'script','https:\/\/connect.facebook.net\/en_US\/fbevents.js');fbq('init','1423865622537930');fbq('track','PageView');<\/script><br \/>\n<br \/><br \/>\n<br \/><a href=\"https:\/\/claudiodantas.com.br\/quaest-mostra-empate-entre-cinco-candidatos-ao-senado-no-rj\/\">Source link <\/a><\/p>","protected":false},"excerpt":{"rendered":"<p>Pesquisa da Quaest divulgada hoje (27) mostra empate t\u00e9cnico entre pr\u00e9-candidatos ao Senado pelo Rio de Janeiro. O ex-governador Cl\u00e1udio Castro (PL) aparece com 12% das inten\u00e7\u00f5es de voto, enquanto&hellip;<\/p>","protected":false},"author":1,"featured_media":132635,"comment_status":"closed","ping_status":"open","sticky":false,"template":"","format":"standard","meta":{"content-type":"","footnotes":""},"categories":[16],"tags":[],"class_list":["post-132634","post","type-post","status-publish","format-standard","has-post-thumbnail","hentry","category-noticias"],"_links":{"self":[{"href":"https:\/\/tvbrazilusa.com\/pt\/wp-json\/wp\/v2\/posts\/132634","targetHints":{"allow":["GET"]}}],"collection":[{"href":"https:\/\/tvbrazilusa.com\/pt\/wp-json\/wp\/v2\/posts"}],"about":[{"href":"https:\/\/tvbrazilusa.com\/pt\/wp-json\/wp\/v2\/types\/post"}],"author":[{"embeddable":true,"href":"https:\/\/tvbrazilusa.com\/pt\/wp-json\/wp\/v2\/users\/1"}],"replies":[{"embeddable":true,"href":"https:\/\/tvbrazilusa.com\/pt\/wp-json\/wp\/v2\/comments?post=132634"}],"version-history":[{"count":1,"href":"https:\/\/tvbrazilusa.com\/pt\/wp-json\/wp\/v2\/posts\/132634\/revisions"}],"predecessor-version":[{"id":132636,"href":"https:\/\/tvbrazilusa.com\/pt\/wp-json\/wp\/v2\/posts\/132634\/revisions\/132636"}],"wp:featuredmedia":[{"embeddable":true,"href":"https:\/\/tvbrazilusa.com\/pt\/wp-json\/wp\/v2\/media\/132635"}],"wp:attachment":[{"href":"https:\/\/tvbrazilusa.com\/pt\/wp-json\/wp\/v2\/media?parent=132634"}],"wp:term":[{"taxonomy":"category","embeddable":true,"href":"https:\/\/tvbrazilusa.com\/pt\/wp-json\/wp\/v2\/categories?post=132634"},{"taxonomy":"post_tag","embeddable":true,"href":"https:\/\/tvbrazilusa.com\/pt\/wp-json\/wp\/v2\/tags?post=132634"}],"curies":[{"name":"wp","href":"https:\/\/api.w.org\/{rel}","templated":true}]}}