{"id":132650,"date":"2026-04-27T16:31:51","date_gmt":"2026-04-27T16:31:51","guid":{"rendered":"https:\/\/tvbrazilusa.com\/2026\/04\/27\/gilmar-assume-linha-de-frente-do-stf-contra-o-mundo-paulo-figueiredo\/"},"modified":"2026-04-27T16:32:32","modified_gmt":"2026-04-27T16:32:32","slug":"gilmar-assume-linha-de-frente-do-stf-contra-o-mundo-paulo-figueiredo","status":"publish","type":"post","link":"https:\/\/tvbrazilusa.com\/pt\/2026\/04\/27\/gilmar-assume-linha-de-frente-do-stf-contra-o-mundo-paulo-figueiredo\/","title":{"rendered":"Gilmar assume linha de frente do STF contra o mundo &#8211; Paulo Figueiredo"},"content":{"rendered":"<p> <script async src=\"https:\/\/pagead2.googlesyndication.com\/pagead\/js\/adsbygoogle.js?client=ca-pub-8864793242727901\"\r\n     crossorigin=\"anonymous\"><\/script><br \/>\n<\/p>\n<div id=\"wtr-content\" data-bg=\"#FFFFFF\" data-fg=\"#006d91\" data-width=\"25\" data-mute=\"1\" data-fgopacity=\"1.00\" data-mutedopacity=\"0.5\" data-placement=\"bottom\" data-placement-offset=\"0\" data-content-offset=\"262\" data-placement-touch=\"bottom\" data-placement-offset-touch=\"0\" data-transparent=\"\" data-shadow=\"0\" data-touch=\"1\" data-non-touch=\"1\" data-comments=\"0\" data-commentsbg=\"transparent\" data-location=\"page\" data-mutedfg=\"#006d91\" data-endfg=\"#006d91\" data-rtl=\"\">\n<h4 class=\"wp-block-heading\">Com\u00a0Moraes\u00a0submerso e v\u00e1cuo deixado por Fachin, Gilmar Mendes assumiu defesa do STF e de seus colegas, retribuindo gentilezas\u00a0passadas<\/h4>\n<p>O ministro\u00a0Gilmar Mendes\u00a0assumiu uma tarefa ingrata. O atual decano do STF puxou para si o protagonismo e assumiu a linha de frente no embate com a imprensa, com o Congresso e com qualquer outro cr\u00edtico da Corte.<\/p>\n<p>O movimento coincide com a\u00a0resist\u00eancia interna da ala pragm\u00e1tica do Supremo ao atual presidente do tribunal, Edson Fachin, e com o v\u00e1cuo deixado pelo pr\u00f3prio Fachin, que resiste a colocar a m\u00e3o no fogo pelos colegas.<\/p>\n<p>A investida de Gilmar tamb\u00e9m acontece no momento em que o ministro\u00a0Alexandre de Moraes, protagonista do Supremo desde 2019, precisou submergir ap\u00f3s ver seu nome dragado para o esc\u00e2ndalo do Caso Master.<\/p>\n<p>At\u00e9 ent\u00e3o, Moraes figurava como personagem principal no STF, por aguentar a press\u00e3o de ser o relator da \u201ctrama golpista\u201d e por encarnar o papel de inquisidor-mor do bolsonarismo durante e depois do governo Bolsonaro.<\/p>\n<p>Ap\u00f3s a imprensa divulgar que a esposa de Moraes tinha um contrato de R$ 129 milh\u00f5es com\u00a0Daniel Vorcaro, Gilmar assumiu a tarefa de se expor mais diretamente e defender seus colegas de Corte,\u00a0retribuindo gentilezas passadas.<\/p>\n<p>Foi Moraes que, em 2019, se colocou na linha de tiro ao suspender investiga\u00e7\u00f5es da Receita Federal sobre Gilmar e sua ent\u00e3o esposa, a advogada Guimar Mendes, afastando auditores do \u00f3rg\u00e3o e paralisando eventuais apura\u00e7\u00f5es.<\/p>\n<p>Gilmar tamb\u00e9m \u00e9 especialmente grato ao ministro Dias Toffoli. Em 2019, enquanto presidente do STF, Toffoli abriu o pol\u00eamico inqu\u00e9rito das fake news, justamente em um momento que o atual decano era um dos alvos das cr\u00edticas.<\/p>\n<h4 class=\"wp-block-heading\">Estrat\u00e9gia defensiva<\/h4>\n<p>A retribui\u00e7\u00e3o de gentilezas de Gilmar vai al\u00e9m dos pedidos de investiga\u00e7\u00e3o e da rodada de entrevistas que ele tem dado para contra-atacar os cr\u00edticos do STF. O decano tamb\u00e9m assinou decis\u00f5es que ajudaram seus colegas.<\/p>\n<p>Foi Gilmar, por exemplo, quem impediu que os sigilos da Maridt, empresa da fam\u00edlia de\u00a0Toffoli\u00a0chegassem \u00e0 CPI do Crime Organizado no Senado e, consequentemente, vazassem para a imprensa que cobria a comiss\u00e3o.<\/p>\n<p>Independentemente das rela\u00e7\u00f5es comerciais com o Banco Master, os documentos iriam expor Toffoli, de forma semelhante ao que aconteceu com Vorcaro e com F\u00e1bio Lu\u00eds da Silva, o Lulinha,\u00a0na CPMI do INSS.<\/p>\n<p>O decano do STF tamb\u00e9m assumiu o dever de comprar a briga com o relator da CPI do Crime, senador\u00a0Alessandro Vieira\u00a0(MDB-SE), que pediu o indiciamento de Toffoli, de Moraes e do pr\u00f3prio Gilmar eu seu relat\u00f3rio final.<\/p>\n<p>Foi Gilmar quem acionou o procurador-geral da Rep\u00fablica, Paulo Gonet, pedindo investiga\u00e7\u00e3o contra Vieira. \u00c9 ele tamb\u00e9m quem espalha a tese de que o senador n\u00e3o estaria protegido pela imunidade parlamentar neste caso.<\/p>\n<h4 class=\"wp-block-heading\">As entrevistas de Gilmar<\/h4>\n<p>O ministro tem se dedicado ainda a defender a Corte diante das acusa\u00e7\u00f5es de rela\u00e7\u00f5es com Vorcaro. Nas \u00faltimas semanas, ele agendou entrevistas com os principais ve\u00edculos de comunica\u00e7\u00e3o do pa\u00eds. Entre eles, o\u00a0<strong>Metr\u00f3poles<\/strong>.<\/p>\n<p>Em entrevista ao\u00a0<em>Jornal da Globo<\/em>, por exemplo, Gilmar culpou a imprensa, e n\u00e3o seus colegas de Supremo ou at\u00e9 mesmo caciques pol\u00edticos do Centr\u00f5a, por levar o Caso Master \u00e0 Pra\u00e7a dos Tr\u00eas Poderes.<\/p>\n<p>Ele ainda comprou a briga p\u00fablica com o ex-governador de Minas,\u00a0Romeu Zema, ap\u00f3s o pr\u00e9-candidato do Novo \u00e0 Presid\u00eancia\u00a0subir o tom em sua plataforma eleitoral\u00a0contra \u201cabusos\u201d de ministros do Supremo.<\/p>\n<p>Gilmar pediu que Moraes inclua Zema no inqu\u00e9rito das fake news \u2014 que virou um balaio de gato, onde cabe qualquer defesa de ministros do STF \u2014 por uma propaganda com fantoches representando membros da Corte.<\/p>\n<p>O movimento de Gilmar, na avalia\u00e7\u00e3o de integrantes e observadores do Judici\u00e1rio, foi coordenado com Moraes, Toffoli e Fl\u00e1vio Dino, \u00faltimo integrante do quarteto que d\u00e1 as cartas no STF.<\/p>\n<p><strong><a href=\"https:\/\/www.metropoles.com\/colunas\/igor-gadelha\/gilmar-assume-linha-de-frente-do-stf-contra-o-mundo\">Cr\u00e9dito Metr\u00f3poles<\/a><\/strong><\/p>\n<\/div>\n<p><br \/>\n<br \/><a href=\"https:\/\/paulofigueiredoshow.com\/gilmar-assume-linha-de-frente-do-stf-contra-o-mundo\/\">Source link <\/a><\/p>","protected":false},"excerpt":{"rendered":"<p>Com\u00a0Moraes\u00a0submerso e v\u00e1cuo deixado por Fachin, Gilmar Mendes assumiu defesa do STF e de seus colegas, retribuindo gentilezas\u00a0passadas O ministro\u00a0Gilmar Mendes\u00a0assumiu uma tarefa ingrata. O atual decano do STF puxou&hellip;<\/p>","protected":false},"author":1,"featured_media":129375,"comment_status":"closed","ping_status":"open","sticky":false,"template":"","format":"standard","meta":{"content-type":"","footnotes":""},"categories":[16],"tags":[],"class_list":["post-132650","post","type-post","status-publish","format-standard","has-post-thumbnail","hentry","category-noticias"],"_links":{"self":[{"href":"https:\/\/tvbrazilusa.com\/pt\/wp-json\/wp\/v2\/posts\/132650","targetHints":{"allow":["GET"]}}],"collection":[{"href":"https:\/\/tvbrazilusa.com\/pt\/wp-json\/wp\/v2\/posts"}],"about":[{"href":"https:\/\/tvbrazilusa.com\/pt\/wp-json\/wp\/v2\/types\/post"}],"author":[{"embeddable":true,"href":"https:\/\/tvbrazilusa.com\/pt\/wp-json\/wp\/v2\/users\/1"}],"replies":[{"embeddable":true,"href":"https:\/\/tvbrazilusa.com\/pt\/wp-json\/wp\/v2\/comments?post=132650"}],"version-history":[{"count":1,"href":"https:\/\/tvbrazilusa.com\/pt\/wp-json\/wp\/v2\/posts\/132650\/revisions"}],"predecessor-version":[{"id":132651,"href":"https:\/\/tvbrazilusa.com\/pt\/wp-json\/wp\/v2\/posts\/132650\/revisions\/132651"}],"wp:featuredmedia":[{"embeddable":true,"href":"https:\/\/tvbrazilusa.com\/pt\/wp-json\/wp\/v2\/media\/129375"}],"wp:attachment":[{"href":"https:\/\/tvbrazilusa.com\/pt\/wp-json\/wp\/v2\/media?parent=132650"}],"wp:term":[{"taxonomy":"category","embeddable":true,"href":"https:\/\/tvbrazilusa.com\/pt\/wp-json\/wp\/v2\/categories?post=132650"},{"taxonomy":"post_tag","embeddable":true,"href":"https:\/\/tvbrazilusa.com\/pt\/wp-json\/wp\/v2\/tags?post=132650"}],"curies":[{"name":"wp","href":"https:\/\/api.w.org\/{rel}","templated":true}]}}