{"id":132652,"date":"2026-04-27T16:32:58","date_gmt":"2026-04-27T16:32:58","guid":{"rendered":"https:\/\/tvbrazilusa.com\/2026\/04\/27\/vorcaro-quer-fechar-delacao-ate-o-fim-da-semana-paulo-figueiredo\/"},"modified":"2026-04-27T16:38:42","modified_gmt":"2026-04-27T16:38:42","slug":"vorcaro-quer-fechar-delacao-ate-o-fim-da-semana-paulo-figueiredo","status":"publish","type":"post","link":"https:\/\/tvbrazilusa.com\/pt\/2026\/04\/27\/vorcaro-quer-fechar-delacao-ate-o-fim-da-semana-paulo-figueiredo\/","title":{"rendered":"Vorcaro quer fechar dela\u00e7\u00e3o at\u00e9 o fim da semana &#8211; Paulo Figueiredo"},"content":{"rendered":"<p> <script async src=\"https:\/\/pagead2.googlesyndication.com\/pagead\/js\/adsbygoogle.js?client=ca-pub-8864793242727901\"\r\n     crossorigin=\"anonymous\"><\/script><br \/>\n<\/p>\n<div id=\"wtr-content\" data-bg=\"#FFFFFF\" data-fg=\"#006d91\" data-width=\"25\" data-mute=\"1\" data-fgopacity=\"1.00\" data-mutedopacity=\"0.5\" data-placement=\"bottom\" data-placement-offset=\"0\" data-content-offset=\"262\" data-placement-touch=\"bottom\" data-placement-offset-touch=\"0\" data-transparent=\"\" data-shadow=\"0\" data-touch=\"1\" data-non-touch=\"1\" data-comments=\"0\" data-commentsbg=\"transparent\" data-location=\"page\" data-mutedfg=\"#006d91\" data-endfg=\"#006d91\" data-rtl=\"\">\n<h4 class=\"wp-block-heading\">Dono do Banco Master, Daniel Vorcaro trabalha para fechar proposta dela\u00e7\u00e3o premiada ainda nesta semana, para envi\u00e1-la ao STF<\/h4>\n<p>Preso na Superintend\u00eancia da\u00a0Pol\u00edcia Federal\u00a0(PF) em Bras\u00edlia desde 19 de mar\u00e7o, o banqueiro\u00a0Daniel Vorcaro\u00a0trabalha para fechar sua proposta de\u00a0dela\u00e7\u00e3o premiada\u00a0ainda nesta semana.<\/p>\n<p>A ideia dele \u00e9 entregar o material \u00e0 PF e \u00e0 Procuradoria-Geral da Rep\u00fablica (PGR) no in\u00edcio de maio.\u00a0De l\u00e1, a proposta ser\u00e1 enviada ao ministro do STF\u00a0Andr\u00e9 Mendon\u00e7a, para homologa\u00e7\u00e3o.<\/p>\n<p>Desde que foi transferido para a Superintend\u00eancia da PF, Vorcaro tem tido reuni\u00f5es diariamente com seus advogados. Os encontros acontecem nos dias de semana, das 9h \u00e0s 17h.<\/p>\n<p>Nem mesmo a\u00a0infec\u00e7\u00e3o urin\u00e1ria que Vorcaro teve\u00a0paralisou as reuni\u00f5es.\u00a0O \u00fanico per\u00edodo em que n\u00e3o houve encontros\u00a0foi nos cinco dias em que a PF n\u00e3o permitiu, por causa de uma dedetiza\u00e7\u00e3o e do feriado.<\/p>\n<h4 class=\"wp-block-heading\">A negocia\u00e7\u00e3o para dela\u00e7\u00e3o<\/h4>\n<p>A dela\u00e7\u00e3o tem sido negociada pelo advogado Jos\u00e9 Lu\u00eds Oliveira Lima, o Juca. Um dos filhos de Juca que tamb\u00e9m \u00e9 advogado tem ajudado o pai nas reuni\u00f5es com o dono do Master na pris\u00e3o.<\/p>\n<p>Outro que atua na dela\u00e7\u00e3o \u00e9 o advogado S\u00e9rgio Leonardo. Amigo de Vorcaro, S\u00e9rgio tamb\u00e9m \u00e9 um dos respons\u00e1veis por organizar a log\u00edstica das reuni\u00f5es e visitas ao banqueiro.<\/p>\n<p>Em sua dela\u00e7\u00e3o, Vorcaro deve entregar pol\u00edticos, empres\u00e1rios e agentes do mercado financeiro que participaram do esquema. Ele tamb\u00e9m\u00a0pretende devolver uma grande quantia de dinheiro.<\/p>\n<p><strong><a href=\"https:\/\/www.metropoles.com\/colunas\/igor-gadelha\/vorcaro-quer-fechar-delacao-ate-o-final-da-semana\">Cr\u00e9dito Metr\u00f3poles<\/a><\/strong><\/p>\n<\/div>\n<p><br \/>\n<br \/><a href=\"https:\/\/paulofigueiredoshow.com\/vorcaro-quer-fechar-delacao-ate-o-fim-da-semana\/\">Source link <\/a><\/p>","protected":false},"excerpt":{"rendered":"<p>Dono do Banco Master, Daniel Vorcaro trabalha para fechar proposta dela\u00e7\u00e3o premiada ainda nesta semana, para envi\u00e1-la ao STF Preso na Superintend\u00eancia da\u00a0Pol\u00edcia Federal\u00a0(PF) em Bras\u00edlia desde 19 de mar\u00e7o,&hellip;<\/p>","protected":false},"author":1,"featured_media":129315,"comment_status":"closed","ping_status":"open","sticky":false,"template":"","format":"standard","meta":{"content-type":"","footnotes":""},"categories":[16],"tags":[],"class_list":["post-132652","post","type-post","status-publish","format-standard","has-post-thumbnail","hentry","category-noticias"],"_links":{"self":[{"href":"https:\/\/tvbrazilusa.com\/pt\/wp-json\/wp\/v2\/posts\/132652","targetHints":{"allow":["GET"]}}],"collection":[{"href":"https:\/\/tvbrazilusa.com\/pt\/wp-json\/wp\/v2\/posts"}],"about":[{"href":"https:\/\/tvbrazilusa.com\/pt\/wp-json\/wp\/v2\/types\/post"}],"author":[{"embeddable":true,"href":"https:\/\/tvbrazilusa.com\/pt\/wp-json\/wp\/v2\/users\/1"}],"replies":[{"embeddable":true,"href":"https:\/\/tvbrazilusa.com\/pt\/wp-json\/wp\/v2\/comments?post=132652"}],"version-history":[{"count":1,"href":"https:\/\/tvbrazilusa.com\/pt\/wp-json\/wp\/v2\/posts\/132652\/revisions"}],"predecessor-version":[{"id":132653,"href":"https:\/\/tvbrazilusa.com\/pt\/wp-json\/wp\/v2\/posts\/132652\/revisions\/132653"}],"wp:featuredmedia":[{"embeddable":true,"href":"https:\/\/tvbrazilusa.com\/pt\/wp-json\/wp\/v2\/media\/129315"}],"wp:attachment":[{"href":"https:\/\/tvbrazilusa.com\/pt\/wp-json\/wp\/v2\/media?parent=132652"}],"wp:term":[{"taxonomy":"category","embeddable":true,"href":"https:\/\/tvbrazilusa.com\/pt\/wp-json\/wp\/v2\/categories?post=132652"},{"taxonomy":"post_tag","embeddable":true,"href":"https:\/\/tvbrazilusa.com\/pt\/wp-json\/wp\/v2\/tags?post=132652"}],"curies":[{"name":"wp","href":"https:\/\/api.w.org\/{rel}","templated":true}]}}