{"id":132662,"date":"2026-04-27T17:01:22","date_gmt":"2026-04-27T17:01:22","guid":{"rendered":"https:\/\/tvbrazilusa.com\/2026\/04\/27\/gilmar-mendes-ignora-caso-master-e-prepara-maior-edicao-do-gilmarpalooza-paulo-figueiredo\/"},"modified":"2026-04-27T17:06:23","modified_gmt":"2026-04-27T17:06:23","slug":"gilmar-mendes-ignora-caso-master-e-prepara-maior-edicao-do-gilmarpalooza-paulo-figueiredo","status":"publish","type":"post","link":"https:\/\/tvbrazilusa.com\/pt\/2026\/04\/27\/gilmar-mendes-ignora-caso-master-e-prepara-maior-edicao-do-gilmarpalooza-paulo-figueiredo\/","title":{"rendered":"Gilmar Mendes ignora caso Master e prepara maior edi\u00e7\u00e3o do \u201cGilmarpalooza\u201d &#8211; Paulo Figueiredo"},"content":{"rendered":"<p> <script async src=\"https:\/\/pagead2.googlesyndication.com\/pagead\/js\/adsbygoogle.js?client=ca-pub-8864793242727901\"\r\n     crossorigin=\"anonymous\"><\/script><br \/>\n<\/p>\n<div id=\"wtr-content\" data-bg=\"#FFFFFF\" data-fg=\"#006d91\" data-width=\"25\" data-mute=\"1\" data-fgopacity=\"1.00\" data-mutedopacity=\"0.5\" data-placement=\"bottom\" data-placement-offset=\"0\" data-content-offset=\"262\" data-placement-touch=\"bottom\" data-placement-offset-touch=\"0\" data-transparent=\"\" data-shadow=\"0\" data-touch=\"1\" data-non-touch=\"1\" data-comments=\"0\" data-commentsbg=\"transparent\" data-location=\"page\" data-mutedfg=\"#006d91\" data-endfg=\"#006d91\" data-rtl=\"\">\n<p>Mesmo em meio \u00e0s repercuss\u00f5es do caso Banco Master, que exp\u00f4s rela\u00e7\u00f5es entre empres\u00e1rios e autoridades, o ministro Gilmar Mendes, do Supremo Tribunal Federal (STF), articula a maior edi\u00e7\u00e3o do F\u00f3rum de Lisboa, conhecido como \u201cGilmarpalooza\u201d. O evento, marcado para junho em Portugal,\u00a0deve reunir magistrados, pol\u00edticos e empres\u00e1rios\u00a0em meio a cr\u00edticas sobre transpar\u00eancia, patroc\u00ednios e poss\u00edveis conflitos de interesse.<\/p>\n<p>A proposta do evento para 2026 \u00e9 ampliar a participa\u00e7\u00e3o de autoridades brasileiras e estrangeiras, al\u00e9m de representantes do setor privado, consolidando o encontro como um dos principais espa\u00e7os de articula\u00e7\u00e3o entre Judici\u00e1rio, pol\u00edtica e mercado. Revela\u00e7\u00f5es recentes sobre o caso do Banco Master, incluindo a rela\u00e7\u00e3o do banqueiro Daniel Vorcaro com autoridades e o financiamento de eventos paralelos no exterior, intensificaram o debate sobre transpar\u00eancia, \u00e9tica e limites na atua\u00e7\u00e3o de ministros do STF.<\/p>\n<p>O apelido \u201cGilmarpalooza\u201d surgiu como uma refer\u00eancia ao festival de m\u00fasica Lollapalooza, em alus\u00e3o ao tamanho e \u00e0 diversidade de participantes do encontro. Al\u00e9m dos pain\u00e9is e debates acad\u00eamicos, o evento costuma ser acompanhado por uma s\u00e9rie de agendas paralelas, como jantares, reuni\u00f5es privadas e encontros informais entre autoridades e representantes do setor privado.<\/p>\n<p>\u00c9 justamente essa combina\u00e7\u00e3o entre car\u00e1ter institucional e atividades sociais que tem gerado cr\u00edticas recorrentes. Especialistas apontam que a falta de transpar\u00eancia sobre financiamento, crit\u00e9rios de convite e participa\u00e7\u00e3o de patrocinadores levanta questionamentos sobre a proximidade entre interesses p\u00fablicos e privados em um ambiente fora do alcance direto dos mecanismos tradicionais de controle.<\/p>\n<p>Para o professor Paulo Ramirez, cientista pol\u00edtico da ESPM, o Supremo enfrenta um cen\u00e1rio de forte exposi\u00e7\u00e3o e press\u00e3o p\u00fablica. Segundo ele, o momento escolhido para a realiza\u00e7\u00e3o do evento tende a ampliar o desgaste j\u00e1 existente. \u201cO STF hoje passa pelo seu pior momento desde a redemocratiza\u00e7\u00e3o diante do esc\u00e2ndalo do Banco Master\u201d, afirma.<\/p>\n<p>Nesse contexto, a presen\u00e7a de ministros em eventos internacionais com participa\u00e7\u00e3o de empres\u00e1rios e advogados ganha novos contornos. Embora a presen\u00e7a em f\u00f3runs acad\u00eamicos n\u00e3o seja irregular, o ambiente em que esses encontros ocorrem e a aus\u00eancia de informa\u00e7\u00f5es detalhadas sobre financiamento e crit\u00e9rios de convite ampliam questionamentos sobre conflitos de interesses.<\/p>\n<p>Na avalia\u00e7\u00e3o do cientista pol\u00edtico Magno Karl, diretor-executivo do\u00a0<em>think tank\u00a0<\/em>Livres, o problema central n\u00e3o est\u00e1 necessariamente na legalidade, mas na percep\u00e7\u00e3o p\u00fablica. \u201cQualquer evento que coloque ministros da Corte em ambiente informal com operadores do mercado financeiro ser\u00e1 lido como problema de apar\u00eancia, ainda que n\u00e3o haja irregularidade\u201d, afirma.<\/p>\n<h4 class=\"wp-block-heading\">Vorcaro bancou viagens de autoridades ao \u201cGilmarpalooza\u201d<\/h4>\n<p>As investiga\u00e7\u00f5es sobre o caso Master revelaram que o banqueiro Daniel Vorcaro financiou despesas de autoridades brasileiras em eventos realizados no exterior, incluindo agendas paralelas ao F\u00f3rum de Lisboa. Segundo apura\u00e7\u00f5es da Pol\u00edcia Federal, os gastos envolveram passagens, hospedagem e atividades sociais, em um contexto que reuniu ministros de tribunais superiores, integrantes do governo e parlamentares.<\/p>\n<p>Reportagem da\u00a0<em>Folha de S.Paulo<\/em>, publicada em 10 de abril,\u00a0mostrou que os gastos totais do banqueiro com esses eventos envolvendo autoridades em 2024\u00a0chegaram a US$ 11,5 milh\u00f5es \u2014 cerca de R$ 60 milh\u00f5es, de acordo com a cota\u00e7\u00e3o oficial. \u00c0\u00a0<strong>Gazeta do Povo<\/strong>, a defesa de Vorcaro afirmou que n\u00e3o se pronunciar\u00e1 sobre a quest\u00e3o.<\/p>\n<p>No caso do \u201cGilmarpalooza\u201d, al\u00e9m da programa\u00e7\u00e3o oficial do evento, houve uma agenda paralela organizada pela equipe do empres\u00e1rio, com jantares, festas e encontros informais. As despesas totais na capital portuguesa chegaram a cerca de US$ 1,6 milh\u00e3o (R$ 8,3 milh\u00f5es), incluindo o fretamento de jatinhos para deslocamento de participantes que retornavam ao Brasil.<\/p>\n<p>A lista de convidados incluiu ministros do STF, integrantes de tribunais superiores, membros do Executivo e parlamentares. Os citados afirmaram que participaram dos eventos dentro de suas atribui\u00e7\u00f5es institucionais. J\u00e1 os especialistas apontam que o financiamento dessas agendas por agentes privados amplia questionamentos sobre transpar\u00eancia e poss\u00edveis conflitos de interesse.<\/p>\n<p>\u201cA linha entre\u00a0<em>networking<\/em>\u00a0leg\u00edtimo e conflito de interesses fica muito estreita\u201d, afirma o cientista pol\u00edtico Magno Karl.<\/p>\n<h4 class=\"wp-block-heading\">Eventos no exterior ampliam press\u00e3o por regras de conduta no STF<\/h4>\n<p>A realiza\u00e7\u00e3o de eventos internacionais com participa\u00e7\u00e3o de ministros do Supremo tem intensificado o debate sobre a necessidade de regras mais claras de conduta para integrantes da Corte. Em meio \u00e0s repercuss\u00f5es do caso Master e \u00e0s cr\u00edticas sobre rela\u00e7\u00f5es entre autoridades e o setor privado, cresce a press\u00e3o por maior transpar\u00eancia e limites na atua\u00e7\u00e3o de magistrados dentro e fora do pa\u00eds.<\/p>\n<p>Nos bastidores do pr\u00f3prio tribunal, o tema j\u00e1 come\u00e7ou a ser discutido. O presidente do STF, Edson Fachin, afirmou recentemente que h\u00e1 expectativa de aprova\u00e7\u00e3o, ainda neste ano, de um c\u00f3digo de \u00e9tica para os ministros da Corte. A proposta est\u00e1 sendo elaborada pela ministra C\u00e1rmen L\u00facia e deve estabelecer par\u00e2metros mais claros sobre comportamento, participa\u00e7\u00e3o em eventos e rela\u00e7\u00f5es institucionais.<\/p>\n<p>Segundo Fachin, o\u00a0debate vai al\u00e9m da cria\u00e7\u00e3o de regras formais\u00a0e envolve uma mudan\u00e7a de postura dos pr\u00f3prios magistrados. A avalia\u00e7\u00e3o \u00e9 de que a exposi\u00e7\u00e3o crescente do Supremo e os questionamentos recentes exigem maior cuidado na condu\u00e7\u00e3o de agendas p\u00fablicas e privadas, especialmente em contextos que envolvem intera\u00e7\u00e3o com interesses econ\u00f4micos.<\/p>\n<p>A discuss\u00e3o, no entanto, enfrenta resist\u00eancias dentro da pr\u00f3pria Corte. Parte dos ministros avalia que o momento pol\u00edtico \u2014 marcado por tens\u00e3o institucional e ano eleitoral \u2014 pode contaminar o debate e dificultar a constru\u00e7\u00e3o de consenso.<\/p>\n<p>Ainda assim, especialistas apontam que epis\u00f3dios recentes refor\u00e7am a necessidade de mecanismos mais claros de controle e\u00a0<em>accountability<\/em>\u00a0sobre a atua\u00e7\u00e3o dos membros do Judici\u00e1rio.<\/p>\n<p>Para o cientista pol\u00edtico Paulo Ramirez, o debate sobre regras de conduta est\u00e1 diretamente ligado ao momento vivido pela Corte. \u201cO problema hoje n\u00e3o est\u00e1 tanto na participa\u00e7\u00e3o no evento, mas no contexto em que ela ocorre\u201d, afirma.<\/p>\n<h4 class=\"wp-block-heading\">Gilmar Mendes ironiza apelido do \u201cGilmarpalooza\u201d<\/h4>\n<p>O ministro Gilmar Mendes minimizou as cr\u00edticas ao F\u00f3rum de Lisboa e reagiu com ironia ao apelido \u201cGilmarpalooza\u201d, usado por cr\u00edticos para se referir ao evento. Segundo ele, a express\u00e3o, inspirada no festival de m\u00fasica Lollapalooza, acabou se tornando um indicativo da dimens\u00e3o e da relev\u00e2ncia do encontro.<\/p>\n<p>\u201cAcho engra\u00e7ado. \u00c9 um case de sucesso. Falar at\u00e9 mal do f\u00f3rum para n\u00f3s \u00e9 \u00f3timo\u201d, afirmou o ministro em entrevista \u00e0\u00a0<em>BBC News<\/em>.<\/p>\n<p>Gilmar defende que o evento cumpre um papel institucional relevante ao reunir autoridades, acad\u00eamicos e especialistas para discutir temas jur\u00eddicos e pol\u00edticos de alcance global. Na avalia\u00e7\u00e3o do ministro, a presen\u00e7a de diferentes atores \u2014 inclusive do setor privado \u2014 refor\u00e7a o car\u00e1ter plural do encontro e contribui para o debate qualificado sobre os desafios contempor\u00e2neos.<\/p>\n<p>A edi\u00e7\u00e3o de 2026 do F\u00f3rum de Lisboa deve ser a maior j\u00e1 realizada, com expectativa de ampliar o n\u00famero de autoridades brasileiras e estrangeiras, al\u00e9m da participa\u00e7\u00e3o de representantes do setor privado e da academia. Com o tema \u201cNova ordem internacional, tecnologia e soberania\u201d, o encontro pretende discutir transforma\u00e7\u00f5es pol\u00edticas, econ\u00f4micas e institucionais em n\u00edvel global.<\/p>\n<p>Apesar da agenda formal, a expectativa \u00e9 de que o evento ocorra sob forte aten\u00e7\u00e3o pol\u00edtica. O caso Master e as discuss\u00f5es sobre a atua\u00e7\u00e3o de ministros do Supremo devem influenciar o ambiente do encontro, ainda que n\u00e3o estejam oficialmente na pauta.<\/p>\n<p>Para o professor Paulo Ramirez, o mal-estar j\u00e1 est\u00e1 instalado e deve acompanhar o evento. Nesse contexto, a atua\u00e7\u00e3o do ministro do STF tende a ampliar a exposi\u00e7\u00e3o do tema.<\/p>\n<p>\u201cGilmar Mendes \u00e9 um dos ministros mais midi\u00e1ticos do STF e se tornou uma esp\u00e9cie de porta-voz do Judici\u00e1rio, o que contribui para essa espetaculariza\u00e7\u00e3o da Corte\u201d, afirma.<\/p>\n<p>J\u00e1 Magno Karl avalia que o epis\u00f3dio refor\u00e7a um problema mais amplo na atua\u00e7\u00e3o do Supremo, que vai al\u00e9m de casos espec\u00edficos e atinge a pr\u00f3pria credibilidade institucional da Corte. Segundo ele, a combina\u00e7\u00e3o entre pr\u00e1ticas questionadas e percep\u00e7\u00e3o p\u00fablica negativa tende a aprofundar o desgaste. \u201cO STF tem hoje um problema de percep\u00e7\u00e3o e de pr\u00e1tica institucional \u2014 e os dois n\u00e3o s\u00e3o independentes\u201d, afirma.<\/p>\n<p><strong><a href=\"https:\/\/www.gazetadopovo.com.br\/republica\/gilmar-mendes-ignora-caso-master-e-prepara-maior-edicao-do-gilmarpalooza\/\">Cr\u00e9dito Gazeta do Povo<\/a><\/strong><\/p>\n<\/div>\n<p><br \/>\n<br \/><a href=\"https:\/\/paulofigueiredoshow.com\/gilmar-mendes-ignora-caso-master-e-prepara-maior-edicao-do-gilmarpalooza\/\">Source link <\/a><\/p>","protected":false},"excerpt":{"rendered":"<p>Mesmo em meio \u00e0s repercuss\u00f5es do caso Banco Master, que exp\u00f4s rela\u00e7\u00f5es entre empres\u00e1rios e autoridades, o ministro Gilmar Mendes, do Supremo Tribunal Federal (STF), articula a maior edi\u00e7\u00e3o do&hellip;<\/p>","protected":false},"author":1,"featured_media":132663,"comment_status":"closed","ping_status":"open","sticky":false,"template":"","format":"standard","meta":{"content-type":"","footnotes":""},"categories":[16],"tags":[],"class_list":["post-132662","post","type-post","status-publish","format-standard","has-post-thumbnail","hentry","category-noticias"],"_links":{"self":[{"href":"https:\/\/tvbrazilusa.com\/pt\/wp-json\/wp\/v2\/posts\/132662","targetHints":{"allow":["GET"]}}],"collection":[{"href":"https:\/\/tvbrazilusa.com\/pt\/wp-json\/wp\/v2\/posts"}],"about":[{"href":"https:\/\/tvbrazilusa.com\/pt\/wp-json\/wp\/v2\/types\/post"}],"author":[{"embeddable":true,"href":"https:\/\/tvbrazilusa.com\/pt\/wp-json\/wp\/v2\/users\/1"}],"replies":[{"embeddable":true,"href":"https:\/\/tvbrazilusa.com\/pt\/wp-json\/wp\/v2\/comments?post=132662"}],"version-history":[{"count":1,"href":"https:\/\/tvbrazilusa.com\/pt\/wp-json\/wp\/v2\/posts\/132662\/revisions"}],"predecessor-version":[{"id":132664,"href":"https:\/\/tvbrazilusa.com\/pt\/wp-json\/wp\/v2\/posts\/132662\/revisions\/132664"}],"wp:featuredmedia":[{"embeddable":true,"href":"https:\/\/tvbrazilusa.com\/pt\/wp-json\/wp\/v2\/media\/132663"}],"wp:attachment":[{"href":"https:\/\/tvbrazilusa.com\/pt\/wp-json\/wp\/v2\/media?parent=132662"}],"wp:term":[{"taxonomy":"category","embeddable":true,"href":"https:\/\/tvbrazilusa.com\/pt\/wp-json\/wp\/v2\/categories?post=132662"},{"taxonomy":"post_tag","embeddable":true,"href":"https:\/\/tvbrazilusa.com\/pt\/wp-json\/wp\/v2\/tags?post=132662"}],"curies":[{"name":"wp","href":"https:\/\/api.w.org\/{rel}","templated":true}]}}