{"id":132665,"date":"2026-04-27T17:50:00","date_gmt":"2026-04-27T17:50:00","guid":{"rendered":"https:\/\/tvbrazilusa.com\/2026\/04\/27\/zema-acerta-com-supremo-mas-erra-com-privatiza-geral\/"},"modified":"2026-04-27T18:56:37","modified_gmt":"2026-04-27T18:56:37","slug":"zema-acerta-com-supremo-mas-erra-com-privatiza-geral","status":"publish","type":"post","link":"https:\/\/tvbrazilusa.com\/pt\/2026\/04\/27\/zema-acerta-com-supremo-mas-erra-com-privatiza-geral\/","title":{"rendered":"Zema acerta com Supremo, mas erra com &#8216;privatiza geral&#8217;"},"content":{"rendered":"<p> <script async src=\"https:\/\/pagead2.googlesyndication.com\/pagead\/js\/adsbygoogle.js?client=ca-pub-8864793242727901\"\r\n     crossorigin=\"anonymous\"><\/script><br \/>\n<\/p>\n<div id=\"cd-article-content\">\n<p>Durante o programa <strong><a href=\"https:\/\/youtube.com\/playlist?list=PLW3vLqxTq1UTKhps4Wf561O7WCk9mVPL2&#038;si=O_AkDQn3jX5Udukk\" target=\"_blank\" rel=\"noopener\">ALive<\/a><\/strong> desta segunda-feira (27), o apresentador <strong><a href=\"https:\/\/claudiodantas.com.br\/tag\/claudio-dantas\/\" data-type=\"post_tag\" data-id=\"643\">Claudio Dantas<\/a><\/strong> afirmou que o ex-governador <strong><a href=\"https:\/\/claudiodantas.com.br\/tag\/zema\/\" data-type=\"post_tag\" data-id=\"5145\">Romeu Zema (Novo-MG)<\/a><\/strong>, pr\u00e9-candidato \u00e0 Presid\u00eancia, \u201cacertou\u201d e foi \u201cbem demais\u201d em cr\u00edticas recentes ao <strong><a href=\"https:\/\/portal.stf.jus.br\/\" target=\"_blank\" rel=\"noopener\">Supremo Tribunal Federal (STF)<\/a><\/strong>, mas que \u201cacerta em partes\u201d na agenda econ\u00f4mica.<\/p>\n<p><a href=\"https:\/\/whatsapp.com\/channel\/0029VaTFkH2HVvTbkE883x1x\" target=\"_blank\" class=\"whatsapp-channel-message\" rel=\"noopener\">\u2705 Siga o canal do Claudio Dantas no WhatsApp<\/a><\/p>\n<p>Em v\u00eddeo divulgado ontem (26) nas redes sociais, o pol\u00edtico mineiro defendeu a <strong><a href=\"https:\/\/claudiodantas.com.br\/tag\/privatizacao\/\" data-type=\"post_tag\" data-id=\"3618\">privatiza\u00e7\u00e3o<\/a><\/strong> da Petrobras e do Banco do Brasil (BB) caso seja eleito presidente.<\/p>\n<p>Segundo Dantas, a proposta de Zema de \u201cprivatizar tudo\u201d representa uma \u201cagenda importada l\u00e1 da d\u00e9cada de 90, dos neoliberais\u201d e j\u00e1 foi adotada no Brasil com resultados mistos. Afirmou ainda que o modelo trouxe \u201cmuitos avan\u00e7os\u201d e \u201cconsequ\u00eancias positivas\u201d, mas tamb\u00e9m foi marcado por problemas como a \u201cprivataria\u201d, definida por ele como \u201cproblema do nosso sistema que consegue deturpar qualquer modelo de neg\u00f3cio\u201d.<\/p>\n<p>\u201cPrivataria\u201d \u00e9 um termo usado para descrever processos de privatiza\u00e7\u00e3o com suspeitas de irregularidades, falta de transpar\u00eancia e favorecimento em negocia\u00e7\u00f5es de ativos p\u00fablicos.<\/p>\n<p>\u201cA gente hoje tem celular, mas os problemas seguem, os problemas continuam e muita gente ganhou muito dinheiro [com privatiza\u00e7\u00f5es], inclusive uma das maiores operadoras que hoje est\u00e1 a\u00ed em regime falimentar que \u00e9 a Oi\u201d, afirmou Dantas.<\/p>\n<p>Ao comentar o caso da Oi, o apresentador afirmou que a empresa surgiu de uma \u201cnegociata pol\u00edtica que permitiu a fus\u00e3o de duas outras operadoras com o aval do Lula e essa empresa, esse grupo, essa gigante nacional, essa super tele botou dinheiro depois na empresa do filho do presidente Lula, do Lulinha\u201d.<\/p>\n<p>\u201cEnt\u00e3o isso aqui \u00e9 s\u00f3 para sintetizar como \u00e9 que se d\u00e3o os processos aqui de privatiza\u00e7\u00e3o no Brasil, mesmo aqueles que a gente pode olhar como bem-sucedidos, n\u00f3s temos tamb\u00e9m v\u00e1rios outros mal-sucedidos\u201d, completou o jornalista.<\/p>\n<p>Para Dantas, o problema n\u00e3o est\u00e1 na privatiza\u00e7\u00e3o em si, mas em um \u201cproblema cultural\u201d de corrup\u00e7\u00e3o no pa\u00eds. Disse ainda que esquemas envolvendo Executivo e grandes empres\u00e1rios fazem parte de uma \u201cdistor\u00e7\u00e3o do capitalismo\u201d: \u201cA gente costuma chamar de capitalismo do compadrio, mas isso \u00e9 corrup\u00e7\u00e3o, isso \u00e9 voc\u00ea crescer nas barbas do Estado, o nosso sistema econ\u00f4mico \u00e9 esse\u201d.<\/p>\n<p>\u201cEnt\u00e3o eu realmente aqui me pergunto se mudou alguma coisa, 20, 30, 40 anos, porque o sistema permanece o mesmo, e a\u00ed quando essas solu\u00e7\u00f5es s\u00e3o sacadas da cartola, vamos privatizar tudo, parece solu\u00e7\u00e3o, mas privatizar de que, de quem, para quem? Vamos entregar Petrobras para quem, para a JBS ou para o BTG, ou quem sabe para o Ita\u00fa?\u201d, completou Dantas, em tom cr\u00edtico.<\/p>\n<div class=\"wp-block-image\">\n<figure class=\"aligncenter size-full\"><figcaption class=\"wp-element-caption\"><strong>Foto: Reprodu\u00e7\u00e3o\/YouTube @ClaudioDantasOficial<\/strong><\/figcaption><\/figure>\n<\/div>\n<h3 class=\"wp-block-heading\"><strong>ASSISTA AO PROGRAMA DE HOJE:<\/strong><\/h3>\n<figure class=\"wp-block-embed is-type-video is-provider-youtube wp-block-embed-youtube wp-embed-aspect-4-3 wp-has-aspect-ratio\">\n<p>\n<iframe title=\"Entenda o jogo de Lula para comprar votos da classe m\u00e9dia, enquanto turbina bancos\" width=\"1170\" height=\"658\" src=\"https:\/\/www.youtube.com\/embed\/5AyWUQLitYE?feature=oembed\" frameborder=\"0\" allow=\"accelerometer; autoplay; clipboard-write; encrypted-media; gyroscope; picture-in-picture; web-share\" referrerpolicy=\"strict-origin-when-cross-origin\" allowfullscreen><\/iframe>\n<\/p>\n<\/figure>\n<\/div>\n<p><script type=\"da1d59dc9e3cd4d7f28ff3a9-text\/javascript\">!function(f,b,e,v,n,t,s){if(f.fbq)return;n=f.fbq=function(){n.callMethod?n.callMethod.apply(n,arguments):n.queue.push(arguments)};if(!f._fbq)f._fbq=n;n.push=n;n.loaded=!0;n.version='2.0';n.queue=[];t=b.createElement(e);t.async=!0;t.src=v;s=b.getElementsByTagName(e)[0];s.parentNode.insertBefore(t,s)}(window,document,'script','https:\/\/connect.facebook.net\/en_US\/fbevents.js');fbq('init','1423865622537930');fbq('track','PageView');<\/script><br \/>\n<br \/><br \/>\n<br \/><a href=\"https:\/\/claudiodantas.com.br\/alive-zema-supremo-privatiza-geral\/\">Source link <\/a><\/p>","protected":false},"excerpt":{"rendered":"<p>Durante o programa ALive desta segunda-feira (27), o apresentador Claudio Dantas afirmou que o ex-governador Romeu Zema (Novo-MG), pr\u00e9-candidato \u00e0 Presid\u00eancia, \u201cacertou\u201d e foi \u201cbem demais\u201d em cr\u00edticas recentes ao&hellip;<\/p>","protected":false},"author":1,"featured_media":132666,"comment_status":"closed","ping_status":"open","sticky":false,"template":"","format":"standard","meta":{"content-type":"","footnotes":""},"categories":[16],"tags":[],"class_list":["post-132665","post","type-post","status-publish","format-standard","has-post-thumbnail","hentry","category-noticias"],"_links":{"self":[{"href":"https:\/\/tvbrazilusa.com\/pt\/wp-json\/wp\/v2\/posts\/132665","targetHints":{"allow":["GET"]}}],"collection":[{"href":"https:\/\/tvbrazilusa.com\/pt\/wp-json\/wp\/v2\/posts"}],"about":[{"href":"https:\/\/tvbrazilusa.com\/pt\/wp-json\/wp\/v2\/types\/post"}],"author":[{"embeddable":true,"href":"https:\/\/tvbrazilusa.com\/pt\/wp-json\/wp\/v2\/users\/1"}],"replies":[{"embeddable":true,"href":"https:\/\/tvbrazilusa.com\/pt\/wp-json\/wp\/v2\/comments?post=132665"}],"version-history":[{"count":1,"href":"https:\/\/tvbrazilusa.com\/pt\/wp-json\/wp\/v2\/posts\/132665\/revisions"}],"predecessor-version":[{"id":132667,"href":"https:\/\/tvbrazilusa.com\/pt\/wp-json\/wp\/v2\/posts\/132665\/revisions\/132667"}],"wp:featuredmedia":[{"embeddable":true,"href":"https:\/\/tvbrazilusa.com\/pt\/wp-json\/wp\/v2\/media\/132666"}],"wp:attachment":[{"href":"https:\/\/tvbrazilusa.com\/pt\/wp-json\/wp\/v2\/media?parent=132665"}],"wp:term":[{"taxonomy":"category","embeddable":true,"href":"https:\/\/tvbrazilusa.com\/pt\/wp-json\/wp\/v2\/categories?post=132665"},{"taxonomy":"post_tag","embeddable":true,"href":"https:\/\/tvbrazilusa.com\/pt\/wp-json\/wp\/v2\/tags?post=132665"}],"curies":[{"name":"wp","href":"https:\/\/api.w.org\/{rel}","templated":true}]}}