{"id":132671,"date":"2026-04-27T19:51:17","date_gmt":"2026-04-27T19:51:17","guid":{"rendered":"https:\/\/tvbrazilusa.com\/2026\/04\/27\/na-agrishow-flavio-bolsonaro-chama-lula-de-mercadoria-vencida-e-critica-atuacao-no-agro-paulo-figueiredo\/"},"modified":"2026-04-27T19:52:33","modified_gmt":"2026-04-27T19:52:33","slug":"na-agrishow-flavio-bolsonaro-chama-lula-de-mercadoria-vencida-e-critica-atuacao-no-agro-paulo-figueiredo","status":"publish","type":"post","link":"https:\/\/tvbrazilusa.com\/pt\/2026\/04\/27\/na-agrishow-flavio-bolsonaro-chama-lula-de-mercadoria-vencida-e-critica-atuacao-no-agro-paulo-figueiredo\/","title":{"rendered":"Na Agrishow, Fl\u00e1vio Bolsonaro chama Lula de \u201cmercadoria vencida\u201d e\u00a0critica\u00a0atua\u00e7\u00e3o no agro &#8211; Paulo Figueiredo"},"content":{"rendered":"<p> <script async src=\"https:\/\/pagead2.googlesyndication.com\/pagead\/js\/adsbygoogle.js?client=ca-pub-8864793242727901\"\r\n     crossorigin=\"anonymous\"><\/script><br \/>\n<\/p>\n<div id=\"wtr-content\" data-bg=\"#FFFFFF\" data-fg=\"#006d91\" data-width=\"25\" data-mute=\"1\" data-fgopacity=\"1.00\" data-mutedopacity=\"0.5\" data-placement=\"bottom\" data-placement-offset=\"0\" data-content-offset=\"262\" data-placement-touch=\"bottom\" data-placement-offset-touch=\"0\" data-transparent=\"\" data-shadow=\"0\" data-touch=\"1\" data-non-touch=\"1\" data-comments=\"0\" data-commentsbg=\"transparent\" data-location=\"page\" data-mutedfg=\"#006d91\" data-endfg=\"#006d91\" data-rtl=\"\">\n<p>O senador e pr\u00e9-candidato \u00e0 Presid\u00eancia, Fl\u00e1vio Bolsonaro (PL-RJ) criticou a a rela\u00e7\u00e3o com o agroneg\u00f3cio e a condi\u00e7\u00e3o pol\u00edtica do presidente Luiz In\u00e1cio Lula da Silva (PT), durante sua participa\u00e7\u00e3o na 31\u00aa Agrishow, em Ribeir\u00e3o Preto (SP).<\/p>\n<p>Fl\u00e1vio afirmou que Lula \u201ctrata o agro como lixo\u201d e sinalizou uma poss\u00edvel aproxima\u00e7\u00e3o do MDB com a centro-direita, mirando a forma\u00e7\u00e3o de alian\u00e7as para 2026.<\/p>\n<p>\u201cO agro est\u00e1 no cora\u00e7\u00e3o, est\u00e1 aqui na pele da nossa fam\u00edlia. A admira\u00e7\u00e3o e o respeito que sempre tivemos por esse setor \u00e9 t\u00e3o importante. E, infelizmente, [\u2026] tratado como lixo pelo atual governo. O agro n\u00e3o pode ser tratado assim como vil\u00e3o. O agro n\u00e3o \u00e9 vil\u00e3o, o agro \u00e9 solu\u00e7\u00e3o para este nosso pa\u00eds. \u00c9 uma insanidade pisar tanto em um setor como esse. Ali\u00e1s, em v\u00e1rios outros setores, o que n\u00f3s vemos do atual presidente da Rep\u00fablica \u00e9 o \u00f3dio\u201d, declarou o senador.<\/p>\n<p>Em paralelo, o senador tamb\u00e9m classificou o presidente como \u201cmercadoria vencida\u201d, afirmando que o petista apresenta \u201csinais de fadiga\u201d no exerc\u00edcio do cargo.\u00a0<\/p>\n<p>\u201cN\u00e3o est\u00e1 compensando mais investir no Brasil, o Brasil faliu. O Lula \u00e9 uma mercadoria que est\u00e1 vencida, ele est\u00e1 apresentando sinais de fadiga, que n\u00e3o tem mais energia e nem vontade de tocar esse pa\u00eds, parece que ele quer afundar cada vez mais o nosso Brasil, e deixar um problema para o pr\u00f3ximo presidente resolver\u201d, afirmou Fl\u00e1vio\u00a0em\u00a0coletiva de imprensa\u00a0concedida\u00a0ao lado do governador de S\u00e3o Paulo, Tarc\u00edsio de Freitas (Republicanos).<\/p>\n<h4 class=\"wp-block-heading\">Fl\u00e1vio Bolsonaro sinaliza aproxima\u00e7\u00e3o com o MDB\u00a0<\/h4>\n<p>Em meio ao\u00a0momento em que o Fl\u00e1vio Bolsonaro tenta atrair partidos de centro para sua campanha, o pr\u00e9-candidato fez um aceno ao MDB.\u00a0\u00a0<\/p>\n<p>\u201cTenho certeza\u00a0que\u00a0o\u00a0MDB est\u00e1 muito mais perto de c\u00e1 do que de l\u00e1. J\u00e1 foi assim com o prefeito\u00a0[de S\u00e3o Paulo]\u00a0Ricardo Nunes, est\u00e1 sendo assim agora com o Fel\u00edcio\u00a0Ramuth\u00a0[\u00a0vice-governador de S\u00e3o Paulo],\u00a0excelentes quadros no partido, e tenho a convic\u00e7\u00e3o de que n\u00f3s vamos fazer muito pelo nosso Pa\u00eds juntos\u201d, disse Fl\u00e1vio dirigindo-se a Baleia Rossi, presidente do MDB, presente na plateia.\u00a0<\/p>\n<p>O MDB, por\u00e9m, tem a tradi\u00e7\u00e3o de liberar seus diret\u00f3rios estaduais no pleito presidencial.<\/p>\n<h4 class=\"wp-block-heading\">Hist\u00f3rico recente da Agrishow revela desconforto do setor com o governo Lula<\/h4>\n<p>A Agrishow \u00e9 uma das principais feiras de tecnologia agr\u00edcola do mundo e j\u00e1 foi palco de situa\u00e7\u00f5es embara\u00e7osas para o governo petista. Em 2023, a cerim\u00f4nia de abertura do evento foi\u00a0cancelada\u00a0ap\u00f3s um\u00a0mal-estar com o governo federal\u00a0gerado pela\u00a0confirma\u00e7\u00e3o da presen\u00e7a do ex-presidente\u00a0Jair Bolsonaro\u00a0(PL).<\/p>\n<p>Em 2024, a organiza\u00e7\u00e3o da feira teve que mudar de estrat\u00e9gia. Naquele ano, a abertura oficial com a presen\u00e7a do ex-ministro da Agricultura Carlos F\u00e1varo e do vice-presidente da Rep\u00fablica, Geraldo Alckmin, ocorreu em cerim\u00f4nia reservada, em um domingo, enquanto a\u00a0abertura \u201cfestiva\u201d\u00a0foi realizada no dia seguinte, com a presen\u00e7a de Bolsonaro.<\/p>\n<p><strong><a href=\"https:\/\/www.gazetadopovo.com.br\/republica\/agrishow-flavio-bolsonaro-chama-lula-mercadoria-vencida-critica-atuacao-agro\/\">Cr\u00e9dito Gazeta do Povo<\/a><\/strong><\/p>\n<\/div>\n<p><br \/>\n<br \/><a href=\"https:\/\/paulofigueiredoshow.com\/na-agrishow-flavio-bolsonaro-chama-lula-de-mercadoria-vencida-e-critica-atuacao-no-agro\/\">Source link <\/a><\/p>","protected":false},"excerpt":{"rendered":"<p>O senador e pr\u00e9-candidato \u00e0 Presid\u00eancia, Fl\u00e1vio Bolsonaro (PL-RJ) criticou a a rela\u00e7\u00e3o com o agroneg\u00f3cio e a condi\u00e7\u00e3o pol\u00edtica do presidente Luiz In\u00e1cio Lula da Silva (PT), durante sua&hellip;<\/p>","protected":false},"author":1,"featured_media":130055,"comment_status":"closed","ping_status":"open","sticky":false,"template":"","format":"standard","meta":{"content-type":"","footnotes":""},"categories":[16],"tags":[],"class_list":["post-132671","post","type-post","status-publish","format-standard","has-post-thumbnail","hentry","category-noticias"],"_links":{"self":[{"href":"https:\/\/tvbrazilusa.com\/pt\/wp-json\/wp\/v2\/posts\/132671","targetHints":{"allow":["GET"]}}],"collection":[{"href":"https:\/\/tvbrazilusa.com\/pt\/wp-json\/wp\/v2\/posts"}],"about":[{"href":"https:\/\/tvbrazilusa.com\/pt\/wp-json\/wp\/v2\/types\/post"}],"author":[{"embeddable":true,"href":"https:\/\/tvbrazilusa.com\/pt\/wp-json\/wp\/v2\/users\/1"}],"replies":[{"embeddable":true,"href":"https:\/\/tvbrazilusa.com\/pt\/wp-json\/wp\/v2\/comments?post=132671"}],"version-history":[{"count":1,"href":"https:\/\/tvbrazilusa.com\/pt\/wp-json\/wp\/v2\/posts\/132671\/revisions"}],"predecessor-version":[{"id":132672,"href":"https:\/\/tvbrazilusa.com\/pt\/wp-json\/wp\/v2\/posts\/132671\/revisions\/132672"}],"wp:featuredmedia":[{"embeddable":true,"href":"https:\/\/tvbrazilusa.com\/pt\/wp-json\/wp\/v2\/media\/130055"}],"wp:attachment":[{"href":"https:\/\/tvbrazilusa.com\/pt\/wp-json\/wp\/v2\/media?parent=132671"}],"wp:term":[{"taxonomy":"category","embeddable":true,"href":"https:\/\/tvbrazilusa.com\/pt\/wp-json\/wp\/v2\/categories?post=132671"},{"taxonomy":"post_tag","embeddable":true,"href":"https:\/\/tvbrazilusa.com\/pt\/wp-json\/wp\/v2\/tags?post=132671"}],"curies":[{"name":"wp","href":"https:\/\/api.w.org\/{rel}","templated":true}]}}