{"id":132676,"date":"2026-04-27T20:02:33","date_gmt":"2026-04-27T20:02:33","guid":{"rendered":"https:\/\/tvbrazilusa.com\/2026\/04\/27\/carmen-lucia-impede-processo-de-ser-votado-no-stf-ha-13-anos-paulo-figueiredo\/"},"modified":"2026-04-27T20:04:31","modified_gmt":"2026-04-27T20:04:31","slug":"carmen-lucia-impede-processo-de-ser-votado-no-stf-ha-13-anos-paulo-figueiredo","status":"publish","type":"post","link":"https:\/\/tvbrazilusa.com\/pt\/2026\/04\/27\/carmen-lucia-impede-processo-de-ser-votado-no-stf-ha-13-anos-paulo-figueiredo\/","title":{"rendered":"C\u00e1rmen L\u00facia impede processo de ser votado no STF h\u00e1 13 anos &#8211; Paulo Figueiredo"},"content":{"rendered":"<p> <script async src=\"https:\/\/pagead2.googlesyndication.com\/pagead\/js\/adsbygoogle.js?client=ca-pub-8864793242727901\"\r\n     crossorigin=\"anonymous\"><\/script><br \/>\n<\/p>\n<div id=\"wtr-content\" data-bg=\"#FFFFFF\" data-fg=\"#006d91\" data-width=\"25\" data-mute=\"1\" data-fgopacity=\"1.00\" data-mutedopacity=\"0.5\" data-placement=\"bottom\" data-placement-offset=\"0\" data-content-offset=\"262\" data-placement-touch=\"bottom\" data-placement-offset-touch=\"0\" data-transparent=\"\" data-shadow=\"0\" data-touch=\"1\" data-non-touch=\"1\" data-comments=\"0\" data-commentsbg=\"transparent\" data-location=\"page\" data-mutedfg=\"#006d91\" data-endfg=\"#006d91\" data-rtl=\"\">\n<h4 class=\"wp-block-heading\">Ministra concedeu cautelar em processo sobre distribui\u00e7\u00e3o de royalties de petr\u00f3leo em 2013 e nunca mais devolveu caso para vota\u00e7\u00e3o<\/h4>\n<p>A ministra C\u00e1rmen L\u00facia, do Supremo Tribunal Federal (STF), bateu um recorde neste m\u00eas: mant\u00e9m h\u00e1 13 anos um processo parado em seu gabinete. Trata-se da medida cautelar mais antiga em tramita\u00e7\u00e3o na Corte.<\/p>\n<p>Em 18 de mar\u00e7o de 2013, a ministra decidiu, de forma monocr\u00e1tica, suspender diversos trechos de uma\u00a0lei aprovada pelo Congresso\u00a0que trata da distribui\u00e7\u00e3o dos royalties de petr\u00f3leo e g\u00e1s natural. Nunca mais devolveu o processo para julgamento no plen\u00e1rio.<\/p>\n<p>Pelas novas regras, os estados produtores \u2014 sobretudo Rio de Janeiro, Esp\u00edrito Santo e S\u00e3o Paulo \u2014, que detinham 26,25% dos royalties, passariam a receber 20%. Em contrapartida, a fatia destinada a estados e munic\u00edpios n\u00e3o produtores subiria de 8,75% para 40%. A mudan\u00e7a buscava reduzir a concentra\u00e7\u00e3o de receitas em cidades produtoras, ampliando a reparti\u00e7\u00e3o entre entes federativos que, embora impactados pela atividade, n\u00e3o participam diretamente da extra\u00e7\u00e3o.<\/p>\n<p>Enquanto o processo n\u00e3o \u00e9 liberado para julgamento, permanecem em vigor os crit\u00e9rios de distribui\u00e7\u00e3o anteriores \u00e0 Lei n\u00ba 12.734\/2012.<\/p>\n<p>Ao longo desses 13 anos, o caso chegou a ser pautado para julgamento no plen\u00e1rio, mas sucessivos recuos da pr\u00f3pria relatora impediram seu desfecho. Atendendo a pleitos de estados interessados, C\u00e1rmen L\u00facia suspendeu reiteradamente a an\u00e1lise, sob o argumento de que haveria espa\u00e7o para a constru\u00e7\u00e3o de um acordo federativo \u2014 entendimento que jamais se concretizou.<\/p>\n<p>A demora se acentua ainda mais diante de epis\u00f3dios recentes. Em 2022, a ent\u00e3o presidente do Supremo, Rosa Weber, determinou que todas as medidas cautelares em vigor fossem submetidas ao plen\u00e1rio no prazo de 90 dias \u00fateis. No entanto, no \u00faltimo dia desse prazo, em 14 de junho de 2023, a relatora contornou a exig\u00eancia ao remeter o processo ao n\u00facleo de concilia\u00e7\u00e3o do Tribunal, evitando sua aprecia\u00e7\u00e3o imediata.<\/p>\n<p>A iniciativa, por\u00e9m, n\u00e3o foi acompanhada de a\u00e7\u00f5es efetivas para viabilizar um acordo entre as partes. Apenas em mar\u00e7o de 2026 o caso voltou a ser inclu\u00eddo em pauta, sem nenhum registro de progresso na tentativa de concilia\u00e7\u00e3o.<\/p>\n<p>A pr\u00f3xima\u00a0tentativa de colocar o assunto em vota\u00e7\u00e3o\u00a0do plen\u00e1rio ser\u00e1 no dia 6 de maio. A data foi definida pelo presidente do Supremo, ministro Edson Fachin. A coluna apurou que a disposi\u00e7\u00e3o da ministra \u00e9 pedir novo adiamento.<\/p>\n<h4 class=\"wp-block-heading\">Ministra tamb\u00e9m retardou julgamentos no TSE<\/h4>\n<p>O estilo da ministra C\u00e1rmen L\u00facia tamb\u00e9m se repete no Tribunal Superior Eleitoral (TSE).<\/p>\n<p>Atual presidente da Corte, a ministra levou dois anos para pautar o julgamento do processo que pode resultar na cassa\u00e7\u00e3o do ex-governador de Roraima Antonio Denarium (Republicanos) e de seu ent\u00e3o vice, Edilson Dami\u00e3o (Republicanos).<\/p>\n<p>Ambos foram condenados pelo Tribunal Regional Eleitoral de Roraima (TRE-RR) em quatro ocasi\u00f5es por uso da m\u00e1quina p\u00fablica \u2014 com distribui\u00e7\u00e3o de bens e servi\u00e7os \u2014 para compra de votos, mas permaneceram nos cargos devido \u00e0 demora do TSE em analisar o recurso. O governador renunciou ao mandato no dia 5 de abril para disputar o Senado em outubro. Se for cassado, pode ficar ineleg\u00edvel por oito anos.<\/p>\n<p>A lentid\u00e3o tamb\u00e9m se repetiu no julgamento que culminou na cassa\u00e7\u00e3o de Cl\u00e1udio Castro, ent\u00e3o governador do Rio de Janeiro. O caso s\u00f3 foi julgado ap\u00f3s press\u00f5es de colegas da ministra na Corte eleitoral. O caso levou quatro anos para ser votado. Dois dele parado no TSE.<\/p>\n<p><strong><a href=\"https:\/\/www.metropoles.com\/colunas\/andreza-matais\/carmen-lucia-impede-processo-de-ser-votado-no-stf-ha-13-anos\">Cr\u00e9dito Metr\u00f3poles<\/a><\/strong><\/p>\n<\/div>\n<p><br \/>\n<br \/><a href=\"https:\/\/paulofigueiredoshow.com\/carmen-lucia-impede-processo-de-ser-votado-no-stf-ha-13-anos\/\">Source link <\/a><\/p>","protected":false},"excerpt":{"rendered":"<p>Ministra concedeu cautelar em processo sobre distribui\u00e7\u00e3o de royalties de petr\u00f3leo em 2013 e nunca mais devolveu caso para vota\u00e7\u00e3o A ministra C\u00e1rmen L\u00facia, do Supremo Tribunal Federal (STF), bateu&hellip;<\/p>","protected":false},"author":1,"featured_media":129476,"comment_status":"closed","ping_status":"open","sticky":false,"template":"","format":"standard","meta":{"content-type":"","footnotes":""},"categories":[16],"tags":[],"class_list":["post-132676","post","type-post","status-publish","format-standard","has-post-thumbnail","hentry","category-noticias"],"_links":{"self":[{"href":"https:\/\/tvbrazilusa.com\/pt\/wp-json\/wp\/v2\/posts\/132676","targetHints":{"allow":["GET"]}}],"collection":[{"href":"https:\/\/tvbrazilusa.com\/pt\/wp-json\/wp\/v2\/posts"}],"about":[{"href":"https:\/\/tvbrazilusa.com\/pt\/wp-json\/wp\/v2\/types\/post"}],"author":[{"embeddable":true,"href":"https:\/\/tvbrazilusa.com\/pt\/wp-json\/wp\/v2\/users\/1"}],"replies":[{"embeddable":true,"href":"https:\/\/tvbrazilusa.com\/pt\/wp-json\/wp\/v2\/comments?post=132676"}],"version-history":[{"count":1,"href":"https:\/\/tvbrazilusa.com\/pt\/wp-json\/wp\/v2\/posts\/132676\/revisions"}],"predecessor-version":[{"id":132677,"href":"https:\/\/tvbrazilusa.com\/pt\/wp-json\/wp\/v2\/posts\/132676\/revisions\/132677"}],"wp:featuredmedia":[{"embeddable":true,"href":"https:\/\/tvbrazilusa.com\/pt\/wp-json\/wp\/v2\/media\/129476"}],"wp:attachment":[{"href":"https:\/\/tvbrazilusa.com\/pt\/wp-json\/wp\/v2\/media?parent=132676"}],"wp:term":[{"taxonomy":"category","embeddable":true,"href":"https:\/\/tvbrazilusa.com\/pt\/wp-json\/wp\/v2\/categories?post=132676"},{"taxonomy":"post_tag","embeddable":true,"href":"https:\/\/tvbrazilusa.com\/pt\/wp-json\/wp\/v2\/tags?post=132676"}],"curies":[{"name":"wp","href":"https:\/\/api.w.org\/{rel}","templated":true}]}}