{"id":132678,"date":"2026-04-27T20:05:56","date_gmt":"2026-04-27T20:05:56","guid":{"rendered":"https:\/\/tvbrazilusa.com\/2026\/04\/27\/com-danca-das-cadeiras-indicacao-de-messias-ao-stf-avanca-na-ccj-paulo-figueiredo\/"},"modified":"2026-04-27T20:10:34","modified_gmt":"2026-04-27T20:10:34","slug":"com-danca-das-cadeiras-indicacao-de-messias-ao-stf-avanca-na-ccj-paulo-figueiredo","status":"publish","type":"post","link":"https:\/\/tvbrazilusa.com\/pt\/2026\/04\/27\/com-danca-das-cadeiras-indicacao-de-messias-ao-stf-avanca-na-ccj-paulo-figueiredo\/","title":{"rendered":"Com dan\u00e7a das cadeiras, indica\u00e7\u00e3o de Messias ao STF avan\u00e7a na CCJ &#8211; Paulo Figueiredo"},"content":{"rendered":"<p> <script async src=\"https:\/\/pagead2.googlesyndication.com\/pagead\/js\/adsbygoogle.js?client=ca-pub-8864793242727901\"\r\n     crossorigin=\"anonymous\"><\/script><br \/>\n<\/p>\n<div id=\"wtr-content\" data-bg=\"#FFFFFF\" data-fg=\"#006d91\" data-width=\"25\" data-mute=\"1\" data-fgopacity=\"1.00\" data-mutedopacity=\"0.5\" data-placement=\"bottom\" data-placement-offset=\"0\" data-content-offset=\"262\" data-placement-touch=\"bottom\" data-placement-offset-touch=\"0\" data-transparent=\"\" data-shadow=\"0\" data-touch=\"1\" data-non-touch=\"1\" data-comments=\"0\" data-commentsbg=\"transparent\" data-location=\"page\" data-mutedfg=\"#006d91\" data-endfg=\"#006d91\" data-rtl=\"\">\n<h4 class=\"wp-block-heading\">Entrada de 2 senadores governistas na comiss\u00e3o d\u00e1 15 votos favor\u00e1veis, 1 a mais que o m\u00ednimo para aprova\u00e7\u00e3o; ministro da AGU ser\u00e1 sabatinado pela comiss\u00e3o na 4\u00aa feira<\/h4>\n<p>A recomposi\u00e7\u00e3o da CCJ (Comiss\u00e3o de Constitui\u00e7\u00e3o e Justi\u00e7a) do Senado alterou o cen\u00e1rio da sabatina de\u00a0Jorge Messias\u00a0e consolidou uma maioria favor\u00e1vel ao indicado do presidente\u00a0Luiz In\u00e1cio Lula da Silva\u00a0(PT). Com as mudan\u00e7as, o ministro da AGU passou a somar 15 votos a favor, 1 a mais que o m\u00ednimo necess\u00e1rio para que sua indica\u00e7\u00e3o avance ao plen\u00e1rio da Casa Alta. A nova composi\u00e7\u00e3o reduz o risco de surpresas na\u00a0vota\u00e7\u00e3o, embora o placar ainda seja considerado apertado.<\/p>\n<p>As mudan\u00e7as no colegiado se deram ao longo da \u00faltima semana. Na 6\u00aa feira, o senador\u00a0Sergio Moro\u00a0(PL-PR), cr\u00edtico \u00e0 indica\u00e7\u00e3o, deixou a comiss\u00e3o e foi substitu\u00eddo por\u00a0Renan Filho\u00a0(MDB-AL), ex-ministro dos Transportes do governo Lula.\u00a0<\/p>\n<p>J\u00e1 na 5\u00aa feira,\u00a0Cid Gomes\u00a0(PSB-CE), que n\u00e3o havia declarado voto, deu lugar a\u00a0Ana Paula Lobato\u00a0(PSB-MA), que j\u00e1 havia sinalizado apoio ao indicado em mar\u00e7o.<\/p>\n<p>Levantamento do\u00a0Poder360,\u00a0realizado em 17 de abril, apontava\u00a013 votos favor\u00e1veis e 8 contr\u00e1rios. Com a nova configura\u00e7\u00e3o, o placar passou a 15 votos a favor e 7 contra.<\/p>\n<p>Dos 27 integrantes do colegiado, 4 ainda n\u00e3o declararam voto:\u00a0Oriovisto Guimar\u00e3es\u00a0(PSDB-PR),\u00a0Professora Dorinha\u00a0(Uni\u00e3o Brasil-TO),\u00a0Rodrigo Pacheco\u00a0(PSB-MG),\u00a0Vanderlan Cardoso\u00a0(PSD-GO).\u00a0O senador\u00a0Jayme Campos\u00a0(Uni\u00e3o Brasil-MT) n\u00e3o respondeu ao questionamento do\u00a0<strong>Poder360<\/strong>.<\/p>\n<figure class=\"wp-block-image aligncenter\"><\/figure>\n<p>Entre os indecisos,\u00a0Rodrigo Pacheco\u00a0(PSB-MG) tende a votar a favor, por integrar a base governista. J\u00e1\u00a0Oriovisto Guimar\u00e3es\u00a0(PSDB-PR), segundo aliados, deve votar contra.<\/p>\n<p>Indica\u00e7\u00e3o de Jorge Messias foi\u00a0formalizada pelo Planalto\u00a0ao Congresso em 1\u00ba de abril. A sabatina do ministro da AGU est\u00e1 marcada para 4\u00aa feira. Se aprovado na CCJ, o nome do ministro segue para an\u00e1lise do plen\u00e1rio do Senado, etapa final antes de eventual confirma\u00e7\u00e3o ao STF.<\/p>\n<p>No plen\u00e1rio do Senado, a indica\u00e7\u00e3o de um ministro ao STF precisa de maioria absoluta, ou seja, pelo menos 41 votos favor\u00e1veis dos 81 senadores. A vota\u00e7\u00e3o \u00e9 secreta e ocorre ap\u00f3s a aprova\u00e7\u00e3o do nome na CCJ. Se o indicado n\u00e3o atingir esse m\u00ednimo, a indica\u00e7\u00e3o \u00e9 rejeitada e o presidente da Rep\u00fablica precisa apresentar outro nome para a vaga.<\/p>\n<p><strong><a href=\"https:\/\/www.poder360.com.br\/poder-congresso\/com-danca-das-cadeiras-indicacao-de-messias-ao-stf-avanca-na-ccj\/\">Cr\u00e9dito Poder360<\/a><\/strong><\/p>\n<\/div>\n<p><br \/>\n<br \/><a href=\"https:\/\/paulofigueiredoshow.com\/com-danca-das-cadeiras-indicacao-de-messias-ao-stf-avanca-na-ccj\/\">Source link <\/a><\/p>","protected":false},"excerpt":{"rendered":"<p>Entrada de 2 senadores governistas na comiss\u00e3o d\u00e1 15 votos favor\u00e1veis, 1 a mais que o m\u00ednimo para aprova\u00e7\u00e3o; ministro da AGU ser\u00e1 sabatinado pela comiss\u00e3o na 4\u00aa feira A&hellip;<\/p>","protected":false},"author":1,"featured_media":132679,"comment_status":"closed","ping_status":"open","sticky":false,"template":"","format":"standard","meta":{"content-type":"","footnotes":""},"categories":[16],"tags":[],"class_list":["post-132678","post","type-post","status-publish","format-standard","has-post-thumbnail","hentry","category-noticias"],"_links":{"self":[{"href":"https:\/\/tvbrazilusa.com\/pt\/wp-json\/wp\/v2\/posts\/132678","targetHints":{"allow":["GET"]}}],"collection":[{"href":"https:\/\/tvbrazilusa.com\/pt\/wp-json\/wp\/v2\/posts"}],"about":[{"href":"https:\/\/tvbrazilusa.com\/pt\/wp-json\/wp\/v2\/types\/post"}],"author":[{"embeddable":true,"href":"https:\/\/tvbrazilusa.com\/pt\/wp-json\/wp\/v2\/users\/1"}],"replies":[{"embeddable":true,"href":"https:\/\/tvbrazilusa.com\/pt\/wp-json\/wp\/v2\/comments?post=132678"}],"version-history":[{"count":1,"href":"https:\/\/tvbrazilusa.com\/pt\/wp-json\/wp\/v2\/posts\/132678\/revisions"}],"predecessor-version":[{"id":132680,"href":"https:\/\/tvbrazilusa.com\/pt\/wp-json\/wp\/v2\/posts\/132678\/revisions\/132680"}],"wp:featuredmedia":[{"embeddable":true,"href":"https:\/\/tvbrazilusa.com\/pt\/wp-json\/wp\/v2\/media\/132679"}],"wp:attachment":[{"href":"https:\/\/tvbrazilusa.com\/pt\/wp-json\/wp\/v2\/media?parent=132678"}],"wp:term":[{"taxonomy":"category","embeddable":true,"href":"https:\/\/tvbrazilusa.com\/pt\/wp-json\/wp\/v2\/categories?post=132678"},{"taxonomy":"post_tag","embeddable":true,"href":"https:\/\/tvbrazilusa.com\/pt\/wp-json\/wp\/v2\/tags?post=132678"}],"curies":[{"name":"wp","href":"https:\/\/api.w.org\/{rel}","templated":true}]}}