{"id":132681,"date":"2026-04-27T20:00:51","date_gmt":"2026-04-27T20:00:51","guid":{"rendered":"https:\/\/tvbrazilusa.com\/2026\/04\/27\/agentes-da-pf-pedem-para-cidadao-retirar-faixa-de-ladrao-em-cidade-que-ia-receber-lula-paulo-figueiredo\/"},"modified":"2026-04-27T20:16:29","modified_gmt":"2026-04-27T20:16:29","slug":"agentes-da-pf-pedem-para-cidadao-retirar-faixa-de-ladrao-em-cidade-que-ia-receber-lula-paulo-figueiredo","status":"publish","type":"post","link":"https:\/\/tvbrazilusa.com\/pt\/2026\/04\/27\/agentes-da-pf-pedem-para-cidadao-retirar-faixa-de-ladrao-em-cidade-que-ia-receber-lula-paulo-figueiredo\/","title":{"rendered":"Agentes da PF pedem para cidad\u00e3o retirar faixa de &#8220;ladr\u00e3o&#8221; em cidade que ia receber Lula &#8211; Paulo Figueiredo"},"content":{"rendered":"<p> <script async src=\"https:\/\/pagead2.googlesyndication.com\/pagead\/js\/adsbygoogle.js?client=ca-pub-8864793242727901\"\r\n     crossorigin=\"anonymous\"><\/script><br \/>\n<\/p>\n<div id=\"wtr-content\" data-bg=\"#FFFFFF\" data-fg=\"#006d91\" data-width=\"25\" data-mute=\"1\" data-fgopacity=\"1.00\" data-mutedopacity=\"0.5\" data-placement=\"bottom\" data-placement-offset=\"0\" data-content-offset=\"262\" data-placement-touch=\"bottom\" data-placement-offset-touch=\"0\" data-transparent=\"\" data-shadow=\"0\" data-touch=\"1\" data-non-touch=\"1\" data-comments=\"0\" data-commentsbg=\"transparent\" data-location=\"page\" data-mutedfg=\"#006d91\" data-endfg=\"#006d91\" data-rtl=\"\">\n<h4 class=\"wp-block-heading\">V\u00eddeo que circula nas redes sociais mostra a intera\u00e7\u00e3o do morador com os agentes; eles mencionam que superiores poderiam \u2018impor\u2019 a retirada do material<\/h4>\n<p>Um morador de Presidente Prudente (SP) foi abordado por agentes da\u00a0Pol\u00edcia Federal (PF)\u00a0para retirar uma faixa com a palavra \u201cladr\u00e3o\u201d exibida na janela de seu apartamento, na cidade que receberia o presidente\u00a0Luiz In\u00e1cio Lula da Silva\u00a0nesta segunda-feira, 27. Fontes ouvidas pela equipe de\u00a0<strong>Oeste<\/strong>\u00a0confirmaram que os agentes envolvidos pertencem \u00e0 corpora\u00e7\u00e3o.<\/p>\n<p>Um v\u00eddeo que circula nas redes sociais mostra a intera\u00e7\u00e3o do morador com os agentes da PF. Nas imagens, eles mencionam que superiores poderiam \u201cimpor\u201d a retirada do material.<\/p>\n<blockquote class=\"wp-block-quote is-layout-flow wp-block-quote-is-layout-flow\">\n<blockquote class=\"wp-block-quote is-layout-flow wp-block-quote-is-layout-flow\">\n<p>Um morador de Presidente Prudente foi abordado por agentes da PF por exibir uma faixa com a palavra \u201cladr\u00e3o\u201d na sua pr\u00f3pria janela, em um pr\u00e9dio proximo a um evento que receberia o presidente Lula.<\/p>\n<p>Policiais chegam a dizer que superiores iriam \u201cimp\u00f4r\u201d a retirada da faixa que\u2026\u00a0pic.twitter.com\/phdn5FgYih\u2014 Sam Pancher (@SamPancher)\u00a0April 27, 2026<\/p>\n<\/blockquote>\n<\/blockquote>\n<p>Segundo o relato, a faixa n\u00e3o citava diretamente o nome de Lula. Outras faixas, que se encontram no mesmo condom\u00ednio, tamb\u00e9m mostram frases de apoio ao senador e pr\u00e9-candidato \u00e0 Presid\u00eancia\u00a0Fl\u00e1vio Bolsonaro (PL-SP).<\/p>\n<p>O vice-presidente Geraldo Alckmin, o ministro da Sa\u00fade, Alexandre Padilha, e o ministro da Educa\u00e7\u00e3o, Leonardo Barchini estiveram na cidade do interior paulista para inaugura\u00e7\u00f5es e entregas nas \u00e1reas de sa\u00fade e educa\u00e7\u00e3o. Lula,\u00a0que se recupera de cirurgia para retirada de c\u00e2ncer de pele, n\u00e3o viajou para Presidente Prudente.<\/p>\n<h4 class=\"wp-block-heading\" id=\"h-reacoes-de-politicos-diante-da-postura-de-agentes-da-pf\">Rea\u00e7\u00f5es de pol\u00edticos diante da postura de agentes da PF<\/h4>\n<p>Em publica\u00e7\u00e3o nas redes sociais, o deputado federal Nikolas Ferreira (PL-MG) criticou a a\u00e7\u00e3o dos agentes da PF. Ele destacou o fato de a faixa com \u201cladr\u00e3o\u201d n\u00e3o fazer refer\u00eancia direta ao petista.<\/p>\n<blockquote class=\"wp-block-quote is-layout-flow wp-block-quote-is-layout-flow\">\n<blockquote class=\"wp-block-quote is-layout-flow wp-block-quote-is-layout-flow\">\n<p>A faixa n\u00e3o tava nem o nome do Lula\u2026 a carapu\u00e7a serviu?\u00a0https:\/\/t.co\/yUIT578OqY\u2014 Nikolas Ferreira (@nikolas_dm)\u00a0April 27, 2026<\/p>\n<\/blockquote>\n<\/blockquote>\n<p>O vice-prefeito de S\u00e3o Paulo, Ricardo Mello Ara\u00fajo (PL), classificou o epis\u00f3dio como \u201cabsurdo\u201d. Em publica\u00e7\u00e3o, afirmou que a faixa estava na propriedade do morador e indagou a atua\u00e7\u00e3o dos agentes.<\/p>\n<p>J\u00e1 o vereador paulistano Rubinho Nunes (Uni\u00e3o) afirmou que houve viola\u00e7\u00e3o de liberdade de express\u00e3o. Ele, que \u00e9 advogado, disse esperar apura\u00e7\u00e3o dos \u00f3rg\u00e3os competentes e criticou a eventual retirada do material.<\/p>\n<blockquote class=\"wp-block-quote is-layout-flow wp-block-quote-is-layout-flow\">\n<blockquote class=\"wp-block-quote is-layout-flow wp-block-quote-is-layout-flow\">\n<p>\ud83d\udea8 ABSURDO! Com uma faixa escrita \u201cladr\u00e3o\u201d na janela de um morador em Presidente Prudente.<\/p>\n<p>A PF foi at\u00e9 o local antes de um evento com Alckmin e avisou que, no dia, os \u201csuperiores\u201d viriam com mais rigor. Detalhe: a faixa nem citava Lula. A carapu\u00e7a serviu?<\/p>\n<p>Fac\u00e7\u00e3o mandando no\u2026\u00a0pic.twitter.com\/o3k7baybUo\u2014 Rubinho Nunes (@RubinhoNunes)\u00a0April 27, 2026<\/p>\n<\/blockquote>\n<\/blockquote>\n<p><strong><a href=\"https:\/\/paulofigueiredoshow.com\/agentes-da-pf-pedem-para-cidadao-retirar-faixa-de-ladrao-em-cidade-que-ia-receber-lula\/read:\/\/https_revistaoeste.com\/?url=https%3A%2F%2Frevistaoeste.com%2Fpolitica%2Fagentes-da-pf-pedem-para-cidadao-retirar-faixa-de-ladrao-em-cidade-que-ia-receber-lula%2F\">Cr\u00e9dito Revista Oeste<\/a><\/strong><\/p>\n<\/div>\n<p><script async src=\"\/\/platform.twitter.com\/widgets.js\" charset=\"utf-8\"><\/script><br \/>\n<br \/><br \/>\n<br \/><a href=\"https:\/\/paulofigueiredoshow.com\/agentes-da-pf-pedem-para-cidadao-retirar-faixa-de-ladrao-em-cidade-que-ia-receber-lula\/\">Source link <\/a><\/p>","protected":false},"excerpt":{"rendered":"<p>V\u00eddeo que circula nas redes sociais mostra a intera\u00e7\u00e3o do morador com os agentes; eles mencionam que superiores poderiam \u2018impor\u2019 a retirada do material Um morador de Presidente Prudente (SP)&hellip;<\/p>","protected":false},"author":1,"featured_media":132682,"comment_status":"closed","ping_status":"open","sticky":false,"template":"","format":"standard","meta":{"content-type":"","footnotes":""},"categories":[16],"tags":[],"class_list":["post-132681","post","type-post","status-publish","format-standard","has-post-thumbnail","hentry","category-noticias"],"_links":{"self":[{"href":"https:\/\/tvbrazilusa.com\/pt\/wp-json\/wp\/v2\/posts\/132681","targetHints":{"allow":["GET"]}}],"collection":[{"href":"https:\/\/tvbrazilusa.com\/pt\/wp-json\/wp\/v2\/posts"}],"about":[{"href":"https:\/\/tvbrazilusa.com\/pt\/wp-json\/wp\/v2\/types\/post"}],"author":[{"embeddable":true,"href":"https:\/\/tvbrazilusa.com\/pt\/wp-json\/wp\/v2\/users\/1"}],"replies":[{"embeddable":true,"href":"https:\/\/tvbrazilusa.com\/pt\/wp-json\/wp\/v2\/comments?post=132681"}],"version-history":[{"count":1,"href":"https:\/\/tvbrazilusa.com\/pt\/wp-json\/wp\/v2\/posts\/132681\/revisions"}],"predecessor-version":[{"id":132683,"href":"https:\/\/tvbrazilusa.com\/pt\/wp-json\/wp\/v2\/posts\/132681\/revisions\/132683"}],"wp:featuredmedia":[{"embeddable":true,"href":"https:\/\/tvbrazilusa.com\/pt\/wp-json\/wp\/v2\/media\/132682"}],"wp:attachment":[{"href":"https:\/\/tvbrazilusa.com\/pt\/wp-json\/wp\/v2\/media?parent=132681"}],"wp:term":[{"taxonomy":"category","embeddable":true,"href":"https:\/\/tvbrazilusa.com\/pt\/wp-json\/wp\/v2\/categories?post=132681"},{"taxonomy":"post_tag","embeddable":true,"href":"https:\/\/tvbrazilusa.com\/pt\/wp-json\/wp\/v2\/tags?post=132681"}],"curies":[{"name":"wp","href":"https:\/\/api.w.org\/{rel}","templated":true}]}}