{"id":132684,"date":"2026-04-27T19:50:06","date_gmt":"2026-04-27T19:50:06","guid":{"rendered":"https:\/\/tvbrazilusa.com\/2026\/04\/27\/cooperativa-do-mst-ganha-fabrica-do-governo-e-ja-recebeu-mais-de-r-7-milhoes-em-recursos-federais-paulo-figueiredo\/"},"modified":"2026-04-27T20:24:45","modified_gmt":"2026-04-27T20:24:45","slug":"cooperativa-do-mst-ganha-fabrica-do-governo-e-ja-recebeu-mais-de-r-7-milhoes-em-recursos-federais-paulo-figueiredo","status":"publish","type":"post","link":"https:\/\/tvbrazilusa.com\/pt\/2026\/04\/27\/cooperativa-do-mst-ganha-fabrica-do-governo-e-ja-recebeu-mais-de-r-7-milhoes-em-recursos-federais-paulo-figueiredo\/","title":{"rendered":"Cooperativa do MST ganha f\u00e1brica do governo e j\u00e1 recebeu mais de R$ 7 milh\u00f5es em recursos federais &#8211; Paulo Figueiredo"},"content":{"rendered":"<p> <script async src=\"https:\/\/pagead2.googlesyndication.com\/pagead\/js\/adsbygoogle.js?client=ca-pub-8864793242727901\"\r\n     crossorigin=\"anonymous\"><\/script><br \/>\n<\/p>\n<div id=\"wtr-content\" data-bg=\"#FFFFFF\" data-fg=\"#006d91\" data-width=\"25\" data-mute=\"1\" data-fgopacity=\"1.00\" data-mutedopacity=\"0.5\" data-placement=\"bottom\" data-placement-offset=\"0\" data-content-offset=\"262\" data-placement-touch=\"bottom\" data-placement-offset-touch=\"0\" data-transparent=\"\" data-shadow=\"0\" data-touch=\"1\" data-non-touch=\"1\" data-comments=\"0\" data-commentsbg=\"transparent\" data-location=\"page\" data-mutedfg=\"#006d91\" data-endfg=\"#006d91\" data-rtl=\"\">\n<p>Uma cerim\u00f4nia\u00a0de entregas do governo de Luiz In\u00e1cio Lula da Silva (PT) em\u00a0Andradina\u00a0(SP),\u00a0nesta segunda-feira (27), marcou o an\u00fancio de novos investimentos federais\u00a0em uma\u00a0cooperativa ligada ao Movimento dos Trabalhadores Rurais Sem Terra\u00a0(MST).\u00a0A\u00a0Cooperativa de Produ\u00e7\u00e3o Agropecu\u00e1ria dos Assentados e Pequenos Produtores da Regi\u00e3o Noroeste do Estado de S\u00e3o Paulo\u00a0(Coapar) receber\u00e1 R$ 15 milh\u00f5es para a constru\u00e7\u00e3o de uma f\u00e1brica de leite em p\u00f3.<\/p>\n<p>Dados oficiais de despesas p\u00fablicas\u00a0indicam que a mesma cooperativa j\u00e1 recebeu mais de R$ 7 milh\u00f5es em recursos federais\u00a0durante o atual\u00a0governo.<\/p>\n<p>O evento contou com a presen\u00e7a do vice-presidente da Rep\u00fablica Geraldo Alckmin, a\u00a0ministra do Desenvolvimento Agr\u00e1rio e Agricultura Familiar\u00a0(MDA) Fernanda\u00a0Machiaveli,\u00a0a integrante da Dire\u00e7\u00e3o Nacional\u00a0do MST\u00a0Ceres\u00a0Hadich\u00a0e\u00a0o l\u00edder da\u00a0Frente Nacional de Luta Campo e Cidade (FNL)\u00a0Jos\u00e9 Rainha.<\/p>\n<p>Segundo informa\u00e7\u00f5es divulgadas pelo pr\u00f3prio movimento, a\u00a0constru\u00e7\u00e3o da f\u00e1brica de leite em p\u00f3\u00a0\u00e9\u00a0considerada estrat\u00e9gica para ampliar a capacidade produtiva local e evitar a terceiriza\u00e7\u00e3o de etapas do processamento.\u00a0\u00a0<\/p>\n<p>O an\u00fancio ocorre dentro de um pacote mais amplo de pol\u00edticas p\u00fablicas voltadas \u00e0 agricultura familiar. O\u00a0governo federal prev\u00ea investimentos\u00a0de R$ 909 milh\u00f5es\u00a0no setor, incluindo programas como o\u00a0Programa Nacional de Fortalecimento da Agricultura Familiar\u00a0(Pronaf)\u00a0e a\u00e7\u00f5es espec\u00edficas para a cadeia leiteira.\u00a0Na oportunidade, tamb\u00e9m foram assinados\u00a0dois decretos presidenciais de desapropria\u00e7\u00e3o por interesse social para cria\u00e7\u00e3o de assentamentos, um em S\u00e3o Paulo e outro no Cear\u00e1.\u00a0<\/p>\n<p>Durante a cerim\u00f4nia, o ex-ministro do MDA, deputado Paulo Teixeira\u00a0(PT-SP)\u00a0exaltou as desapropria\u00e7\u00f5es e mencionou conversas com a ministra do Supremo Tribunal Federal (STF),\u00a0C\u00e1rmen\u00a0L\u00facia\u00a0sobre uma a\u00e7\u00e3o que pode reverter uma lei estadual.<\/p>\n<p>\u201cN\u00f3s na semana que vem vamos ganhar no Supremo Tribunal Federal a inconstitucionalidade da lei de S\u00e3o Paulo que doa terras p\u00fablicas para aqueles que j\u00e1 tem terra, em detrimento de quem n\u00e3o tem terra\u201d, afirmou Teixeira.<\/p>\n<p>O ex-ministro Paulo Teixeira\u00a0e o vice-presidente Geraldo Alckmin\u00a0tamb\u00e9m destacaram, em seus discursos, que a cooperativa do MST ter\u00e1 a primeira f\u00e1brica de leite em p\u00f3 do estado de S\u00e3o Paulo.<\/p>\n<h4 class=\"wp-block-heading\">Cooperativa do MST j\u00e1 recebeu mais de R$ 7 milh\u00f5es no governo Lula 3<\/h4>\n<p>Dados do Portal da Transpar\u00eancia mostram que a cooperativa ligada ao MST acumula mais de R$ 7 milh\u00f5es em valores recebidos da Uni\u00e3o, por meio de contratos e programas p\u00fablicos voltados \u00e0 aquisi\u00e7\u00e3o de alimentos e apoio \u00e0 produ\u00e7\u00e3o rural.\u00a0<\/p>\n<p>O contrato mais recente, voltado para a aquisi\u00e7\u00e3o de leite em p\u00f3,\u00a0rendeu\u00a0R$ 5.549.922,32 \u00e0 cooperativa do MST.\u00a0A compra,\u00a0feita por meio do\u00a0Programa de Aquisi\u00e7\u00e3o de Alimentos (PAA),\u00a0foi\u00a0realizada\u00a0sem licita\u00e7\u00e3o.\u00a0<\/p>\n<p>A compra institucional, da qual a\u00a0Coapar\u00a0foi uma das beneficiadas, tamb\u00e9m\u00a0privilegiou outras cooperativas do MST. Um dos crit\u00e9rios para aquisi\u00e7\u00e3o dos alimentos priorizou propostas\u00a0com maior percentual de assentados.\u00a0\u201cAs organiza\u00e7\u00f5es declaradas nos sistemas da Conab, com maioria de assentados no cadastro,\u00a0tiveram\u00a0prefer\u00eancia pelo valor cheio das suas propostas. As demais recebem um rateio dos valores remanescentes\u201d, diz o comunicado com o resultado divulgado no site da Companhia Nacional de Abastecimento (Conab).<\/p>\n<p>O\u00a0PAA\u00a0\u00e9\u00a0operacionalizado pela Conab, que compra produtos da agricultura familiar para abastecer programas sociais.\u00a0<\/p>\n<p><strong><a href=\"https:\/\/www.gazetadopovo.com.br\/republica\/cooperativa-mst-ganha-fabrica-governo-recebeu-7-milhoes-recursos-federais\/\">Cr\u00e9dito Gazeta do Povo <\/a><\/strong><\/p>\n<\/div>\n<p><br \/>\n<br \/><a href=\"https:\/\/paulofigueiredoshow.com\/cooperativa-do-mst-ganha-fabrica-do-governo-e-ja-recebeu-mais-de-r-7-milhoes-em-recursos-federais\/\">Source link <\/a><\/p>","protected":false},"excerpt":{"rendered":"<p>Uma cerim\u00f4nia\u00a0de entregas do governo de Luiz In\u00e1cio Lula da Silva (PT) em\u00a0Andradina\u00a0(SP),\u00a0nesta segunda-feira (27), marcou o an\u00fancio de novos investimentos federais\u00a0em uma\u00a0cooperativa ligada ao Movimento dos Trabalhadores Rurais Sem&hellip;<\/p>","protected":false},"author":1,"featured_media":129279,"comment_status":"closed","ping_status":"open","sticky":false,"template":"","format":"standard","meta":{"content-type":"","footnotes":""},"categories":[16],"tags":[],"class_list":["post-132684","post","type-post","status-publish","format-standard","has-post-thumbnail","hentry","category-noticias"],"_links":{"self":[{"href":"https:\/\/tvbrazilusa.com\/pt\/wp-json\/wp\/v2\/posts\/132684","targetHints":{"allow":["GET"]}}],"collection":[{"href":"https:\/\/tvbrazilusa.com\/pt\/wp-json\/wp\/v2\/posts"}],"about":[{"href":"https:\/\/tvbrazilusa.com\/pt\/wp-json\/wp\/v2\/types\/post"}],"author":[{"embeddable":true,"href":"https:\/\/tvbrazilusa.com\/pt\/wp-json\/wp\/v2\/users\/1"}],"replies":[{"embeddable":true,"href":"https:\/\/tvbrazilusa.com\/pt\/wp-json\/wp\/v2\/comments?post=132684"}],"version-history":[{"count":1,"href":"https:\/\/tvbrazilusa.com\/pt\/wp-json\/wp\/v2\/posts\/132684\/revisions"}],"predecessor-version":[{"id":132685,"href":"https:\/\/tvbrazilusa.com\/pt\/wp-json\/wp\/v2\/posts\/132684\/revisions\/132685"}],"wp:featuredmedia":[{"embeddable":true,"href":"https:\/\/tvbrazilusa.com\/pt\/wp-json\/wp\/v2\/media\/129279"}],"wp:attachment":[{"href":"https:\/\/tvbrazilusa.com\/pt\/wp-json\/wp\/v2\/media?parent=132684"}],"wp:term":[{"taxonomy":"category","embeddable":true,"href":"https:\/\/tvbrazilusa.com\/pt\/wp-json\/wp\/v2\/categories?post=132684"},{"taxonomy":"post_tag","embeddable":true,"href":"https:\/\/tvbrazilusa.com\/pt\/wp-json\/wp\/v2\/tags?post=132684"}],"curies":[{"name":"wp","href":"https:\/\/api.w.org\/{rel}","templated":true}]}}