{"id":132703,"date":"2026-04-28T12:34:36","date_gmt":"2026-04-28T12:34:36","guid":{"rendered":"https:\/\/tvbrazilusa.com\/2026\/04\/28\/lula-empenha-r-12-bi-em-emendas-para-sabatina-de-messias\/"},"modified":"2026-04-28T12:40:35","modified_gmt":"2026-04-28T12:40:35","slug":"lula-empenha-r-12-bi-em-emendas-para-sabatina-de-messias","status":"publish","type":"post","link":"https:\/\/tvbrazilusa.com\/pt\/2026\/04\/28\/lula-empenha-r-12-bi-em-emendas-para-sabatina-de-messias\/","title":{"rendered":"Lula empenha R$ 12 bi em emendas para sabatina de Messias"},"content":{"rendered":"<p> <script async src=\"https:\/\/pagead2.googlesyndication.com\/pagead\/js\/adsbygoogle.js?client=ca-pub-8864793242727901\"\r\n     crossorigin=\"anonymous\"><\/script><br \/>\n<\/p>\n<div id=\"cd-article-content\">\n<p>\u00c0s v\u00e9speras da sabatina do advogado-geral da Uni\u00e3o, Jorge Messias, indicado pelo <a href=\"https:\/\/claudiodantas.com.br\/esquerda-projeta-16-votos-para-messias-no-stf-apos-tirar-moro\/\">Lula <\/a>(PT) ao Supremo Tribunal Federal (<a href=\"https:\/\/portal.stf.jus.br\/\" target=\"_blank\" rel=\"noopener\">STF<\/a>), o governo empenhou cerca de R$ 12 bilh\u00f5es em emendas parlamentares. Os dados s\u00e3o do pr\u00f3prio <a href=\"https:\/\/www.gov.br\/planejamento\/pt-br\/assuntos\/orcamento\/sistema-integrado-de-planejamento-e-orcamento-siop\" target=\"_blank\" rel=\"noopener\">Siop <\/a>do governo federal.<\/p>\n<p><a href=\"https:\/\/whatsapp.com\/channel\/0029VaTFkH2HVvTbkE883x1x\" target=\"_blank\" class=\"whatsapp-channel-message\" rel=\"noopener\">\u2705 Siga o canal do Claudio Dantas no WhatsApp<\/a><\/p>\n<p>Do total, R$ 10,7 bilh\u00f5es est\u00e3o dentro dos R$ 17,3 bilh\u00f5es que o governo \u00e9 obrigado a pagar no primeiro semestre de 2026, conforme cronograma da Lei de Diretrizes Or\u00e7ament\u00e1rias (LDO).<\/p>\n<figure class=\"wp-block-image size-large\"><figcaption class=\"wp-element-caption\"><em>Dados do Siop divulgados pelo G1. Foto: Imagem gerada\/Claudio Dantas<\/em><\/figcaption><\/figure>\n<p>O calend\u00e1rio prev\u00ea o pagamento de 65% das emendas individuais e de bancada destinadas a fundos de sa\u00fade, assist\u00eancia social e transfer\u00eancias especiais, conhecidas como \u201cemendas PIX\u201d.<\/p>\n<p>No in\u00edcio de abril, o governo havia empenhado R$ 389,8 milh\u00f5es dessas emendas, menos de 2% do total previsto. Com a nova rodada, o volume comprometido ultrapassa 58%.<\/p>\n<p>Os dados mostram avan\u00e7o concentrado ao longo de abril. Em 27 de mar\u00e7o, o total empenhado era de R$ 923,8 milh\u00f5es. Em 10 de abril, subiu para R$ 4,37 bilh\u00f5es. Em 17 de abril, chegou a R$ 11,8 bilh\u00f5es. Em 24 de abril, se aproximou de R$ 12 bilh\u00f5es.<\/p>\n<p>O aumento ocorre no momento em que o <a href=\"https:\/\/claudiodantas.com.br\/lula-articula-jantar-com-senadores-por-vaga-de-messias-no-stf\/\">governo <\/a>articula apoio para aprovar a indica\u00e7\u00e3o de Messias ao STF. A sabatina est\u00e1 marcada para quarta-feira (29) na Comiss\u00e3o de Constitui\u00e7\u00e3o e Justi\u00e7a (CCJ). S\u00e3o necess\u00e1rios 14 votos para avan\u00e7ar ao plen\u00e1rio e 41 votos para aprova\u00e7\u00e3o final.<\/p>\n<p>Na divis\u00e3o por bancadas, o PL lidera o volume empenhado, com R$ 479 milh\u00f5es. Em seguida aparecem MDB, com R$ 372,7 milh\u00f5es, e PSD, com R$ 366,2 milh\u00f5es. O PT teve R$ 281,2 milh\u00f5es empenhados.<\/p>\n<p>Entre os senadores, os maiores valores foram destinados a Eduardo Braga (R$ 71,2 milh\u00f5es), Rom\u00e1rio (R$ 68,7 milh\u00f5es) e Jader Barbalho (R$ 62,4 milh\u00f5es).<\/p>\n<figure class=\"wp-block-embed is-type-wp-embed is-provider-claudio-dantas wp-block-embed-claudio-dantas\"\/>\n<p>Apesar do aumento nos empenhos, o pagamento segue em ritmo mais lento. Em tr\u00eas semanas, os repasses passaram de R$ 102,3 milh\u00f5es para R$ 395,2 milh\u00f5es. At\u00e9 agora, apenas 2,28% das emendas previstas para o semestre foram efetivamente pagas.<\/p>\n<h2 class=\"wp-block-heading\">As datas e os valores completos<\/h2>\n<ul class=\"wp-block-list\">\n<li>27 de fevereiro de 2026: R$ 16.679.304<\/li>\n<li>6 de mar\u00e7o de 2026: R$ 208.035.295,08<\/li>\n<li>13 de mar\u00e7o de 2026: R$ 208.035.295,08 (mesmo patamar do ponto anterior)<\/li>\n<li>20 de mar\u00e7o de 2026: R$ 923.803.356,02<\/li>\n<li>27 de mar\u00e7o de 2026: R$ 923.803.356,02 (mant\u00e9m o n\u00edvel indicado)<\/li>\n<li>3 de abril de 2026: R$ 923.803.356,02 (varia\u00e7\u00e3o n\u00e3o destacada)<\/li>\n<li>10 de abril de 2026: R$ 4.373.158.209,63<\/li>\n<li>17 de abril de 2026: R$ 11.821.240.654,06<\/li>\n<li>24 de abril de 2026: valor superior a R$ 11,8 bilh\u00f5es<\/li>\n<\/ul>\n<\/div>\n<p><script type=\"74cc7f44498be3ae87a589f9-text\/javascript\">!function(f,b,e,v,n,t,s){if(f.fbq)return;n=f.fbq=function(){n.callMethod?n.callMethod.apply(n,arguments):n.queue.push(arguments)};if(!f._fbq)f._fbq=n;n.push=n;n.loaded=!0;n.version='2.0';n.queue=[];t=b.createElement(e);t.async=!0;t.src=v;s=b.getElementsByTagName(e)[0];s.parentNode.insertBefore(t,s)}(window,document,'script','https:\/\/connect.facebook.net\/en_US\/fbevents.js');fbq('init','1423865622537930');fbq('track','PageView');<\/script><br \/>\n<br \/><br \/>\n<br \/><a href=\"https:\/\/claudiodantas.com.br\/lula-r-12-bi-emendas-sabatina-messias\/\">Source link <\/a><\/p>","protected":false},"excerpt":{"rendered":"<p>\u00c0s v\u00e9speras da sabatina do advogado-geral da Uni\u00e3o, Jorge Messias, indicado pelo Lula (PT) ao Supremo Tribunal Federal (STF), o governo empenhou cerca de R$ 12 bilh\u00f5es em emendas parlamentares.&hellip;<\/p>","protected":false},"author":1,"featured_media":132704,"comment_status":"closed","ping_status":"open","sticky":false,"template":"","format":"standard","meta":{"content-type":"","footnotes":""},"categories":[16],"tags":[],"class_list":["post-132703","post","type-post","status-publish","format-standard","has-post-thumbnail","hentry","category-noticias"],"_links":{"self":[{"href":"https:\/\/tvbrazilusa.com\/pt\/wp-json\/wp\/v2\/posts\/132703","targetHints":{"allow":["GET"]}}],"collection":[{"href":"https:\/\/tvbrazilusa.com\/pt\/wp-json\/wp\/v2\/posts"}],"about":[{"href":"https:\/\/tvbrazilusa.com\/pt\/wp-json\/wp\/v2\/types\/post"}],"author":[{"embeddable":true,"href":"https:\/\/tvbrazilusa.com\/pt\/wp-json\/wp\/v2\/users\/1"}],"replies":[{"embeddable":true,"href":"https:\/\/tvbrazilusa.com\/pt\/wp-json\/wp\/v2\/comments?post=132703"}],"version-history":[{"count":1,"href":"https:\/\/tvbrazilusa.com\/pt\/wp-json\/wp\/v2\/posts\/132703\/revisions"}],"predecessor-version":[{"id":132705,"href":"https:\/\/tvbrazilusa.com\/pt\/wp-json\/wp\/v2\/posts\/132703\/revisions\/132705"}],"wp:featuredmedia":[{"embeddable":true,"href":"https:\/\/tvbrazilusa.com\/pt\/wp-json\/wp\/v2\/media\/132704"}],"wp:attachment":[{"href":"https:\/\/tvbrazilusa.com\/pt\/wp-json\/wp\/v2\/media?parent=132703"}],"wp:term":[{"taxonomy":"category","embeddable":true,"href":"https:\/\/tvbrazilusa.com\/pt\/wp-json\/wp\/v2\/categories?post=132703"},{"taxonomy":"post_tag","embeddable":true,"href":"https:\/\/tvbrazilusa.com\/pt\/wp-json\/wp\/v2\/tags?post=132703"}],"curies":[{"name":"wp","href":"https:\/\/api.w.org\/{rel}","templated":true}]}}