{"id":132706,"date":"2026-04-28T14:42:00","date_gmt":"2026-04-28T14:42:00","guid":{"rendered":"https:\/\/tvbrazilusa.com\/2026\/04\/28\/monark-anuncia-volta-ao-youtube-com-novo-podcast\/"},"modified":"2026-04-28T14:50:35","modified_gmt":"2026-04-28T14:50:35","slug":"monark-anuncia-volta-ao-youtube-com-novo-podcast","status":"publish","type":"post","link":"https:\/\/tvbrazilusa.com\/pt\/2026\/04\/28\/monark-anuncia-volta-ao-youtube-com-novo-podcast\/","title":{"rendered":"Monark anuncia volta ao YouTube com novo podcast"},"content":{"rendered":"<p> <script async src=\"https:\/\/pagead2.googlesyndication.com\/pagead\/js\/adsbygoogle.js?client=ca-pub-8864793242727901\"\r\n     crossorigin=\"anonymous\"><\/script><br \/>\n<\/p>\n<div id=\"cd-article-content\">\n<p>O influenciador <strong><a href=\"https:\/\/claudiodantas.com.br\/moraes-prorroga-inquerito-contra-monark-por-desobediencia\/\" data-type=\"post\" data-id=\"96441\">Bruno Monteiro Aiub<\/a><\/strong>, mais conhecido como <strong><a href=\"https:\/\/claudiodantas.com.br\/tag\/monark\/\" data-type=\"post_tag\" data-id=\"3154\">\u201cMonark\u201d<\/a><\/strong>, anunciou o retorno ao <strong><a href=\"https:\/\/claudiodantas.com.br\/tag\/youtube\/\" data-type=\"post_tag\" data-id=\"3193\">YouTube<\/a> <\/strong>em v\u00eddeo publicado no domingo (26). A grava\u00e7\u00e3o marca tamb\u00e9m o lan\u00e7amento de seu novo canal e podcast, o <strong><a href=\"https:\/\/www.youtube.com\/@brunoaiubshow\" target=\"_blank\" rel=\"noopener\">\u201cBruno Aiub Show\u201d<\/a><\/strong>.<\/p>\n<p><a href=\"https:\/\/whatsapp.com\/channel\/0029VaTFkH2HVvTbkE883x1x\" target=\"_blank\" class=\"whatsapp-channel-message\" rel=\"noopener\">\u2705 Siga o canal do Claudio Dantas no WhatsApp<\/a><\/p>\n<p>No v\u00eddeo, o influenciador afirma que pretende deixar de usar o apelido pelo qual se popularizou e passar a adotar o nome real nos projetos digitais.<\/p>\n<p>\u201cFala, galera. Monark aqui\u201d, diz o influenciador na grava\u00e7\u00e3o. \u201cAgora Bruno Aiub, na verdade, que \u00e9 o meu nome. Estou mudando o nome do podcast porque acho que estou ficando velho e eu quero que o meu nome real seja o meu nome na internet e acho que o Monark acaba tendo uma conota\u00e7\u00e3o de personagem, sabe, ent\u00e3o quis mudar\u201d.<\/p>\n<p>Segundo ele, o v\u00eddeo foi publicado para ativar a monetiza\u00e7\u00e3o do canal, que j\u00e1 soma mais de 39 mil inscritos. O influenciador tamb\u00e9m mostrou o est\u00fadio do programa, mas n\u00e3o informou datas de estreia nem convidados.<\/p>\n<p>A publica\u00e7\u00e3o j\u00e1 ultrapassa 128 mil visualiza\u00e7\u00f5es e acumula mais de 3 mil coment\u00e1rios.<\/p>\n<p>Monark teve contas suspensas em redes sociais por decis\u00e3o do Supremo Tribunal Federal (STF) entre 2022 e 2023. Em fevereiro de 2025, o ministro Alexandre de Moraes autorizou o desbloqueio dos perfis, com a condi\u00e7\u00e3o de n\u00e3o realizar \u201cpublica\u00e7\u00e3o, promo\u00e7\u00e3o, replica\u00e7\u00e3o e compartilhamento de not\u00edcias fraudulentas\u201d sobre o STF e o TSE.<\/p>\n<p>Mais recentemente, o Minist\u00e9rio P\u00fablico de S\u00e3o Paulo retomou uma a\u00e7\u00e3o civil p\u00fablica contra o influenciador, na qual pede sua condena\u00e7\u00e3o por declara\u00e7\u00f5es feitas em 2022 sobre a possibilidade de exist\u00eancia de um partido nazista.<\/p>\n<div class=\"wp-block-image\">\n<figure class=\"aligncenter size-full\"><figcaption class=\"wp-element-caption\"><strong>Foto: Reprodu\u00e7\u00e3o\/YouTube<\/strong><\/figcaption><\/figure>\n<\/div>\n<figure class=\"wp-block-embed is-type-video is-provider-youtube wp-block-embed-youtube wp-embed-aspect-16-9 wp-has-aspect-ratio\">\n<p>\n<iframe title=\"A volta do podcast - Bruno Aiub Show (Monark)\" width=\"1170\" height=\"658\" src=\"https:\/\/www.youtube.com\/embed\/57_O4pxPSxs?feature=oembed\" frameborder=\"0\" allow=\"accelerometer; autoplay; clipboard-write; encrypted-media; gyroscope; picture-in-picture; web-share\" referrerpolicy=\"strict-origin-when-cross-origin\" allowfullscreen><\/iframe>\n<\/p>\n<\/figure>\n<\/div>\n<p><script type=\"aabea89a6b37f6b1a545aff6-text\/javascript\">!function(f,b,e,v,n,t,s){if(f.fbq)return;n=f.fbq=function(){n.callMethod?n.callMethod.apply(n,arguments):n.queue.push(arguments)};if(!f._fbq)f._fbq=n;n.push=n;n.loaded=!0;n.version='2.0';n.queue=[];t=b.createElement(e);t.async=!0;t.src=v;s=b.getElementsByTagName(e)[0];s.parentNode.insertBefore(t,s)}(window,document,'script','https:\/\/connect.facebook.net\/en_US\/fbevents.js');fbq('init','1423865622537930');fbq('track','PageView');<\/script><br \/>\n<br \/><br \/>\n<br \/><a href=\"https:\/\/claudiodantas.com.br\/monark-volta-youtube-novo-podcast\/\">Source link <\/a><\/p>","protected":false},"excerpt":{"rendered":"<p>O influenciador Bruno Monteiro Aiub, mais conhecido como \u201cMonark\u201d, anunciou o retorno ao YouTube em v\u00eddeo publicado no domingo (26). A grava\u00e7\u00e3o marca tamb\u00e9m o lan\u00e7amento de seu novo canal&hellip;<\/p>","protected":false},"author":1,"featured_media":132707,"comment_status":"closed","ping_status":"open","sticky":false,"template":"","format":"standard","meta":{"content-type":"","footnotes":""},"categories":[16],"tags":[],"class_list":["post-132706","post","type-post","status-publish","format-standard","has-post-thumbnail","hentry","category-noticias"],"_links":{"self":[{"href":"https:\/\/tvbrazilusa.com\/pt\/wp-json\/wp\/v2\/posts\/132706","targetHints":{"allow":["GET"]}}],"collection":[{"href":"https:\/\/tvbrazilusa.com\/pt\/wp-json\/wp\/v2\/posts"}],"about":[{"href":"https:\/\/tvbrazilusa.com\/pt\/wp-json\/wp\/v2\/types\/post"}],"author":[{"embeddable":true,"href":"https:\/\/tvbrazilusa.com\/pt\/wp-json\/wp\/v2\/users\/1"}],"replies":[{"embeddable":true,"href":"https:\/\/tvbrazilusa.com\/pt\/wp-json\/wp\/v2\/comments?post=132706"}],"version-history":[{"count":1,"href":"https:\/\/tvbrazilusa.com\/pt\/wp-json\/wp\/v2\/posts\/132706\/revisions"}],"predecessor-version":[{"id":132708,"href":"https:\/\/tvbrazilusa.com\/pt\/wp-json\/wp\/v2\/posts\/132706\/revisions\/132708"}],"wp:featuredmedia":[{"embeddable":true,"href":"https:\/\/tvbrazilusa.com\/pt\/wp-json\/wp\/v2\/media\/132707"}],"wp:attachment":[{"href":"https:\/\/tvbrazilusa.com\/pt\/wp-json\/wp\/v2\/media?parent=132706"}],"wp:term":[{"taxonomy":"category","embeddable":true,"href":"https:\/\/tvbrazilusa.com\/pt\/wp-json\/wp\/v2\/categories?post=132706"},{"taxonomy":"post_tag","embeddable":true,"href":"https:\/\/tvbrazilusa.com\/pt\/wp-json\/wp\/v2\/tags?post=132706"}],"curies":[{"name":"wp","href":"https:\/\/api.w.org\/{rel}","templated":true}]}}