{"id":132717,"date":"2026-04-28T16:51:01","date_gmt":"2026-04-28T16:51:01","guid":{"rendered":"https:\/\/tvbrazilusa.com\/2026\/04\/28\/dino-ainda-lidera-rejeicao-em-sabatina-do-stf-veja-numeros\/"},"modified":"2026-04-28T16:56:42","modified_gmt":"2026-04-28T16:56:42","slug":"dino-ainda-lidera-rejeicao-em-sabatina-do-stf-veja-numeros","status":"publish","type":"post","link":"https:\/\/tvbrazilusa.com\/pt\/2026\/04\/28\/dino-ainda-lidera-rejeicao-em-sabatina-do-stf-veja-numeros\/","title":{"rendered":"Dino ainda lidera rejei\u00e7\u00e3o em sabatina do STF; Veja n\u00fameros"},"content":{"rendered":"<p> <script async src=\"https:\/\/pagead2.googlesyndication.com\/pagead\/js\/adsbygoogle.js?client=ca-pub-8864793242727901\"\r\n     crossorigin=\"anonymous\"><\/script><br \/>\n<\/p>\n<div id=\"cd-article-content\">\n<p>O ministro do Supremo Tribunal Federal (STF) <a href=\"https:\/\/www.instagram.com\/flaviodino\/?hl=pt\" target=\"_blank\" rel=\"noopener\">Fl\u00e1vio Dino<\/a> \u00e9, at\u00e9 o momento, o indicado com maior rejei\u00e7\u00e3o em sabatina na Comiss\u00e3o de Constitui\u00e7\u00e3o e Justi\u00e7a (CCJ) do Senado nas \u00faltimas duas d\u00e9cadas.<\/p>\n<p><a href=\"https:\/\/whatsapp.com\/channel\/0029VaTFkH2HVvTbkE883x1x\" target=\"_blank\" class=\"whatsapp-channel-message\" rel=\"noopener\">\u2705 Siga o canal do Claudio Dantas no WhatsApp<\/a><\/p>\n<p><a href=\"https:\/\/claudiodantas.com.br\/lula-r-12-bi-emendas-sabatina-messias\/\">Indicado pelo Lula <\/a>em 2023, Dino foi aprovado com 17 votos favor\u00e1veis e 10 contr\u00e1rios, o maior n\u00famero de votos negativos no per\u00edodo.<\/p>\n<p>O resultado superou o registrado por Andr\u00e9 Mendon\u00e7a em 2021. Indicado por Jair Bolsonaro, Mendon\u00e7a recebeu 18 votos a favor e 9 contra.<\/p>\n<p>Na sequ\u00eancia aparecem Alexandre de Moraes e Edson Fachin, ambos aprovados com 7 votos contr\u00e1rios. Moraes obteve 19 votos favor\u00e1veis, enquanto Fachin teve 20.<\/p>\n<figure class=\"wp-block-image size-large\"><figcaption class=\"wp-element-caption\"><em>Foto: Imagem gerada\/ Claudio Dantas Portal<\/em><\/figcaption><\/figure>\n<p>Outros ministros tiveram resist\u00eancia menor. Gilmar Mendes registrou 16 votos a favor e 6 contra. Kassio Nunes Marques e Cristiano Zanin tiveram 5 votos contr\u00e1rios cada, com 22 e 21 votos favor\u00e1veis, respectivamente.<\/p>\n<p>Dias Toffoli foi aprovado por 20 votos a 3. Rosa Weber teve 19 votos a favor e 3 contra.<\/p>\n<p>Entre os melhores desempenhos recentes, Lu\u00eds Roberto Barroso foi aprovado por 26 votos a 1, e Ricardo Lewandowski por 21 a 1. Luiz Fux e C\u00e1rmen L\u00facia foram aprovados por unanimidade, com 23 votos favor\u00e1veis e nenhum contr\u00e1rio.<\/p>\n<p><strong>Proje\u00e7\u00e3o para Messias<\/strong><\/p>\n<p>A sabatina do advogado-geral da Uni\u00e3o, Jorge <a href=\"https:\/\/claudiodantas.com.br\/esquerda-projeta-16-votos-para-messias-no-stf-apos-tirar-moro\/\">Messias<\/a>, est\u00e1 marcada para esta quarta-feira (29). A vota\u00e7\u00e3o no Senado \u00e9 secreta.<\/p>\n<p>O Pal\u00e1cio do Planalto projeta que o indicado alcance cerca de 50 votos favor\u00e1veis no plen\u00e1rio. A estimativa \u00e9 superior ao resultado obtido por Dino, que teve 47 votos.<\/p>\n<p>J\u00e1 parlamentares da oposi\u00e7\u00e3o e parte do centro indicam um cen\u00e1rio mais apertado, com possibilidade de o indicado n\u00e3o atingir 35 votos.<\/p>\n<p>Antes da vota\u00e7\u00e3o final, Messias passar\u00e1 pela CCJ, onde precisa de ao menos 14 votos para avan\u00e7ar ao plen\u00e1rio.<\/p>\n<p>Nos bastidores, o indicado tem buscado apoio entre senadores e sinalizado compromisso com di\u00e1logo entre os Poderes e respeito \u00e0s atribui\u00e7\u00f5es constitucionais.<\/p>\n<\/div>\n<p><script type=\"0e7fe4d4a78771735321d20a-text\/javascript\">!function(f,b,e,v,n,t,s){if(f.fbq)return;n=f.fbq=function(){n.callMethod?n.callMethod.apply(n,arguments):n.queue.push(arguments)};if(!f._fbq)f._fbq=n;n.push=n;n.loaded=!0;n.version='2.0';n.queue=[];t=b.createElement(e);t.async=!0;t.src=v;s=b.getElementsByTagName(e)[0];s.parentNode.insertBefore(t,s)}(window,document,'script','https:\/\/connect.facebook.net\/en_US\/fbevents.js');fbq('init','1423865622537930');fbq('track','PageView');<\/script><script async src=\"\/\/www.instagram.com\/embed.js\"><\/script><br \/>\n<br \/><br \/>\n<br \/><a href=\"https:\/\/claudiodantas.com.br\/dino-ainda-lidera-rejeicao-em-sabatina-do-stf\/\">Source link <\/a><\/p>","protected":false},"excerpt":{"rendered":"<p>O ministro do Supremo Tribunal Federal (STF) Fl\u00e1vio Dino \u00e9, at\u00e9 o momento, o indicado com maior rejei\u00e7\u00e3o em sabatina na Comiss\u00e3o de Constitui\u00e7\u00e3o e Justi\u00e7a (CCJ) do Senado nas&hellip;<\/p>","protected":false},"author":1,"featured_media":132718,"comment_status":"closed","ping_status":"open","sticky":false,"template":"","format":"standard","meta":{"content-type":"","footnotes":""},"categories":[16],"tags":[],"class_list":["post-132717","post","type-post","status-publish","format-standard","has-post-thumbnail","hentry","category-noticias"],"_links":{"self":[{"href":"https:\/\/tvbrazilusa.com\/pt\/wp-json\/wp\/v2\/posts\/132717","targetHints":{"allow":["GET"]}}],"collection":[{"href":"https:\/\/tvbrazilusa.com\/pt\/wp-json\/wp\/v2\/posts"}],"about":[{"href":"https:\/\/tvbrazilusa.com\/pt\/wp-json\/wp\/v2\/types\/post"}],"author":[{"embeddable":true,"href":"https:\/\/tvbrazilusa.com\/pt\/wp-json\/wp\/v2\/users\/1"}],"replies":[{"embeddable":true,"href":"https:\/\/tvbrazilusa.com\/pt\/wp-json\/wp\/v2\/comments?post=132717"}],"version-history":[{"count":1,"href":"https:\/\/tvbrazilusa.com\/pt\/wp-json\/wp\/v2\/posts\/132717\/revisions"}],"predecessor-version":[{"id":132719,"href":"https:\/\/tvbrazilusa.com\/pt\/wp-json\/wp\/v2\/posts\/132717\/revisions\/132719"}],"wp:featuredmedia":[{"embeddable":true,"href":"https:\/\/tvbrazilusa.com\/pt\/wp-json\/wp\/v2\/media\/132718"}],"wp:attachment":[{"href":"https:\/\/tvbrazilusa.com\/pt\/wp-json\/wp\/v2\/media?parent=132717"}],"wp:term":[{"taxonomy":"category","embeddable":true,"href":"https:\/\/tvbrazilusa.com\/pt\/wp-json\/wp\/v2\/categories?post=132717"},{"taxonomy":"post_tag","embeddable":true,"href":"https:\/\/tvbrazilusa.com\/pt\/wp-json\/wp\/v2\/tags?post=132717"}],"curies":[{"name":"wp","href":"https:\/\/api.w.org\/{rel}","templated":true}]}}