{"id":132720,"date":"2026-04-28T17:33:00","date_gmt":"2026-04-28T17:33:00","guid":{"rendered":"https:\/\/tvbrazilusa.com\/2026\/04\/28\/governo-congela-34-milhoes-de-multas-do-pedagio-free-flow\/"},"modified":"2026-04-28T17:38:33","modified_gmt":"2026-04-28T17:38:33","slug":"governo-congela-34-milhoes-de-multas-do-pedagio-free-flow","status":"publish","type":"post","link":"https:\/\/tvbrazilusa.com\/pt\/2026\/04\/28\/governo-congela-34-milhoes-de-multas-do-pedagio-free-flow\/","title":{"rendered":"Governo congela 3,4 milh\u00f5es de multas do ped\u00e1gio free flow"},"content":{"rendered":"<p> <script async src=\"https:\/\/pagead2.googlesyndication.com\/pagead\/js\/adsbygoogle.js?client=ca-pub-8864793242727901\"\r\n     crossorigin=\"anonymous\"><\/script><br \/>\n<\/p>\n<div id=\"cd-article-content\">\n<p>O <strong><a href=\"https:\/\/www.gov.br\/transportes\/pt-br\" target=\"_blank\" rel=\"noopener\">Minist\u00e9rio dos Transportes<\/a> <\/strong>anunciou nesta tarde (28) a suspens\u00e3o de 3,4 milh\u00f5es de <strong>multas<\/strong> aplicadas no sistema de <strong><a href=\"https:\/\/claudiodantas.com.br\/tag\/pedagio\/\" data-type=\"post_tag\" data-id=\"3046\">ped\u00e1gio<\/a><\/strong> eletr\u00f4nico <strong><a href=\"https:\/\/claudiodantas.com.br\/tag\/free-flow\/\" data-type=\"post_tag\" data-id=\"10308\">\u201cfree flow\u201d<\/a><\/strong>. A medida estabelece prazo de at\u00e9 200 dias para regulariza\u00e7\u00e3o de d\u00e9bitos e interrompe novas autua\u00e7\u00f5es por infra\u00e7\u00f5es no per\u00edodo. <\/p>\n<p><a href=\"https:\/\/whatsapp.com\/channel\/0029VaTFkH2HVvTbkE883x1x\" target=\"_blank\" class=\"whatsapp-channel-message\" rel=\"noopener\">\u2705 Siga o canal do Claudio Dantas no WhatsApp<\/a><\/p>\n<p>O \u201cFree Flow\u201d \u00e9 um modelo de ped\u00e1gio sem cancelas, com cobran\u00e7a autom\u00e1tica sem parada. Quem pagar dentro do prazo poder\u00e1 recuperar pontos na CNH. Ap\u00f3s 17 de novembro, volta a cobran\u00e7a de multa e ped\u00e1gio em aberto.<\/p>\n<p>A medida ser\u00e1 de transi\u00e7\u00e3o, segundo o governo, para permitir integra\u00e7\u00e3o dos sistemas. As concession\u00e1rias ter\u00e3o 100 dias, ap\u00f3s delibera\u00e7\u00e3o do Contran, para adequa\u00e7\u00e3o e integra\u00e7\u00e3o de dados.<\/p>\n<p>A cobran\u00e7a deve ser incorporada \u00e0 carteira digital de tr\u00e2nsito ap\u00f3s a adapta\u00e7\u00e3o. Motoristas que j\u00e1 pagaram multa poder\u00e3o pedir ressarcimento, desde que tenham quitado o ped\u00e1gio no prazo. O governo estima impacto de R$ 93 milh\u00f5es em devolu\u00e7\u00f5es.<\/p>\n<p>O ministro George Santoro, dos Transportes, afirmou que a resolu\u00e7\u00e3o ser\u00e1 publicada oficialmente amanh\u00e3 (29): \u201cQuando a gente publicar, as multas j\u00e1 v\u00e3o aparecer suspensas no sistema do Senatran, isso \u00e9 muito importante para que as pessoas n\u00e3o tenham d\u00favidas de que as novas regras estar\u00e3o em vigor\u201d.<\/p>\n<p>Segundo Santoro, a decis\u00e3o do governo petista decorre de falhas na comunica\u00e7\u00e3o do sistema. No modelo \u201cfree flow\u201d, sensores e c\u00e2meras identificam ve\u00edculos em p\u00f3rticos. A cobran\u00e7a \u00e9 feita por TAG ou leitura de placa. Sem pagamento, h\u00e1 multa por evas\u00e3o.<\/p>\n<div class=\"wp-block-image\">\n<figure class=\"aligncenter size-full is-resized\"><figcaption class=\"wp-element-caption\">Foto: Divulga\u00e7\u00e3o\/ANTT<\/figcaption><\/figure>\n<\/div>\n<\/div>\n<p><script type=\"86e4aae31a41e288f60749b9-text\/javascript\">!function(f,b,e,v,n,t,s){if(f.fbq)return;n=f.fbq=function(){n.callMethod?n.callMethod.apply(n,arguments):n.queue.push(arguments)};if(!f._fbq)f._fbq=n;n.push=n;n.loaded=!0;n.version='2.0';n.queue=[];t=b.createElement(e);t.async=!0;t.src=v;s=b.getElementsByTagName(e)[0];s.parentNode.insertBefore(t,s)}(window,document,'script','https:\/\/connect.facebook.net\/en_US\/fbevents.js');fbq('init','1423865622537930');fbq('track','PageView');<\/script><br \/>\n<br \/><br \/>\n<br \/><a href=\"https:\/\/claudiodantas.com.br\/governo-congela-multas-pedagio-free-flow\/\">Source link <\/a><\/p>","protected":false},"excerpt":{"rendered":"<p>O Minist\u00e9rio dos Transportes anunciou nesta tarde (28) a suspens\u00e3o de 3,4 milh\u00f5es de multas aplicadas no sistema de ped\u00e1gio eletr\u00f4nico \u201cfree flow\u201d. A medida estabelece prazo de at\u00e9 200&hellip;<\/p>","protected":false},"author":1,"featured_media":132721,"comment_status":"closed","ping_status":"open","sticky":false,"template":"","format":"standard","meta":{"content-type":"","footnotes":""},"categories":[16],"tags":[],"class_list":["post-132720","post","type-post","status-publish","format-standard","has-post-thumbnail","hentry","category-noticias"],"_links":{"self":[{"href":"https:\/\/tvbrazilusa.com\/pt\/wp-json\/wp\/v2\/posts\/132720","targetHints":{"allow":["GET"]}}],"collection":[{"href":"https:\/\/tvbrazilusa.com\/pt\/wp-json\/wp\/v2\/posts"}],"about":[{"href":"https:\/\/tvbrazilusa.com\/pt\/wp-json\/wp\/v2\/types\/post"}],"author":[{"embeddable":true,"href":"https:\/\/tvbrazilusa.com\/pt\/wp-json\/wp\/v2\/users\/1"}],"replies":[{"embeddable":true,"href":"https:\/\/tvbrazilusa.com\/pt\/wp-json\/wp\/v2\/comments?post=132720"}],"version-history":[{"count":1,"href":"https:\/\/tvbrazilusa.com\/pt\/wp-json\/wp\/v2\/posts\/132720\/revisions"}],"predecessor-version":[{"id":132722,"href":"https:\/\/tvbrazilusa.com\/pt\/wp-json\/wp\/v2\/posts\/132720\/revisions\/132722"}],"wp:featuredmedia":[{"embeddable":true,"href":"https:\/\/tvbrazilusa.com\/pt\/wp-json\/wp\/v2\/media\/132721"}],"wp:attachment":[{"href":"https:\/\/tvbrazilusa.com\/pt\/wp-json\/wp\/v2\/media?parent=132720"}],"wp:term":[{"taxonomy":"category","embeddable":true,"href":"https:\/\/tvbrazilusa.com\/pt\/wp-json\/wp\/v2\/categories?post=132720"},{"taxonomy":"post_tag","embeddable":true,"href":"https:\/\/tvbrazilusa.com\/pt\/wp-json\/wp\/v2\/tags?post=132720"}],"curies":[{"name":"wp","href":"https:\/\/api.w.org\/{rel}","templated":true}]}}