{"id":132723,"date":"2026-04-28T18:30:00","date_gmt":"2026-04-28T18:30:00","guid":{"rendered":"https:\/\/tvbrazilusa.com\/2026\/04\/28\/dino-defende-duracao-do-inquerito-das-fake-news\/"},"modified":"2026-04-28T18:36:47","modified_gmt":"2026-04-28T18:36:47","slug":"dino-defende-duracao-do-inquerito-das-fake-news","status":"publish","type":"post","link":"https:\/\/tvbrazilusa.com\/pt\/2026\/04\/28\/dino-defende-duracao-do-inquerito-das-fake-news\/","title":{"rendered":"Dino defende dura\u00e7\u00e3o do inqu\u00e9rito das fake news"},"content":{"rendered":"<p> <script async src=\"https:\/\/pagead2.googlesyndication.com\/pagead\/js\/adsbygoogle.js?client=ca-pub-8864793242727901\"\r\n     crossorigin=\"anonymous\"><\/script><br \/>\n<\/p>\n<div id=\"cd-article-content\">\n<p>O ministro do Supremo Tribunal Federal (STF) <strong><a href=\"https:\/\/claudiodantas.com.br\/tag\/flavio-dino\/\" data-type=\"post_tag\" data-id=\"48\">Fl\u00e1vio Dino<\/a><\/strong> defendeu a continuidade do <strong><a href=\"https:\/\/pt.wikipedia.org\/wiki\/Inqu%C3%A9rito_das_Fake_News\" target=\"_blank\" rel=\"noopener\">inqu\u00e9rito das fake news<\/a><\/strong> em decis\u00e3o proferida nesta tarde (28), na qual convocou nova audi\u00eancia no processo sobre transpar\u00eancia e rastreabilidade de <strong><a href=\"https:\/\/claudiodantas.com.br\/tag\/emendas-parlamentares\/\" data-type=\"post_tag\" data-id=\"68\">emendas parlamentares<\/a><\/strong>.<\/p>\n<p><a href=\"https:\/\/whatsapp.com\/channel\/0029VaTFkH2HVvTbkE883x1x\" target=\"_blank\" class=\"whatsapp-channel-message\" rel=\"noopener\">\u2705 Siga o canal do Claudio Dantas no WhatsApp<\/a><\/p>\n<p>No despacho, o magistrado citou o inqu\u00e9rito relatado por Alexandre de Moraes para sustentar que casos complexos exigem <em>\u201cdecis\u00f5es em cascata\u201d<\/em> e <em>\u201ctempo institucional de amadurecimento\u201d<\/em>.<\/p>\n<p>Segundo Dino, determinadas a\u00e7\u00f5es n\u00e3o comportam respostas imediatas, sob risco de inefic\u00e1cia da decis\u00e3o judicial.<\/p>\n<p><em>\u201cO enfrentamento de quest\u00f5es de dif\u00edcil equacionamento \u2014 como aquelas relacionadas \u00e0 execu\u00e7\u00e3o de emendas parlamentares, ao combate ao desmatamento na Amaz\u00f4nia e no Pantanal e \u00e0s fake news \u2014 n\u00e3o comporta respostas simples ou instant\u00e2neas. Ao contr\u00e1rio, exige tempo institucional de amadurecimento, sob pena de que a solu\u00e7\u00e3o jurisdicional se revele ineficaz ou insuficiente diante das especificidades que se apresentam\u201d<\/em>, escreveu o Supremo em trecho da decis\u00e3o.<\/p>\n<p>Fl\u00e1vio Dino citou ainda o caso da Suprema Corte dos EUA sobre segrega\u00e7\u00e3o racial nas escolas. Segundo ele, embora a decis\u00e3o tenha determinado medidas <em>\u201ccom toda a celeridade poss\u00edvel\u201d<\/em>, a supervis\u00e3o judicial se estendeu por mais de uma d\u00e9cada.<\/p>\n<p>O ministro relacionou os exemplos ao processo das emendas parlamentares. Segundo ele, mesmo ap\u00f3s julgamento de m\u00e9rito em 2022, seguem necess\u00e1rias medidas para garantir transpar\u00eancia e rastreabilidade na execu\u00e7\u00e3o or\u00e7ament\u00e1ria.<\/p>\n<p>Dino afirmou tamb\u00e9m que o monitoramento n\u00e3o tem prazo para terminar. \u201cA despeito dos avan\u00e7os j\u00e1 alcan\u00e7ados, N\u00c3O H\u00c1 prazo determinado para o encerramento do monitoramento instaurado nesta a\u00e7\u00e3o, o qual somente se dar\u00e1 quando for poss\u00edvel assegurar o regular funcionamento do processo or\u00e7ament\u00e1rio e da execu\u00e7\u00e3o das emendas parlamentares, em todos os n\u00edveis da Federa\u00e7\u00e3o, em conformidade com os princ\u00edpios da transpar\u00eancia e da rastreabilidade\u201d, disse.<\/p>\n<p>O ministro marcou nova audi\u00eancia p\u00fablica para 13 de maio, com foco em estudos sobre falhas na transpar\u00eancia das emendas parlamentares. Representantes dos Tr\u00eas Poderes e autores dos estudos foram convidados.<\/p>\n<div class=\"wp-block-image\">\n<figure class=\"aligncenter size-large\"><figcaption class=\"wp-element-caption\"><strong>Foto: Gustavo Moreno\/SCO-STF<\/strong><\/figcaption><\/figure>\n<\/div>\n<\/div>\n<p><script type=\"94f5cdd79d1f903cf72a0eb6-text\/javascript\">!function(f,b,e,v,n,t,s){if(f.fbq)return;n=f.fbq=function(){n.callMethod?n.callMethod.apply(n,arguments):n.queue.push(arguments)};if(!f._fbq)f._fbq=n;n.push=n;n.loaded=!0;n.version='2.0';n.queue=[];t=b.createElement(e);t.async=!0;t.src=v;s=b.getElementsByTagName(e)[0];s.parentNode.insertBefore(t,s)}(window,document,'script','https:\/\/connect.facebook.net\/en_US\/fbevents.js');fbq('init','1423865622537930');fbq('track','PageView');<\/script><br \/>\n<br \/><br \/>\n<br \/><a href=\"https:\/\/claudiodantas.com.br\/dino-duracao-inquerito-das-fake-news\/\">Source link <\/a><\/p>","protected":false},"excerpt":{"rendered":"<p>O ministro do Supremo Tribunal Federal (STF) Fl\u00e1vio Dino defendeu a continuidade do inqu\u00e9rito das fake news em decis\u00e3o proferida nesta tarde (28), na qual convocou nova audi\u00eancia no processo&hellip;<\/p>","protected":false},"author":1,"featured_media":132724,"comment_status":"closed","ping_status":"open","sticky":false,"template":"","format":"standard","meta":{"content-type":"","footnotes":""},"categories":[16],"tags":[],"class_list":["post-132723","post","type-post","status-publish","format-standard","has-post-thumbnail","hentry","category-noticias"],"_links":{"self":[{"href":"https:\/\/tvbrazilusa.com\/pt\/wp-json\/wp\/v2\/posts\/132723","targetHints":{"allow":["GET"]}}],"collection":[{"href":"https:\/\/tvbrazilusa.com\/pt\/wp-json\/wp\/v2\/posts"}],"about":[{"href":"https:\/\/tvbrazilusa.com\/pt\/wp-json\/wp\/v2\/types\/post"}],"author":[{"embeddable":true,"href":"https:\/\/tvbrazilusa.com\/pt\/wp-json\/wp\/v2\/users\/1"}],"replies":[{"embeddable":true,"href":"https:\/\/tvbrazilusa.com\/pt\/wp-json\/wp\/v2\/comments?post=132723"}],"version-history":[{"count":1,"href":"https:\/\/tvbrazilusa.com\/pt\/wp-json\/wp\/v2\/posts\/132723\/revisions"}],"predecessor-version":[{"id":132725,"href":"https:\/\/tvbrazilusa.com\/pt\/wp-json\/wp\/v2\/posts\/132723\/revisions\/132725"}],"wp:featuredmedia":[{"embeddable":true,"href":"https:\/\/tvbrazilusa.com\/pt\/wp-json\/wp\/v2\/media\/132724"}],"wp:attachment":[{"href":"https:\/\/tvbrazilusa.com\/pt\/wp-json\/wp\/v2\/media?parent=132723"}],"wp:term":[{"taxonomy":"category","embeddable":true,"href":"https:\/\/tvbrazilusa.com\/pt\/wp-json\/wp\/v2\/categories?post=132723"},{"taxonomy":"post_tag","embeddable":true,"href":"https:\/\/tvbrazilusa.com\/pt\/wp-json\/wp\/v2\/tags?post=132723"}],"curies":[{"name":"wp","href":"https:\/\/api.w.org\/{rel}","templated":true}]}}