{"id":132726,"date":"2026-04-28T19:00:00","date_gmt":"2026-04-28T19:00:00","guid":{"rendered":"https:\/\/tvbrazilusa.com\/2026\/04\/28\/pf-deveria-ter-vergonha-de-abordar-morador-por-faixa-contra-lula\/"},"modified":"2026-04-28T19:19:49","modified_gmt":"2026-04-28T19:19:49","slug":"pf-deveria-ter-vergonha-de-abordar-morador-por-faixa-contra-lula","status":"publish","type":"post","link":"https:\/\/tvbrazilusa.com\/pt\/2026\/04\/28\/pf-deveria-ter-vergonha-de-abordar-morador-por-faixa-contra-lula\/","title":{"rendered":"PF \u201cdeveria ter vergonha\u201d de abordar morador por faixa contra Lula"},"content":{"rendered":"<p> <script async src=\"https:\/\/pagead2.googlesyndication.com\/pagead\/js\/adsbygoogle.js?client=ca-pub-8864793242727901\"\r\n     crossorigin=\"anonymous\"><\/script><br \/>\n<\/p>\n<div id=\"cd-article-content\">\n<p>O programa <strong><a href=\"https:\/\/youtube.com\/playlist?list=PLW3vLqxTq1UTKhps4Wf561O7WCk9mVPL2&#038;si=O_AkDQn3jX5Udukk\" target=\"_blank\" rel=\"noopener\">ALive<\/a><\/strong> de hoje (28) abordou a a\u00e7\u00e3o de agentes da <strong><a href=\"https:\/\/www.gov.br\/pf\/pt-br\" target=\"_blank\" rel=\"noopener\">Pol\u00edcia Federal (PF)<\/a><\/strong> contra um morador de um condom\u00ednio em <strong><a href=\"https:\/\/claudiodantas.com.br\/tag\/presidente-prudente\/\" data-type=\"post_tag\" data-id=\"15362\">Presidente Prudente (SP)<\/a><\/strong>, ap\u00f3s ele exibir, no pr\u00f3prio apartamento, uma faixa com a palavra \u201cladr\u00e3o\u201d, em im\u00f3vel localizado nas proximidades do local onde <strong><a href=\"https:\/\/claudiodantas.com.br\/tag\/lula\/\" data-type=\"post_tag\" data-id=\"4445\">Lula<\/a><\/strong> participaria de um evento.<\/p>\n<p><a href=\"https:\/\/whatsapp.com\/channel\/0029VaTFkH2HVvTbkE883x1x\" target=\"_blank\" class=\"whatsapp-channel-message\" rel=\"noopener\">\u2705 Siga o canal do Claudio Dantas no WhatsApp<\/a><\/p>\n<p>Para o apresentador <strong><a href=\"https:\/\/claudiodantas.com.br\/sobre\/\" data-type=\"page\" data-id=\"81337\">Claudio Dantas<\/a><\/strong>, a PF \u201cdeveria ter vergonha de tocar a campainha de um cidad\u00e3o comum pra pedir pra tirar uma faixa porque Dona Janja ou Seu Lula acham aquilo ofensivo\u201d.<\/p>\n<p>\u201cT\u00e1 tudo errado nessa abordagem. N\u00e3o h\u00e1 ordem judicial pra retirada de faixa. A faixa \u00e9 uma manifesta\u00e7\u00e3o popular, individual, feita em resid\u00eancia pr\u00f3pria\u201d, afirmou Dantas.<\/p>\n<p>\u201cSe Lula se sente ofendido, acha que t\u00e1 sendo caluniado porque t\u00e1 sendo chamado de ladr\u00e3o, que v\u00e1 na primeira inst\u00e2ncia e processe\u201d, destacou o jornalista. \u201cPor difama\u00e7\u00e3o, inj\u00faria, dano moral. Fa\u00e7a ali movimento \u00e0 Justi\u00e7a\u201d.<\/p>\n<p>De acordo com Dantas, essas ilegalidades come\u00e7aram com o Supremo Tribunal Federal (STF) e \u201cagora, a Pol\u00edcia Federal se acha no direito de tamb\u00e9m cometer atos como esse: sem manifesta\u00e7\u00e3o do Minist\u00e9rio P\u00fablico, sem ordem judicial, esse delegado ou esse agente de pol\u00edcia que n\u00e3o est\u00e1 identificado, ele precisa entender que a sua atribui\u00e7\u00e3o\u201d.<\/p>\n<p>Na vis\u00e3o de Dantas, Lula e Janja acham que \u201cs\u00e3o donos do pa\u00eds\u201d e \u201cresolveram pegar a Pol\u00edcia Federal, colocar no bolso, e criar um departamento pra eles se protegerem, pra eles serem assessorados por delegados e agentes de pol\u00edcia que deveriam estar na rua, combatendo o crime\u201d.<\/p>\n<p>Lula, de acordo com o apresentador do ALive, desviou delegados da PF e seus agentes \u201cda fun\u00e7\u00e3o origin\u00e1ria\u201d, que deveriam estar apenas verificando riscos \u201c\u00e0 seguran\u00e7a do presidente\u201d: \u201c\u00c9 pra olhar se tem algum atirador no teto de um edif\u00edcio, \u00e9 pra ver se tem alguma situa\u00e7\u00e3o que pode gerar algum risco, pra ver inclusive se tem protestos, manifesta\u00e7\u00f5es de rua, que possam criar algum tipo de problema de acesso \u00e0 comitiva. \u00c9 essa a fun\u00e7\u00e3o!\u201d.<\/p>\n<p>\u201cN\u00e3o \u00e9 ficar olhando varandinha de morador atr\u00e1s de cartaz de indigna\u00e7\u00e3o do morador por causa de um sistema corrupto que \u00e9 o nosso, e de um governo que t\u00e1 envolvido numa porrada de falcatrua\u201d, completou Dantas.<\/p>\n<div class=\"wp-block-image\">\n<figure class=\"aligncenter size-full is-resized\"><figcaption class=\"wp-element-caption\">Foto: Reprodu\u00e7\u00e3o\/YouTube @ClaudioDantasOficial<\/figcaption><\/figure>\n<\/div>\n<h3 class=\"wp-block-heading\"><strong>ASSISTA AO PROGRAMA DE HOJE:<\/strong><\/h3>\n<figure class=\"wp-block-embed is-type-video is-provider-youtube wp-block-embed-youtube wp-embed-aspect-16-9 wp-has-aspect-ratio\">\n<p>\n<iframe title=\"Lula libera 12 bilh\u00f5es em emendas e entrega cargos em ag\u00eancias e estatais para aprovar Messias\" width=\"1170\" height=\"658\" src=\"https:\/\/www.youtube.com\/embed\/eWWhJrwCKu4?feature=oembed\" frameborder=\"0\" allow=\"accelerometer; autoplay; clipboard-write; encrypted-media; gyroscope; picture-in-picture; web-share\" referrerpolicy=\"strict-origin-when-cross-origin\" allowfullscreen><\/iframe>\n<\/p>\n<\/figure>\n<\/div>\n<p><script type=\"3df5fb8a85632e2eff5ec7dc-text\/javascript\">!function(f,b,e,v,n,t,s){if(f.fbq)return;n=f.fbq=function(){n.callMethod?n.callMethod.apply(n,arguments):n.queue.push(arguments)};if(!f._fbq)f._fbq=n;n.push=n;n.loaded=!0;n.version='2.0';n.queue=[];t=b.createElement(e);t.async=!0;t.src=v;s=b.getElementsByTagName(e)[0];s.parentNode.insertBefore(t,s)}(window,document,'script','https:\/\/connect.facebook.net\/en_US\/fbevents.js');fbq('init','1423865622537930');fbq('track','PageView');<\/script><br \/>\n<br \/><br \/>\n<br \/><a href=\"https:\/\/claudiodantas.com.br\/alive-pf-vergonha-abordar-morador-faixa-lula\/\">Source link <\/a><\/p>","protected":false},"excerpt":{"rendered":"<p>O programa ALive de hoje (28) abordou a a\u00e7\u00e3o de agentes da Pol\u00edcia Federal (PF) contra um morador de um condom\u00ednio em Presidente Prudente (SP), ap\u00f3s ele exibir, no pr\u00f3prio&hellip;<\/p>","protected":false},"author":1,"featured_media":132727,"comment_status":"closed","ping_status":"open","sticky":false,"template":"","format":"standard","meta":{"content-type":"","footnotes":""},"categories":[16],"tags":[],"class_list":["post-132726","post","type-post","status-publish","format-standard","has-post-thumbnail","hentry","category-noticias"],"_links":{"self":[{"href":"https:\/\/tvbrazilusa.com\/pt\/wp-json\/wp\/v2\/posts\/132726","targetHints":{"allow":["GET"]}}],"collection":[{"href":"https:\/\/tvbrazilusa.com\/pt\/wp-json\/wp\/v2\/posts"}],"about":[{"href":"https:\/\/tvbrazilusa.com\/pt\/wp-json\/wp\/v2\/types\/post"}],"author":[{"embeddable":true,"href":"https:\/\/tvbrazilusa.com\/pt\/wp-json\/wp\/v2\/users\/1"}],"replies":[{"embeddable":true,"href":"https:\/\/tvbrazilusa.com\/pt\/wp-json\/wp\/v2\/comments?post=132726"}],"version-history":[{"count":1,"href":"https:\/\/tvbrazilusa.com\/pt\/wp-json\/wp\/v2\/posts\/132726\/revisions"}],"predecessor-version":[{"id":132728,"href":"https:\/\/tvbrazilusa.com\/pt\/wp-json\/wp\/v2\/posts\/132726\/revisions\/132728"}],"wp:featuredmedia":[{"embeddable":true,"href":"https:\/\/tvbrazilusa.com\/pt\/wp-json\/wp\/v2\/media\/132727"}],"wp:attachment":[{"href":"https:\/\/tvbrazilusa.com\/pt\/wp-json\/wp\/v2\/media?parent=132726"}],"wp:term":[{"taxonomy":"category","embeddable":true,"href":"https:\/\/tvbrazilusa.com\/pt\/wp-json\/wp\/v2\/categories?post=132726"},{"taxonomy":"post_tag","embeddable":true,"href":"https:\/\/tvbrazilusa.com\/pt\/wp-json\/wp\/v2\/tags?post=132726"}],"curies":[{"name":"wp","href":"https:\/\/api.w.org\/{rel}","templated":true}]}}