{"id":132729,"date":"2026-04-28T20:20:00","date_gmt":"2026-04-28T20:20:00","guid":{"rendered":"https:\/\/tvbrazilusa.com\/2026\/04\/28\/professor-de-jiu-jitsu-e-preso-por-suspeita-de-abuso-sexual-contra-alunas\/"},"modified":"2026-04-28T20:39:56","modified_gmt":"2026-04-28T20:39:56","slug":"professor-de-jiu-jitsu-e-preso-por-suspeita-de-abuso-sexual-contra-alunas","status":"publish","type":"post","link":"https:\/\/tvbrazilusa.com\/pt\/2026\/04\/28\/professor-de-jiu-jitsu-e-preso-por-suspeita-de-abuso-sexual-contra-alunas\/","title":{"rendered":"Professor de jiu-jitsu \u00e9 preso por suspeita de abuso sexual contra alunas"},"content":{"rendered":"<p> <script async src=\"https:\/\/pagead2.googlesyndication.com\/pagead\/js\/adsbygoogle.js?client=ca-pub-8864793242727901\"\r\n     crossorigin=\"anonymous\"><\/script><br \/>\n<\/p>\n<div id=\"cd-article-content\">\n<p>A <strong><a href=\"http:\/\/policiacivil.sp.gov.br\/portal\/faces\/pages_home\" target=\"_blank\" rel=\"noopener\">Pol\u00edcia Civil de S\u00e3o Paulo (PCSP)<\/a><\/strong> prendeu nesta ter\u00e7a-feira (28) o treinador de <strong><a href=\"https:\/\/pt.wikipedia.org\/wiki\/Jiu-j%C3%ADtsu\" target=\"_blank\" rel=\"noopener\">jiu-jitsu<\/a><\/strong> Melquisedeque de Lima Galv\u00e3o Ferreira, mais conhecido como <strong><a href=\"https:\/\/www.google.com\/search?q=Melqui+Galv%C3%A3o&#038;oq=Melqui+Galv%C3%A3o&#038;gs_lcrp=EgZjaHJvbWUyDggAEEUYJxg5GIAEGIoFMgYIARAAGAMyDQgCEC4YrwEYxwEYgAQyBwgDEAAYgAQyBggEEAAYAzIGCAUQRRg8MgYIBhBFGDwyBggHEEUYPdIBCDE4MjlqMGo0qAIAsAIA&#038;sourceid=chrome&#038;ie=UTF-8#lrd=0x94cf27640f0a5a33:0xdcef7ed5e9666768,1,,,,\" target=\"_blank\" rel=\"noopener\">Melqui Galv\u00e3o<\/a><\/strong>, por suspeita de crimes sexuais contra alunas.<\/p>\n<p><a href=\"https:\/\/whatsapp.com\/channel\/0029VaTFkH2HVvTbkE883x1x\" target=\"_blank\" class=\"whatsapp-channel-message\" rel=\"noopener\">\u2705 Siga o canal do Claudio Dantas no WhatsApp<\/a><\/p>\n<p>A <strong><a href=\"https:\/\/claudiodantas.com.br\/tag\/prisao\/\" data-type=\"post_tag\" data-id=\"282\">pris\u00e3o<\/a><\/strong> tempor\u00e1ria foi determinada ap\u00f3s den\u00fancias reunidas pela 8\u00aa Delegacia de Defesa da Mulher (DDM), que investiga ao menos 3 supostas v\u00edtimas de Galv\u00e3o.<\/p>\n<p>O caso contra o professor de jiu-jitsu come\u00e7ou a ser apurado ap\u00f3s uma adolescente de 17 anos, ex-aluna do treinador, relatar atos libidinosos n\u00e3o consentidos durante uma competi\u00e7\u00e3o no exterior. A jovem est\u00e1 nos EUA e prestou depoimento \u00e0s autoridades, junto com familiares.<\/p>\n<p>Segundo a pol\u00edcia, os denunciantes apresentaram uma grava\u00e7\u00e3o em que Galv\u00e3o reconhece indiretamente o epis\u00f3dio e tenta evitar a divulga\u00e7\u00e3o do caso, com promessa de compensa\u00e7\u00e3o financeira.<\/p>\n<p>Durante a investiga\u00e7\u00e3o, outras duas poss\u00edveis v\u00edtimas do professor foram identificadas em diferentes estados. Em um dos relatos, a v\u00edtima afirmou ter 12 anos na \u00e9poca dos fatos.<\/p>\n<p>De acordo com a pol\u00edcia, Melqui Galv\u00e3o havia viajado para o Amazonas menos de 24h antes da pris\u00e3o, onde tamb\u00e9m atua como investigador da Pol\u00edcia Civil. Ele se apresentou \u00e0s autoridades ap\u00f3s articula\u00e7\u00e3o entre as corpora\u00e7\u00f5es.<\/p>\n<p>Al\u00e9m da pris\u00e3o, foram cumpridos tr\u00eas mandados de busca e apreens\u00e3o em endere\u00e7os ligados ao investigado em Jundia\u00ed (SP).<\/p>\n<p>Figura conhecida no jiu-jitsu, Melqui Galv\u00e3o \u00e9 faixa preta, treinador e fundador da Escola Melqui Galv\u00e3o Manaus, no bairro Cidade Nova. Ele tamb\u00e9m \u00e9 pai do multicampe\u00e3o Mica Galv\u00e3o, nome de destaque internacional na modalidade.<\/p>\n<figure class=\"wp-block-embed aligncenter is-type-rich is-provider-twitter wp-block-embed-twitter\"\/>\n<div class=\"wp-block-image\">\n<figure class=\"aligncenter size-large is-resized\"><\/figure>\n<\/div>\n<\/div>\n<p><script type=\"c26f217107309d4d7ea54e2f-text\/javascript\">!function(f,b,e,v,n,t,s){if(f.fbq)return;n=f.fbq=function(){n.callMethod?n.callMethod.apply(n,arguments):n.queue.push(arguments)};if(!f._fbq)f._fbq=n;n.push=n;n.loaded=!0;n.version='2.0';n.queue=[];t=b.createElement(e);t.async=!0;t.src=v;s=b.getElementsByTagName(e)[0];s.parentNode.insertBefore(t,s)}(window,document,'script','https:\/\/connect.facebook.net\/en_US\/fbevents.js');fbq('init','1423865622537930');fbq('track','PageView');<\/script><br \/>\n<br \/><br \/>\n<br \/><a href=\"https:\/\/claudiodantas.com.br\/professor-jiu-jitsu-preso-abuso-sexual-alunas\/\">Source link <\/a><\/p>","protected":false},"excerpt":{"rendered":"<p>A Pol\u00edcia Civil de S\u00e3o Paulo (PCSP) prendeu nesta ter\u00e7a-feira (28) o treinador de jiu-jitsu Melquisedeque de Lima Galv\u00e3o Ferreira, mais conhecido como Melqui Galv\u00e3o, por suspeita de crimes sexuais&hellip;<\/p>","protected":false},"author":1,"featured_media":132730,"comment_status":"closed","ping_status":"open","sticky":false,"template":"","format":"standard","meta":{"content-type":"","footnotes":""},"categories":[16],"tags":[],"class_list":["post-132729","post","type-post","status-publish","format-standard","has-post-thumbnail","hentry","category-noticias"],"_links":{"self":[{"href":"https:\/\/tvbrazilusa.com\/pt\/wp-json\/wp\/v2\/posts\/132729","targetHints":{"allow":["GET"]}}],"collection":[{"href":"https:\/\/tvbrazilusa.com\/pt\/wp-json\/wp\/v2\/posts"}],"about":[{"href":"https:\/\/tvbrazilusa.com\/pt\/wp-json\/wp\/v2\/types\/post"}],"author":[{"embeddable":true,"href":"https:\/\/tvbrazilusa.com\/pt\/wp-json\/wp\/v2\/users\/1"}],"replies":[{"embeddable":true,"href":"https:\/\/tvbrazilusa.com\/pt\/wp-json\/wp\/v2\/comments?post=132729"}],"version-history":[{"count":1,"href":"https:\/\/tvbrazilusa.com\/pt\/wp-json\/wp\/v2\/posts\/132729\/revisions"}],"predecessor-version":[{"id":132731,"href":"https:\/\/tvbrazilusa.com\/pt\/wp-json\/wp\/v2\/posts\/132729\/revisions\/132731"}],"wp:featuredmedia":[{"embeddable":true,"href":"https:\/\/tvbrazilusa.com\/pt\/wp-json\/wp\/v2\/media\/132730"}],"wp:attachment":[{"href":"https:\/\/tvbrazilusa.com\/pt\/wp-json\/wp\/v2\/media?parent=132729"}],"wp:term":[{"taxonomy":"category","embeddable":true,"href":"https:\/\/tvbrazilusa.com\/pt\/wp-json\/wp\/v2\/categories?post=132729"},{"taxonomy":"post_tag","embeddable":true,"href":"https:\/\/tvbrazilusa.com\/pt\/wp-json\/wp\/v2\/tags?post=132729"}],"curies":[{"name":"wp","href":"https:\/\/api.w.org\/{rel}","templated":true}]}}