{"id":132732,"date":"2026-04-28T20:45:15","date_gmt":"2026-04-28T20:45:15","guid":{"rendered":"https:\/\/tvbrazilusa.com\/2026\/04\/28\/na-vespera-de-sabatina-messias-almoca-com-alckmin-e-pacheco-paulo-figueiredo\/"},"modified":"2026-04-28T20:45:49","modified_gmt":"2026-04-28T20:45:49","slug":"na-vespera-de-sabatina-messias-almoca-com-alckmin-e-pacheco-paulo-figueiredo","status":"publish","type":"post","link":"https:\/\/tvbrazilusa.com\/pt\/2026\/04\/28\/na-vespera-de-sabatina-messias-almoca-com-alckmin-e-pacheco-paulo-figueiredo\/","title":{"rendered":"Na v\u00e9spera de sabatina, Messias almo\u00e7a com Alckmin e Pacheco &#8211; Paulo Figueiredo"},"content":{"rendered":"<p> <script async src=\"https:\/\/pagead2.googlesyndication.com\/pagead\/js\/adsbygoogle.js?client=ca-pub-8864793242727901\"\r\n     crossorigin=\"anonymous\"><\/script><br \/>\n<\/p>\n<div id=\"wtr-content\" data-bg=\"#FFFFFF\" data-fg=\"#006d91\" data-width=\"25\" data-mute=\"1\" data-fgopacity=\"1.00\" data-mutedopacity=\"0.5\" data-placement=\"bottom\" data-placement-offset=\"0\" data-content-offset=\"262\" data-placement-touch=\"bottom\" data-placement-offset-touch=\"0\" data-transparent=\"\" data-shadow=\"0\" data-touch=\"1\" data-non-touch=\"1\" data-comments=\"0\" data-commentsbg=\"transparent\" data-location=\"page\" data-mutedfg=\"#006d91\" data-endfg=\"#006d91\" data-rtl=\"\">\n<h4 class=\"wp-block-heading\">Almo\u00e7o de Jorge Messias com Rodrigo Pacheco e outros senadores do PSB foi articulado pelo vice-presidente Geraldo Alckmin, filiado \u00e0 sigla<\/h4>\n<p>Um dia antes de sua sabatina no Senado, o ministro da AGU,\u00a0Jorge Messias, almo\u00e7ou com o vice-presidente\u00a0Geraldo Alckmin\u00a0e com senadores e dirigentes do PSB na ter\u00e7a-feira (28\/4), em Bras\u00edlia.<\/p>\n<p>O encontro foi articulado por Alckmin, que \u00e9 filiado \u00e0 sigla, e contou com a presen\u00e7a do senador\u00a0Rodrigo Pacheco\u00a0(PSB-MG), que chegou a ser cotado para a vaga no\u00a0STF\u00a0\u00e0 qual Messias foi indicado.<\/p>\n<p>O\u00a0almo\u00e7o teve tamb\u00e9m a presen\u00e7a do presidente nacional do PSB, Jo\u00e3o Campos, e ocorreu em uma casa no Setor de Mans\u00f5es Dom Bosco (SMDB), \u00e1rea nobre da capital federal.<\/p>\n<p>A reuni\u00e3o ocorreu cinco dias ap\u00f3s\u00a0Messias se encontrar com Pacheco e com o presidente do Senado, Davi Alcolumbre (Uni\u00e3o-AP), na casa do ministro do STF Cristiano Zanin.<\/p>\n<p>O encontro, como noticiou a coluna, aconteceu na quinta-feira (23\/4) e foi articulado por Zanin, um dos ministros do Supremo mais pr\u00f3ximos do atual titular da AGU.<\/p>\n<h4 class=\"wp-block-heading\">A sabatina de Messias<\/h4>\n<p>A sabatina do indicado de Lula ao STF est\u00e1 marcada para quarta-feira (29\/4), a partir das 9h, na Comiss\u00e3o de Constitui\u00e7\u00e3o e Justi\u00e7a (CCJ) do Senado.<\/p>\n<p>A expectativa \u00e9 de que a indica\u00e7\u00e3o de Messias seja analisada no mesmo dia no plen\u00e1rio da Casa, onde o ministro precisar\u00e1 de votos de ao menos 41 dos 81 senadores.<\/p>\n<p><strong><a href=\"https:\/\/www.metropoles.com\/colunas\/igor-gadelha\/na-vespera-de-sabatina-messias-almoca-com-alckmin-e-pacheco\">Cr\u00e9dito Metr\u00f3poles<\/a><\/strong><\/p>\n<\/div>\n<p><br \/>\n<br \/><a href=\"https:\/\/paulofigueiredoshow.com\/na-vespera-de-sabatina-messias-almoca-com-alckmin-e-pacheco\/\">Source link <\/a><\/p>","protected":false},"excerpt":{"rendered":"<p>Almo\u00e7o de Jorge Messias com Rodrigo Pacheco e outros senadores do PSB foi articulado pelo vice-presidente Geraldo Alckmin, filiado \u00e0 sigla Um dia antes de sua sabatina no Senado, o&hellip;<\/p>","protected":false},"author":1,"featured_media":132733,"comment_status":"closed","ping_status":"open","sticky":false,"template":"","format":"standard","meta":{"content-type":"","footnotes":""},"categories":[16],"tags":[],"class_list":["post-132732","post","type-post","status-publish","format-standard","has-post-thumbnail","hentry","category-noticias"],"_links":{"self":[{"href":"https:\/\/tvbrazilusa.com\/pt\/wp-json\/wp\/v2\/posts\/132732","targetHints":{"allow":["GET"]}}],"collection":[{"href":"https:\/\/tvbrazilusa.com\/pt\/wp-json\/wp\/v2\/posts"}],"about":[{"href":"https:\/\/tvbrazilusa.com\/pt\/wp-json\/wp\/v2\/types\/post"}],"author":[{"embeddable":true,"href":"https:\/\/tvbrazilusa.com\/pt\/wp-json\/wp\/v2\/users\/1"}],"replies":[{"embeddable":true,"href":"https:\/\/tvbrazilusa.com\/pt\/wp-json\/wp\/v2\/comments?post=132732"}],"version-history":[{"count":1,"href":"https:\/\/tvbrazilusa.com\/pt\/wp-json\/wp\/v2\/posts\/132732\/revisions"}],"predecessor-version":[{"id":132734,"href":"https:\/\/tvbrazilusa.com\/pt\/wp-json\/wp\/v2\/posts\/132732\/revisions\/132734"}],"wp:featuredmedia":[{"embeddable":true,"href":"https:\/\/tvbrazilusa.com\/pt\/wp-json\/wp\/v2\/media\/132733"}],"wp:attachment":[{"href":"https:\/\/tvbrazilusa.com\/pt\/wp-json\/wp\/v2\/media?parent=132732"}],"wp:term":[{"taxonomy":"category","embeddable":true,"href":"https:\/\/tvbrazilusa.com\/pt\/wp-json\/wp\/v2\/categories?post=132732"},{"taxonomy":"post_tag","embeddable":true,"href":"https:\/\/tvbrazilusa.com\/pt\/wp-json\/wp\/v2\/tags?post=132732"}],"curies":[{"name":"wp","href":"https:\/\/api.w.org\/{rel}","templated":true}]}}