{"id":132735,"date":"2026-04-28T20:53:20","date_gmt":"2026-04-28T20:53:20","guid":{"rendered":"https:\/\/tvbrazilusa.com\/2026\/04\/28\/encontro-entre-alcolumbre-e-messias-ocorreu-na-casa-de-ministro-do-stf-paulo-figueiredo\/"},"modified":"2026-04-28T20:54:01","modified_gmt":"2026-04-28T20:54:01","slug":"encontro-entre-alcolumbre-e-messias-ocorreu-na-casa-de-ministro-do-stf-paulo-figueiredo","status":"publish","type":"post","link":"https:\/\/tvbrazilusa.com\/pt\/2026\/04\/28\/encontro-entre-alcolumbre-e-messias-ocorreu-na-casa-de-ministro-do-stf-paulo-figueiredo\/","title":{"rendered":"Encontro entre Alcolumbre e Messias ocorreu na casa de ministro do STF &#8211; Paulo Figueiredo"},"content":{"rendered":"<p> <script async src=\"https:\/\/pagead2.googlesyndication.com\/pagead\/js\/adsbygoogle.js?client=ca-pub-8864793242727901\"\r\n     crossorigin=\"anonymous\"><\/script><br \/>\n<\/p>\n<div id=\"wtr-content\" data-bg=\"#FFFFFF\" data-fg=\"#006d91\" data-width=\"25\" data-mute=\"1\" data-fgopacity=\"1.00\" data-mutedopacity=\"0.5\" data-placement=\"bottom\" data-placement-offset=\"0\" data-content-offset=\"262\" data-placement-touch=\"bottom\" data-placement-offset-touch=\"0\" data-transparent=\"\" data-shadow=\"0\" data-touch=\"1\" data-non-touch=\"1\" data-comments=\"0\" data-commentsbg=\"transparent\" data-location=\"page\" data-mutedfg=\"#006d91\" data-endfg=\"#006d91\" data-rtl=\"\">\n<h4 class=\"wp-block-heading\">Encontro entre Jorge Messias e Alcolumbre aconteceu na quinta-feira (23\/4), na casa de um ministro do STF. Vazamento irritou senador<\/h4>\n<p>Indicado pelo presidente\u00a0Lula\u00a0ao\u00a0STF\u00a0h\u00e1 mais de cinco meses, o ministro da AGU,\u00a0Jorge Messias, finalmente teve um encontro presencial com o presidente do Senado,\u00a0Davi Alcolumbre\u00a0(Uni\u00e3o-AP), na semana passada, em Bras\u00edlia.<\/p>\n<p>A reuni\u00e3o, segundo apurou a coluna, aconteceu no final da tarde da quinta-feira (23\/4), na casa do ministro do STF\u00a0Cristiano Zanin, no Lago Sul, bairro nobre da capital federal. Zanin \u00e9 um dos integrantes da Corte mais pr\u00f3ximos de Messias.<\/p>\n<p>Al\u00e9m do anfitri\u00e3o, de Messias e do presidente do Senado, o\u00a0encontro teve ainda as presen\u00e7as do ministro do STF\u00a0Alexandre de Moraes\u00a0e do senador\u00a0Rodrigo Pacheco\u00a0(PSD-MG), nome at\u00e9 ent\u00e3o preferido de Alcolumbre para o Supremo.<\/p>\n<p>Aliados de Alcolumbre afirmam que o encontro foi \u201ccasual\u201d. Zanin teria chamado o presidente do Senado para sua casa e s\u00f3 depois anunciou que convidaria Messias, ao que o senador n\u00e3o se op\u00f4s. O grupo conversou em uma roda ampliada.<\/p>\n<p>Inicialmente, segundo relatos, a conversa girou em torno de amenidades.\u00a0Pr\u00f3ximo ao fim do encontro, coube a Messias puxar o tema de sua sabatina. O indicado de Lula, ent\u00e3o, pediu explicitamente o apoio de Alcolumbre.<\/p>\n<p>O presidente do Senado, de acordo com aliados, n\u00e3o prometeu apoio. Ele teria respondido apenas que, como presidente da Casa, garantiria o rito constitucional e um ambiente tranquilo para a sabatina,\u00a0marcada para quarta-feira\u00a0(29\/4).<\/p>\n<p>Interlocutores de Messias, por sua vez, afirmam que a reuni\u00e3o foi um \u201creencontro de amigos\u201d, at\u00e9 ent\u00e3o \u201cmantidos distantes pelos des\u00edgnios do destino\u201d. Na conversa, os dois teriam confirmado \u201co respeito m\u00fatuo e amizade\u201d entre eles.<\/p>\n<h4 class=\"wp-block-heading\">Alcolumbre reclama de \u201cvazamento\u201d<\/h4>\n<p>A aliados,\u00a0Alcolumbre demonstrou inc\u00f4modo com o \u201cvazamento\u201d do encontro, revelado inicialmente pela colunista Monica Bergamo. Para o senador, o governo Lula teria vazado a informa\u00e7\u00e3o para passar uma \u201cfalsa sensa\u00e7\u00e3o de entendimento\u201d.<\/p>\n<p>Alcolumbre, segundo interlocutores, pretendia receber Messias institucionalmente no Senado, no intervalo entre a sabatina e a vota\u00e7\u00e3o em plen\u00e1rio, como fez com outros indicados ao STF. Ap\u00f3s o \u201cvazamento\u201d, por\u00e9m, o senador estaria repensando.<\/p>\n<p><strong><a href=\"https:\/\/www.metropoles.com\/colunas\/igor-gadelha\/encontro-entre-alcolumbre-e-messias-ocorreu-na-casa-de-ministro-do-stf\">Cr\u00e9dito Metr\u00f3poles<\/a><\/strong><\/p>\n<\/div>\n<p><br \/>\n<br \/><a href=\"https:\/\/paulofigueiredoshow.com\/encontro-entre-alcolumbre-e-messias-ocorreu-na-casa-de-ministro-do-stf\/\">Source link <\/a><\/p>","protected":false},"excerpt":{"rendered":"<p>Encontro entre Jorge Messias e Alcolumbre aconteceu na quinta-feira (23\/4), na casa de um ministro do STF. Vazamento irritou senador Indicado pelo presidente\u00a0Lula\u00a0ao\u00a0STF\u00a0h\u00e1 mais de cinco meses, o ministro da&hellip;<\/p>","protected":false},"author":1,"featured_media":132736,"comment_status":"closed","ping_status":"open","sticky":false,"template":"","format":"standard","meta":{"content-type":"","footnotes":""},"categories":[16],"tags":[],"class_list":["post-132735","post","type-post","status-publish","format-standard","has-post-thumbnail","hentry","category-noticias"],"_links":{"self":[{"href":"https:\/\/tvbrazilusa.com\/pt\/wp-json\/wp\/v2\/posts\/132735","targetHints":{"allow":["GET"]}}],"collection":[{"href":"https:\/\/tvbrazilusa.com\/pt\/wp-json\/wp\/v2\/posts"}],"about":[{"href":"https:\/\/tvbrazilusa.com\/pt\/wp-json\/wp\/v2\/types\/post"}],"author":[{"embeddable":true,"href":"https:\/\/tvbrazilusa.com\/pt\/wp-json\/wp\/v2\/users\/1"}],"replies":[{"embeddable":true,"href":"https:\/\/tvbrazilusa.com\/pt\/wp-json\/wp\/v2\/comments?post=132735"}],"version-history":[{"count":1,"href":"https:\/\/tvbrazilusa.com\/pt\/wp-json\/wp\/v2\/posts\/132735\/revisions"}],"predecessor-version":[{"id":132737,"href":"https:\/\/tvbrazilusa.com\/pt\/wp-json\/wp\/v2\/posts\/132735\/revisions\/132737"}],"wp:featuredmedia":[{"embeddable":true,"href":"https:\/\/tvbrazilusa.com\/pt\/wp-json\/wp\/v2\/media\/132736"}],"wp:attachment":[{"href":"https:\/\/tvbrazilusa.com\/pt\/wp-json\/wp\/v2\/media?parent=132735"}],"wp:term":[{"taxonomy":"category","embeddable":true,"href":"https:\/\/tvbrazilusa.com\/pt\/wp-json\/wp\/v2\/categories?post=132735"},{"taxonomy":"post_tag","embeddable":true,"href":"https:\/\/tvbrazilusa.com\/pt\/wp-json\/wp\/v2\/tags?post=132735"}],"curies":[{"name":"wp","href":"https:\/\/api.w.org\/{rel}","templated":true}]}}