{"id":132738,"date":"2026-04-28T20:57:48","date_gmt":"2026-04-28T20:57:48","guid":{"rendered":"https:\/\/tvbrazilusa.com\/2026\/04\/28\/pf-investiga-entrada-de-malas-sem-fiscalizacao-em-voo-com-motta-ciro-nogueira-e-dono-de-bets-paulo-figueiredo\/"},"modified":"2026-04-28T21:00:02","modified_gmt":"2026-04-28T21:00:02","slug":"pf-investiga-entrada-de-malas-sem-fiscalizacao-em-voo-com-motta-ciro-nogueira-e-dono-de-bets-paulo-figueiredo","status":"publish","type":"post","link":"https:\/\/tvbrazilusa.com\/pt\/2026\/04\/28\/pf-investiga-entrada-de-malas-sem-fiscalizacao-em-voo-com-motta-ciro-nogueira-e-dono-de-bets-paulo-figueiredo\/","title":{"rendered":"PF investiga entrada de malas sem fiscaliza\u00e7\u00e3o em voo com Motta, Ciro Nogueira e dono de bets &#8211; Paulo Figueiredo"},"content":{"rendered":"<p> <script async src=\"https:\/\/pagead2.googlesyndication.com\/pagead\/js\/adsbygoogle.js?client=ca-pub-8864793242727901\"\r\n     crossorigin=\"anonymous\"><\/script><br \/>\n<\/p>\n<div id=\"wtr-content\" data-bg=\"#FFFFFF\" data-fg=\"#006d91\" data-width=\"25\" data-mute=\"1\" data-fgopacity=\"1.00\" data-mutedopacity=\"0.5\" data-placement=\"bottom\" data-placement-offset=\"0\" data-content-offset=\"262\" data-placement-touch=\"bottom\" data-placement-offset-touch=\"0\" data-transparent=\"\" data-shadow=\"0\" data-touch=\"1\" data-non-touch=\"1\" data-comments=\"0\" data-commentsbg=\"transparent\" data-location=\"page\" data-mutedfg=\"#006d91\" data-endfg=\"#006d91\" data-rtl=\"\">\n<h4 class=\"wp-block-heading\">Itens do piloto entraram sem inspe\u00e7\u00e3o. Voo levava empres\u00e1rio do \u201ctigrinho\u201d, Hugo Motta, Ciro Nogueira e deputados; caso tramita no STF<\/h4>\n<p>A\u00a0Pol\u00edcia Federal\u00a0investiga se um auditor da Receita Federal cometeu os crimes de prevarica\u00e7\u00e3o e descaminho, ao permitir que bagagens de um voo que transportava o presidente da C\u00e2mara,\u00a0Hugo Motta\u00a0(Republicanos-PB), e o senador\u00a0Ciro Nogueira\u00a0(PP-PI) entrassem no Brasil sem fiscaliza\u00e7\u00e3o.<\/p>\n<p>Segundo a PF,\u00a0cinco volumes levados pelo piloto Jos\u00e9 Jorge de Oliveira J\u00fanior ingressaram no pa\u00eds sem passar por raio-x\u00a0na noite de 20 de abril de 2025. O caso ocorreu no retorno de uma viagem \u00e0 ilha de S\u00e3o Martinho, descrita pela corpora\u00e7\u00e3o como uma \u201cilha caribenha conhecida por ser um para\u00edso fiscal desde 2016\u201d.<\/p>\n<p>O voo foi feito em um avi\u00e3o particular de Fernando Oliveira Lima, o \u201c<strong>Fernandin OIG<\/strong>\u201c, apontado como\u00a0operador de plataformas de apostas ligadas ao chamado jogo do tigrinho. Em novembro de 2024, ele foi ouvido pela CPI das Bets e negou ser dono do jogo.<\/p>\n<p>Em nota enviada ao\u00a0<strong>Metr\u00f3poles<\/strong>, Hugo Motta afirmou que cumpriu \u201ctodos os protocolos e determina\u00e7\u00f5es estabelecidas na legisla\u00e7\u00e3o aduaneira\u201d ao desembarcar do voo. O presidente da C\u00e2mara disse ainda que \u201caguardar\u00e1 a manifesta\u00e7\u00e3o da Procuradoria-Geral da Rep\u00fablica\u201d.<\/p>\n<p>A reportagem tamb\u00e9m procurou o senador Ciro Nogueira, mas n\u00e3o obteve resposta at\u00e9 o momento.<\/p>\n<p>Al\u00e9m de Motta e Nogueira, estavam a bordo, de acordo com a PF, os deputados\u00a0<strong>Dr. Luizinho<\/strong>\u00a0(PP-RJ) e\u00a0<strong>Isnaldo Bulh\u00f5es<\/strong>\u00a0(MDB-AL). A lista de passageiros inclu\u00eda ainda o\u00a0ex-vereador de Teresina Victor Linhares, alvo da Opera\u00e7\u00e3o Carbono Oculto, que investiga liga\u00e7\u00f5es entre o crime organizado e o setor de combust\u00edveis.<\/p>\n<p>A presen\u00e7a de autoridades com foro privilegiado levou o caso ao Supremo Tribunal Federal (STF) em 13 de abril deste ano.\u00a0Caber\u00e1 ao ministro\u00a0Alexandre de Moraes\u00a0decidir se a Corte \u00e9 competente para analisar o caso.\u00a0Na semana passada, Moraes pediu manifesta\u00e7\u00e3o da Procuradoria-Geral da Rep\u00fablica (PGR).<\/p>\n<p>A Pol\u00edcia Federal destaca que n\u00e3o \u00e9 poss\u00edvel dizer \u201ccategoricamente a quem os volumes pertencem ou seu conte\u00fado\u201d. Ao defender que o caso fosse enviado ao STF, o delegado Fl\u00e1vio Vieitez Reis apontou que o avan\u00e7o da investiga\u00e7\u00e3o pode indicar o envolvimento de autoridades em \u201ccondutas il\u00edcitas\u201d.<\/p>\n<p>\u201cSalvo melhor ju\u00edzo, entendo ser temer\u00e1ria a continuidade das investiga\u00e7\u00f5es sem a aprecia\u00e7\u00e3o de tal situa\u00e7\u00e3o pelo Poder Judici\u00e1rio\u201d, escreveu em janeiro de 2026.<\/p>\n<p>Imagens do circuito de seguran\u00e7a do S\u00e3o Paulo Catarina Aeroporto Executivo Internacional, em S\u00e3o Roque (SP), analisadas pela PF mostram a sequ\u00eancia do desembarque:<\/p>\n<ul class=\"wp-block-list\">\n<li>\u00e0s 21h32, o piloto passou pelo raio-x com duas bagagens; e<\/li>\n<li>minutos depois, por volta das 21h40,\u00a0ele retornou com sete volumes e contornou o p\u00f3rtico de detec\u00e7\u00e3o de metais, sem submeter os itens \u00e0 inspe\u00e7\u00e3o.<\/li>\n<\/ul>\n<p>\u201c[Ele] retorna passando por fora do p\u00f3rtico de detec\u00e7\u00e3o de metais, sendo que, por volta das 21h40, ele passa com 7 (sete) volumes, sem submet\u00ea-los \u00e0 fiscaliza\u00e7\u00e3o pelo raio-X, sendo que 2 (dois) dos volumes aparentam os que ele carregava ao retornar pelo raio-X pela primeira vez\u201d, diz o relat\u00f3rio.<\/p>\n<p>As imagens obtidas pelo\u00a0<strong>Metr\u00f3poles<\/strong>\u00a0indicam que o auditor Marco Ant\u00f4nio Canella acompanhou a movimenta\u00e7\u00e3o e permitiu a passagem dos volumes \u201csem a devida fiscaliza\u00e7\u00e3o\u201d.<\/p>\n<blockquote class=\"wp-block-quote is-layout-flow wp-block-quote-is-layout-flow\">\n<p>\u201c\u00c9 poss\u00edvel constatar que o auditor fiscal da Receita Federal permite passar sete volumes sem a devida fiscaliza\u00e7\u00e3o\u201d, afirma a PF.<\/p>\n<\/blockquote>\n<p>Registros dos Agentes de Prote\u00e7\u00e3o da Avia\u00e7\u00e3o Civil (APACs) apontam que, no mesmo desembarque, o auditor tamb\u00e9m descumpriu procedimentos, ao permitir que garrafas e eletr\u00f4nicos permanecessem dentro das bagagens durante a inspe\u00e7\u00e3o,\u00a0<strong>o que pode indicar uma \u201cirregularidade generalizada\u201d<\/strong>.<\/p>\n<p>No caso do piloto do voo de Motta, a\u00a0<strong>PF destacou que o auditor permitiu a passagem de todas as bagagens por fora do detector de metais, sem qualquer fiscaliza\u00e7\u00e3o<\/strong>. Segundo a corpora\u00e7\u00e3o, o piloto empurrava um carrinho com sete volumes:<\/p>\n<ol class=\"wp-block-list\">\n<li>sacola pl\u00e1stica;<\/li>\n<li>aparentemente, uma caixa de papel;<\/li>\n<li>sacola de papel;<\/li>\n<li>edredom;<\/li>\n<li>mala de viagem;<\/li>\n<li>aparentemente, uma caixa; e<\/li>\n<li>uma mochila.<\/li>\n<\/ol>\n<p>Ao analisar a investiga\u00e7\u00e3o da PF, em janeiro deste ano, a\u00a0procuradora da Rep\u00fablica Ana Fl\u00e1via N\u00f3brega Cavalcanti Ugatti afirmou que n\u00e3o era poss\u00edvel descartar a participa\u00e7\u00e3o de autoridades com foro privilegiado nas condutas il\u00edcitas investigadas.<\/p>\n<p>\u201cN\u00e3o h\u00e1, portanto, como descartar a possibilidade de envolvimento de um ou mais passageiros detentores de prerrogativa de foro nos delitos sob apura\u00e7\u00e3o nos presentes autos ou em outras pr\u00e1ticas delitivas que porventura vierem a ser reveladas no curso das investiga\u00e7\u00f5es\u201d, disse.<\/p>\n<blockquote class=\"wp-block-quote is-layout-flow wp-block-quote-is-layout-flow\">\n<p>\u201c\u00c9 de rigor que sejam os presentes autos remetidos ao Supremo Tribunal Federal para apreciar se os indicativos de envolvimento de parlamentares reunidos nos presentes autos s\u00e3o suficientes para atrair a sua compet\u00eancia\u201d, acrescentou.<\/p>\n<\/blockquote>\n<p>Dois meses depois, em mar\u00e7o, a ju\u00edza Carolina Castro Costa, da 1\u00aa Vara Federal de Sorocaba, determinou o envio do caso ao STF.<\/p>\n<p>\u201cDestarte, diante da natureza dos fatos apurados e da eventual exist\u00eancia de prerrogativa de foro, a delibera\u00e7\u00e3o acerca da compet\u00eancia para o processamento e julgamento incumbe ao Supremo Tribunal Federal. Acolho a manifesta\u00e7\u00e3o ministerial e determino a remessa dos autos ao Supremo Tribunal Federal\u201d, declarou a magistrada.<\/p>\n<p>O\u00a0<strong>Metr\u00f3poles<\/strong>\u00a0tamb\u00e9m procurou Marco Ant\u00f4nio Canella, Fernando Oliveira Lima, Dr. Luizinho e Isnaldo Bulh\u00f5es. Luizinho afirmou que n\u00e3o vai se manifestar. At\u00e9 a publica\u00e7\u00e3o desta reportagem, os demais procurados n\u00e3o haviam respondido. O piloto Jos\u00e9 Jorge de Oliveira J\u00fanior n\u00e3o foi localizado.<\/p>\n<p><strong><a href=\"https:\/\/www.metropoles.com\/brasil\/pf-investiga-entrada-de-malas-sem-fiscalizacao-em-voo-com-motta-ciro-nogueira-e-dono-de-bets\">Cr\u00e9dito Metr\u00f3poles<\/a><\/strong><\/p>\n<\/div>\n<p><br \/>\n<br \/><a href=\"https:\/\/paulofigueiredoshow.com\/pf-investiga-entrada-de-malas-sem-fiscalizacao-em-voo-com-motta-ciro-nogueira-e-dono-de-bets\/\">Source link <\/a><\/p>","protected":false},"excerpt":{"rendered":"<p>Itens do piloto entraram sem inspe\u00e7\u00e3o. Voo levava empres\u00e1rio do \u201ctigrinho\u201d, Hugo Motta, Ciro Nogueira e deputados; caso tramita no STF A\u00a0Pol\u00edcia Federal\u00a0investiga se um auditor da Receita Federal cometeu&hellip;<\/p>","protected":false},"author":1,"featured_media":132739,"comment_status":"closed","ping_status":"open","sticky":false,"template":"","format":"standard","meta":{"content-type":"","footnotes":""},"categories":[16],"tags":[],"class_list":["post-132738","post","type-post","status-publish","format-standard","has-post-thumbnail","hentry","category-noticias"],"_links":{"self":[{"href":"https:\/\/tvbrazilusa.com\/pt\/wp-json\/wp\/v2\/posts\/132738","targetHints":{"allow":["GET"]}}],"collection":[{"href":"https:\/\/tvbrazilusa.com\/pt\/wp-json\/wp\/v2\/posts"}],"about":[{"href":"https:\/\/tvbrazilusa.com\/pt\/wp-json\/wp\/v2\/types\/post"}],"author":[{"embeddable":true,"href":"https:\/\/tvbrazilusa.com\/pt\/wp-json\/wp\/v2\/users\/1"}],"replies":[{"embeddable":true,"href":"https:\/\/tvbrazilusa.com\/pt\/wp-json\/wp\/v2\/comments?post=132738"}],"version-history":[{"count":1,"href":"https:\/\/tvbrazilusa.com\/pt\/wp-json\/wp\/v2\/posts\/132738\/revisions"}],"predecessor-version":[{"id":132740,"href":"https:\/\/tvbrazilusa.com\/pt\/wp-json\/wp\/v2\/posts\/132738\/revisions\/132740"}],"wp:featuredmedia":[{"embeddable":true,"href":"https:\/\/tvbrazilusa.com\/pt\/wp-json\/wp\/v2\/media\/132739"}],"wp:attachment":[{"href":"https:\/\/tvbrazilusa.com\/pt\/wp-json\/wp\/v2\/media?parent=132738"}],"wp:term":[{"taxonomy":"category","embeddable":true,"href":"https:\/\/tvbrazilusa.com\/pt\/wp-json\/wp\/v2\/categories?post=132738"},{"taxonomy":"post_tag","embeddable":true,"href":"https:\/\/tvbrazilusa.com\/pt\/wp-json\/wp\/v2\/tags?post=132738"}],"curies":[{"name":"wp","href":"https:\/\/api.w.org\/{rel}","templated":true}]}}