{"id":132741,"date":"2026-04-28T21:00:00","date_gmt":"2026-04-28T21:00:00","guid":{"rendered":"https:\/\/tvbrazilusa.com\/2026\/04\/28\/moraes-e-viviane-processam-alessandro-vieira-por-fala-sobre-o-pcc-paulo-figueiredo\/"},"modified":"2026-04-28T21:05:59","modified_gmt":"2026-04-28T21:05:59","slug":"moraes-e-viviane-processam-alessandro-vieira-por-fala-sobre-o-pcc-paulo-figueiredo","status":"publish","type":"post","link":"https:\/\/tvbrazilusa.com\/pt\/2026\/04\/28\/moraes-e-viviane-processam-alessandro-vieira-por-fala-sobre-o-pcc-paulo-figueiredo\/","title":{"rendered":"Moraes e Viviane processam Alessandro Vieira por fala sobre o PCC &#8211; Paulo Figueiredo"},"content":{"rendered":"<p> <script async src=\"https:\/\/pagead2.googlesyndication.com\/pagead\/js\/adsbygoogle.js?client=ca-pub-8864793242727901\"\r\n     crossorigin=\"anonymous\"><\/script><br \/>\n<\/p>\n<div id=\"wtr-content\" data-bg=\"#FFFFFF\" data-fg=\"#006d91\" data-width=\"25\" data-mute=\"1\" data-fgopacity=\"1.00\" data-mutedopacity=\"0.5\" data-placement=\"bottom\" data-placement-offset=\"0\" data-content-offset=\"262\" data-placement-touch=\"bottom\" data-placement-offset-touch=\"0\" data-transparent=\"\" data-shadow=\"0\" data-touch=\"1\" data-non-touch=\"1\" data-comments=\"0\" data-commentsbg=\"transparent\" data-location=\"page\" data-mutedfg=\"#006d91\" data-endfg=\"#006d91\" data-rtl=\"\">\n<h4 class=\"wp-block-heading\">A\u00e7\u00e3o pede R$ 20 mil por danos morais; senador denuncia \u2018intimida\u00e7\u00e3o\u2019 e nega ter associado ministro diretamente \u00e0 fac\u00e7\u00e3o<\/h4>\n<p>O ministro do\u00a0Supremo Tribunal Federal\u00a0(STF) Alexandre de Moraes e sua mulher, Viviane Barci de Moraes, ingressaram na Justi\u00e7a com uma a\u00e7\u00e3o por danos morais contra o senador Alessandro Vieira (Cidadania-SE), devido a declara\u00e7\u00f5es do parlamentar \u00e0 imprensa.<\/p>\n<p>Na peti\u00e7\u00e3o, assinada pelo escrit\u00f3rio de Viviane, o casal afirma que Vieira \u201cultrapassou os limites\u201d da liberdade de express\u00e3o ao associar Moraes ao Primeiro Comando da Capital (PCC) e sugerir a exist\u00eancia de circula\u00e7\u00e3o de recursos financeiros entre familiares do ministro e a fac\u00e7\u00e3o criminosa.<\/p>\n<p>Segundo o documento, o senador \u201cexcedeu, em muito, o exerc\u00edcio regular de seu direito de livre manifesta\u00e7\u00e3o, extravasando, inclusive, os limites de sua imunidade material parlamentar\u201d.<\/p>\n<p>A a\u00e7\u00e3o classifica as declara\u00e7\u00f5es como \u201cfraudulentas, absolutamente inadmiss\u00edveis e abusivas\u201d e sustenta que houve inten\u00e7\u00e3o de \u201cferir\u201d a honra, a dignidade e o decoro dos autores, resultando na viola\u00e7\u00e3o \u201cdos direitos de personalidade dos ofendidos\u201d. O casal pede indeniza\u00e7\u00e3o de R$ 20 mil, alegando a gravidade das falas, a repercuss\u00e3o negativa em redes sociais e na imprensa, al\u00e9m dos preju\u00edzos \u00e0 reputa\u00e7\u00e3o.<\/p>\n<h4 class=\"wp-block-heading\" id=\"h-senador-pediu-indiciamento-de-moraes-em-relatorio-de-cpi\">Senador pediu indiciamento de Moraes em relat\u00f3rio de CPI<\/h4>\n<p>As declara\u00e7\u00f5es do senador ocorreram no contexto da\u00a0CPI\u00a0do Crime Organizado, da qual Vieira foi relator. Em seu relat\u00f3rio final, ele chegou a pedir o indiciamento de Moraes, dos ministros Gilmar Mendes e Dias Toffoli e do procurador-geral da Rep\u00fablica, Paulo Gonet. O documento, no entanto, foi rejeitado ap\u00f3s articula\u00e7\u00e3o do governo.<\/p>\n<p>Diante da a\u00e7\u00e3o de Moraes e sua mulher, Vieira afirmou que n\u00e3o recuar\u00e1. \u201cA intimida\u00e7\u00e3o, e a tentativa de tentar constranger por meio de processo n\u00e3o vai parar o nosso trabalho, que \u00e9 um trabalho que \u00e9 feito no interesse dos brasileiros que merecem viver num pa\u00eds onde a lei seja igual para todos\u201d, declarou \u00e0 emissora CNN.<\/p>\n<p>O senador tamb\u00e9m negou ter feito a associa\u00e7\u00e3o direta mencionada na a\u00e7\u00e3o. \u201cEu n\u00e3o disse isso. Em nenhum momento, est\u00e1 gravado\u201d, disse. \u201cO que eu disse, repito, \u00e9 provado e confessado, \u00e9 que eles receberam sim cerca de R$ 80 milh\u00f5es do Banco Master, que hoje n\u00f3s sabemos, era um grupo criminoso.\u201d<\/p>\n<p>Em manifesta\u00e7\u00e3o anterior, Vieira j\u00e1 havia buscado esclarecer suas falas. \u201cO que fiz foi relatar o prov\u00e1vel processo de lavagem de dinheiro, realizado por um grupo que contratou os servi\u00e7os do escrit\u00f3rio da fam\u00edlia Moraes. N\u00e3o apontei em nenhum momento uma liga\u00e7\u00e3o direta entre o PCC e o referido escrit\u00f3rio.\u201d<\/p>\n<p><strong><a href=\"https:\/\/revistaoeste.com\/politica\/moraes-e-viviane-processam-alessandro-vieira-por-fala-sobre-o-pcc\/\">Cr\u00e9dito Revista Oeste<\/a><\/strong><\/p>\n<\/div>\n<p><br \/>\n<br \/><a href=\"https:\/\/paulofigueiredoshow.com\/moraes-e-viviane-processam-alessandro-vieira-por-fala-sobre-o-pcc\/\">Source link <\/a><\/p>","protected":false},"excerpt":{"rendered":"<p>A\u00e7\u00e3o pede R$ 20 mil por danos morais; senador denuncia \u2018intimida\u00e7\u00e3o\u2019 e nega ter associado ministro diretamente \u00e0 fac\u00e7\u00e3o O ministro do\u00a0Supremo Tribunal Federal\u00a0(STF) Alexandre de Moraes e sua mulher,&hellip;<\/p>","protected":false},"author":1,"featured_media":132742,"comment_status":"closed","ping_status":"open","sticky":false,"template":"","format":"standard","meta":{"content-type":"","footnotes":""},"categories":[16],"tags":[],"class_list":["post-132741","post","type-post","status-publish","format-standard","has-post-thumbnail","hentry","category-noticias"],"_links":{"self":[{"href":"https:\/\/tvbrazilusa.com\/pt\/wp-json\/wp\/v2\/posts\/132741","targetHints":{"allow":["GET"]}}],"collection":[{"href":"https:\/\/tvbrazilusa.com\/pt\/wp-json\/wp\/v2\/posts"}],"about":[{"href":"https:\/\/tvbrazilusa.com\/pt\/wp-json\/wp\/v2\/types\/post"}],"author":[{"embeddable":true,"href":"https:\/\/tvbrazilusa.com\/pt\/wp-json\/wp\/v2\/users\/1"}],"replies":[{"embeddable":true,"href":"https:\/\/tvbrazilusa.com\/pt\/wp-json\/wp\/v2\/comments?post=132741"}],"version-history":[{"count":1,"href":"https:\/\/tvbrazilusa.com\/pt\/wp-json\/wp\/v2\/posts\/132741\/revisions"}],"predecessor-version":[{"id":132743,"href":"https:\/\/tvbrazilusa.com\/pt\/wp-json\/wp\/v2\/posts\/132741\/revisions\/132743"}],"wp:featuredmedia":[{"embeddable":true,"href":"https:\/\/tvbrazilusa.com\/pt\/wp-json\/wp\/v2\/media\/132742"}],"wp:attachment":[{"href":"https:\/\/tvbrazilusa.com\/pt\/wp-json\/wp\/v2\/media?parent=132741"}],"wp:term":[{"taxonomy":"category","embeddable":true,"href":"https:\/\/tvbrazilusa.com\/pt\/wp-json\/wp\/v2\/categories?post=132741"},{"taxonomy":"post_tag","embeddable":true,"href":"https:\/\/tvbrazilusa.com\/pt\/wp-json\/wp\/v2\/tags?post=132741"}],"curies":[{"name":"wp","href":"https:\/\/api.w.org\/{rel}","templated":true}]}}