{"id":132744,"date":"2026-04-28T21:08:08","date_gmt":"2026-04-28T21:08:08","guid":{"rendered":"https:\/\/tvbrazilusa.com\/2026\/04\/28\/justica-italiana-acelera-extradicao-e-defesa-de-zambelli-aponta-pressa-incomum-paulo-figueiredo\/"},"modified":"2026-04-28T21:11:52","modified_gmt":"2026-04-28T21:11:52","slug":"justica-italiana-acelera-extradicao-e-defesa-de-zambelli-aponta-pressa-incomum-paulo-figueiredo","status":"publish","type":"post","link":"https:\/\/tvbrazilusa.com\/pt\/2026\/04\/28\/justica-italiana-acelera-extradicao-e-defesa-de-zambelli-aponta-pressa-incomum-paulo-figueiredo\/","title":{"rendered":"Justi\u00e7a italiana acelera extradi\u00e7\u00e3o, e defesa de Zambelli aponta &#8220;pressa incomum&#8221; &#8211; Paulo Figueiredo"},"content":{"rendered":"<p> <script async src=\"https:\/\/pagead2.googlesyndication.com\/pagead\/js\/adsbygoogle.js?client=ca-pub-8864793242727901\"\r\n     crossorigin=\"anonymous\"><\/script><br \/>\n<\/p>\n<div id=\"wtr-content\" data-bg=\"#FFFFFF\" data-fg=\"#006d91\" data-width=\"25\" data-mute=\"1\" data-fgopacity=\"1.00\" data-mutedopacity=\"0.5\" data-placement=\"bottom\" data-placement-offset=\"0\" data-content-offset=\"262\" data-placement-touch=\"bottom\" data-placement-offset-touch=\"0\" data-transparent=\"\" data-shadow=\"0\" data-touch=\"1\" data-non-touch=\"1\" data-comments=\"0\" data-commentsbg=\"transparent\" data-location=\"page\" data-mutedfg=\"#006d91\" data-endfg=\"#006d91\" data-rtl=\"\">\n<h4 class=\"wp-block-heading\">Advogados questionam celeridade da Corte de Cassa\u00e7\u00e3o ao pautar recurso em menos de um m\u00eas<\/h4>\n<p>A defesa da ex-deputada Carla Zambelli manifestou preocupa\u00e7\u00e3o com a rapidez do processo de extradi\u00e7\u00e3o na It\u00e1lia. A Corte de Cassa\u00e7\u00e3o, inst\u00e2ncia m\u00e1xima do pa\u00eds, marcou a audi\u00eancia para o dia 22 de maio de 2026. O advogado F\u00e1bio Pagnozzi afirma que o prazo \u00e9 muito inferior ao padr\u00e3o de seis a sete meses para casos semelhantes.<\/p>\n<p>\u200bO recurso foi pautado em menos de um m\u00eas, o que levantou d\u00favidas sobre o respeito \u00e0 isonomia e ao devido processo legal. Os advogados veem com apreens\u00e3o a tramita\u00e7\u00e3o acelerada e sugerem que a rapidez pode indicar um desfecho j\u00e1 encaminhado. O grupo jur\u00eddico recorreu contra a decis\u00e3o da Corte de Apela\u00e7\u00e3o de Roma, que j\u00e1 havia autorizado o envio da ex-parlamentar ao Brasil.<\/p>\n<h4 class=\"wp-block-heading\" id=\"h-falta-de-crime-na-italia\">\u200bFalta de crime na It\u00e1lia<\/h4>\n<p>\u200bA defesa sustenta que o suposto crime atribu\u00eddo a Zambelli n\u00e3o possui correspond\u00eancia na legisla\u00e7\u00e3o italiana, o que impediria a extradi\u00e7\u00e3o. O documento enviado \u00e0 imprensa tamb\u00e9m cita poss\u00edveis irregularidades na formaliza\u00e7\u00e3o do pedido por parte das autoridades brasileiras. Al\u00e9m disso, os advogados questionam as condi\u00e7\u00f5es do sistema carcer\u00e1rio brasileiro e a condu\u00e7\u00e3o dos processos no pa\u00eds.<\/p>\n<p>\u200bO julgamento de maio representa o \u00faltimo passo do Judici\u00e1rio italiano no caso. Mesmo com uma eventual decis\u00e3o da Corte de Cassa\u00e7\u00e3o, a palavra final sobre a extradi\u00e7\u00e3o ainda depender\u00e1 de delibera\u00e7\u00e3o do ministro da Justi\u00e7a da It\u00e1lia. A defesa prometeu atuar com firmeza para garantir a prote\u00e7\u00e3o dos direitos fundamentais da ex-deputada.<\/p>\n<p><a href=\"https:\/\/revistaoeste.com\/politica\/justica-italiana-acelera-extradicao-e-defesa-de-zambelli-aponta-pressa-incomum\/#google_vignette\">Cr\u00e9dito Revista Oeste<\/a><\/p>\n<\/div>\n<p><br \/>\n<br \/><a href=\"https:\/\/paulofigueiredoshow.com\/justica-italiana-acelera-extradicao-e-defesa-de-zambelli-aponta-pressa-incomum\/\">Source link <\/a><\/p>","protected":false},"excerpt":{"rendered":"<p>Advogados questionam celeridade da Corte de Cassa\u00e7\u00e3o ao pautar recurso em menos de um m\u00eas A defesa da ex-deputada Carla Zambelli manifestou preocupa\u00e7\u00e3o com a rapidez do processo de extradi\u00e7\u00e3o&hellip;<\/p>","protected":false},"author":1,"featured_media":132745,"comment_status":"closed","ping_status":"open","sticky":false,"template":"","format":"standard","meta":{"content-type":"","footnotes":""},"categories":[16],"tags":[],"class_list":["post-132744","post","type-post","status-publish","format-standard","has-post-thumbnail","hentry","category-noticias"],"_links":{"self":[{"href":"https:\/\/tvbrazilusa.com\/pt\/wp-json\/wp\/v2\/posts\/132744","targetHints":{"allow":["GET"]}}],"collection":[{"href":"https:\/\/tvbrazilusa.com\/pt\/wp-json\/wp\/v2\/posts"}],"about":[{"href":"https:\/\/tvbrazilusa.com\/pt\/wp-json\/wp\/v2\/types\/post"}],"author":[{"embeddable":true,"href":"https:\/\/tvbrazilusa.com\/pt\/wp-json\/wp\/v2\/users\/1"}],"replies":[{"embeddable":true,"href":"https:\/\/tvbrazilusa.com\/pt\/wp-json\/wp\/v2\/comments?post=132744"}],"version-history":[{"count":1,"href":"https:\/\/tvbrazilusa.com\/pt\/wp-json\/wp\/v2\/posts\/132744\/revisions"}],"predecessor-version":[{"id":132746,"href":"https:\/\/tvbrazilusa.com\/pt\/wp-json\/wp\/v2\/posts\/132744\/revisions\/132746"}],"wp:featuredmedia":[{"embeddable":true,"href":"https:\/\/tvbrazilusa.com\/pt\/wp-json\/wp\/v2\/media\/132745"}],"wp:attachment":[{"href":"https:\/\/tvbrazilusa.com\/pt\/wp-json\/wp\/v2\/media?parent=132744"}],"wp:term":[{"taxonomy":"category","embeddable":true,"href":"https:\/\/tvbrazilusa.com\/pt\/wp-json\/wp\/v2\/categories?post=132744"},{"taxonomy":"post_tag","embeddable":true,"href":"https:\/\/tvbrazilusa.com\/pt\/wp-json\/wp\/v2\/tags?post=132744"}],"curies":[{"name":"wp","href":"https:\/\/api.w.org\/{rel}","templated":true}]}}