{"id":132747,"date":"2026-04-28T21:17:06","date_gmt":"2026-04-28T21:17:06","guid":{"rendered":"https:\/\/tvbrazilusa.com\/2026\/04\/28\/galipolo-deve-retornar-ao-senado-para-explicar-atuacao-do-bc-no-escandalo-do-banco-master-paulo-figueiredo\/"},"modified":"2026-04-28T21:18:40","modified_gmt":"2026-04-28T21:18:40","slug":"galipolo-deve-retornar-ao-senado-para-explicar-atuacao-do-bc-no-escandalo-do-banco-master-paulo-figueiredo","status":"publish","type":"post","link":"https:\/\/tvbrazilusa.com\/pt\/2026\/04\/28\/galipolo-deve-retornar-ao-senado-para-explicar-atuacao-do-bc-no-escandalo-do-banco-master-paulo-figueiredo\/","title":{"rendered":"Gal\u00edpolo deve retornar ao Senado para explicar atua\u00e7\u00e3o do BC no esc\u00e2ndalo do Banco Master &#8211; Paulo Figueiredo"},"content":{"rendered":"<p> <script async src=\"https:\/\/pagead2.googlesyndication.com\/pagead\/js\/adsbygoogle.js?client=ca-pub-8864793242727901\"\r\n     crossorigin=\"anonymous\"><\/script><br \/>\n<\/p>\n<div id=\"wtr-content\" data-bg=\"#FFFFFF\" data-fg=\"#006d91\" data-width=\"25\" data-mute=\"1\" data-fgopacity=\"1.00\" data-mutedopacity=\"0.5\" data-placement=\"bottom\" data-placement-offset=\"0\" data-content-offset=\"262\" data-placement-touch=\"bottom\" data-placement-offset-touch=\"0\" data-transparent=\"\" data-shadow=\"0\" data-touch=\"1\" data-non-touch=\"1\" data-comments=\"0\" data-commentsbg=\"transparent\" data-location=\"page\" data-mutedfg=\"#006d91\" data-endfg=\"#006d91\" data-rtl=\"\">\n<h4 class=\"wp-block-heading\">Audi\u00eancia com o presidente do Banco Central ocorrer\u00e1 em 5 de maio<\/h4>\n<p>O presidente da Comiss\u00e3o de Assuntos Econ\u00f4micos (CAE) do Senado, senador Renan Calheiros (MDB-AL), confirmou, nesta ter\u00e7a-feira, 28, que o presidente do\u00a0Banco Central\u00a0(BC),\u00a0Gabriel Gal\u00edpolo, comparecer\u00e1 a uma audi\u00eancia do colegiado, em 5 de maio, para falar sobre a atua\u00e7\u00e3o do BC no esc\u00e2ndalo do\u00a0Banco Master.<\/p>\n<p>Segundo Renan, a presen\u00e7a de Gal\u00edpolo ser\u00e1 muito importante, \u201cporque muitas perguntas continuam a ser feitas sobre o papel do BC na crise do Master\u201d.<\/p>\n<p>\u201cO Banco Central mandou 23 avisos de irregularidade para o Master e n\u00e3o tomou, ao longo desses anos, nenhuma providencia, salvo a interven\u00e7\u00e3o em dezembro de 2025\u201d, destacou o presidente da CAE. \u201cAl\u00e9m do mais, o presidente Gal\u00edpolo\u00a0fez uma leni\u00eancia com o ex-presidente do BC Roberto Campos Neto, acusado de praticar irregularidades quando diretor do Banco Santander.\u201d<\/p>\n<p>O senador alagoano afirmou ainda que o colegiado n\u00e3o recebeu os documentos sobre o processo do Banco Master que Gabriel Gal\u00edpolo deveria ter encaminhado \u00e0 CAE. Em fevereiro, a comiss\u00e3o instalou um grupo de trabalho para investigar fraudes bilion\u00e1rias envolvendo o Master, sob a presid\u00eancia de Renan.<\/p>\n<h4 class=\"wp-block-heading\" id=\"h-galipolo-defende-campos-neto\">Gal\u00edpolo defende Campos Neto<\/h4>\n<p>O presidente do Banco Central, durante depoimento \u00e0 CPI do Crime Organizado, em 8 de abril, destacou que n\u00e3o h\u00e1 ind\u00edcio de envolvimento do ex-presidente do BC Roberto Campos Neto no esc\u00e2ndalo do Banco Master.<\/p>\n<p>\u201cN\u00e3o h\u00e1 em nenhum processo de auditoria ou de sindic\u00e2ncia\u201d, destacou Gal\u00edpolo. \u201cNada que encontre qualquer culpa por parte do ex-presidente Roberto Campos.\u201d<\/p>\n<p>Petistas buscam colocar a crise do Master na conta de Campos Neto, visto que ele era o presidente do BC quando o esc\u00e2ndalo come\u00e7ou.<\/p>\n<p><strong><a href=\"https:\/\/revistaoeste.com\/politica\/galipolo-deve-retornar-ao-senado-para-explicar-atuacao-do-bc-no-escandalo-do-banco-master\/\">Cr\u00e9dito Revista Oeste<\/a><\/strong><\/p>\n<\/div>\n<p><br \/>\n<br \/><a href=\"https:\/\/paulofigueiredoshow.com\/galipolo-deve-retornar-ao-senado-para-explicar-atuacao-do-bc-no-escandalo-do-banco-master\/\">Source link <\/a><\/p>","protected":false},"excerpt":{"rendered":"<p>Audi\u00eancia com o presidente do Banco Central ocorrer\u00e1 em 5 de maio O presidente da Comiss\u00e3o de Assuntos Econ\u00f4micos (CAE) do Senado, senador Renan Calheiros (MDB-AL), confirmou, nesta ter\u00e7a-feira, 28,&hellip;<\/p>","protected":false},"author":1,"featured_media":132748,"comment_status":"closed","ping_status":"open","sticky":false,"template":"","format":"standard","meta":{"content-type":"","footnotes":""},"categories":[16],"tags":[],"class_list":["post-132747","post","type-post","status-publish","format-standard","has-post-thumbnail","hentry","category-noticias"],"_links":{"self":[{"href":"https:\/\/tvbrazilusa.com\/pt\/wp-json\/wp\/v2\/posts\/132747","targetHints":{"allow":["GET"]}}],"collection":[{"href":"https:\/\/tvbrazilusa.com\/pt\/wp-json\/wp\/v2\/posts"}],"about":[{"href":"https:\/\/tvbrazilusa.com\/pt\/wp-json\/wp\/v2\/types\/post"}],"author":[{"embeddable":true,"href":"https:\/\/tvbrazilusa.com\/pt\/wp-json\/wp\/v2\/users\/1"}],"replies":[{"embeddable":true,"href":"https:\/\/tvbrazilusa.com\/pt\/wp-json\/wp\/v2\/comments?post=132747"}],"version-history":[{"count":1,"href":"https:\/\/tvbrazilusa.com\/pt\/wp-json\/wp\/v2\/posts\/132747\/revisions"}],"predecessor-version":[{"id":132749,"href":"https:\/\/tvbrazilusa.com\/pt\/wp-json\/wp\/v2\/posts\/132747\/revisions\/132749"}],"wp:featuredmedia":[{"embeddable":true,"href":"https:\/\/tvbrazilusa.com\/pt\/wp-json\/wp\/v2\/media\/132748"}],"wp:attachment":[{"href":"https:\/\/tvbrazilusa.com\/pt\/wp-json\/wp\/v2\/media?parent=132747"}],"wp:term":[{"taxonomy":"category","embeddable":true,"href":"https:\/\/tvbrazilusa.com\/pt\/wp-json\/wp\/v2\/categories?post=132747"},{"taxonomy":"post_tag","embeddable":true,"href":"https:\/\/tvbrazilusa.com\/pt\/wp-json\/wp\/v2\/tags?post=132747"}],"curies":[{"name":"wp","href":"https:\/\/api.w.org\/{rel}","templated":true}]}}