{"id":132759,"date":"2026-04-28T22:34:11","date_gmt":"2026-04-28T22:34:11","guid":{"rendered":"https:\/\/tvbrazilusa.com\/2026\/04\/28\/stf-torna-reu-o-pastor-silas-malafaia-por-injuria-contra-generais-do-exercito-paulo-figueiredo\/"},"modified":"2026-04-28T22:37:55","modified_gmt":"2026-04-28T22:37:55","slug":"stf-torna-reu-o-pastor-silas-malafaia-por-injuria-contra-generais-do-exercito-paulo-figueiredo","status":"publish","type":"post","link":"https:\/\/tvbrazilusa.com\/pt\/2026\/04\/28\/stf-torna-reu-o-pastor-silas-malafaia-por-injuria-contra-generais-do-exercito-paulo-figueiredo\/","title":{"rendered":"STF torna r\u00e9u o pastor Silas Malafaia por \u201cinj\u00faria\u201d contra generais do Ex\u00e9rcito &#8211; Paulo Figueiredo"},"content":{"rendered":"<p> <script async src=\"https:\/\/pagead2.googlesyndication.com\/pagead\/js\/adsbygoogle.js?client=ca-pub-8864793242727901\"\r\n     crossorigin=\"anonymous\"><\/script><br \/>\n<\/p>\n<div id=\"wtr-content\" data-bg=\"#FFFFFF\" data-fg=\"#006d91\" data-width=\"25\" data-mute=\"1\" data-fgopacity=\"1.00\" data-mutedopacity=\"0.5\" data-placement=\"bottom\" data-placement-offset=\"0\" data-content-offset=\"262\" data-placement-touch=\"bottom\" data-placement-offset-touch=\"0\" data-transparent=\"\" data-shadow=\"0\" data-touch=\"1\" data-non-touch=\"1\" data-comments=\"0\" data-commentsbg=\"transparent\" data-location=\"page\" data-mutedfg=\"#006d91\" data-endfg=\"#006d91\" data-rtl=\"\">\n<p>O Supremo Tribunal Federal (STF) decidiu nesta ter\u00e7a-feira (28) tornar r\u00e9u por suposta inj\u00faria contra o Ex\u00e9rcito o pastor Silas Malafaia. Malafaia fez cobran\u00e7as p\u00fablicas de a\u00e7\u00e3o aos oficiais ap\u00f3s a pris\u00e3o do general Braga Netto, os crimes de cal\u00fania e difama\u00e7\u00e3o n\u00e3o foram acolhidos na den\u00fancia.<\/p>\n<p>A defesa havia pedido o adiamento do julgamento em fun\u00e7\u00e3o de n\u00e3o estar a Primeira Turma com sua composi\u00e7\u00e3o completa. O pedido foi rejeitado pelo relator, Alexandre de Moraes, que tamb\u00e9m j\u00e1 havia votado pelo acolhimento integral da a\u00e7\u00e3o penal.<\/p>\n<p>Nesta ter\u00e7a-feira votaram a favor da a\u00e7\u00e3o os ministros Fl\u00e1vio Dino, Cristiano Zanin e C\u00e1rmen L\u00facia. Foi formado consenso apenas em rela\u00e7\u00e3o ao crime de inj\u00faria, a partir de diverg\u00eancia de Zanin, que discordou da acusa\u00e7\u00e3o de cal\u00fania e difama\u00e7\u00e3o.<\/p>\n<p>A den\u00fancia foi apresentada em dezembro do ano passado pelo procurador-geral da Rep\u00fablica, Paulo Gonet, com base em\u00a0declara\u00e7\u00f5es feitas por Malafaia em abril durante um ato na Avenida Paulista, em S\u00e3o Paulo. Na ocasi\u00e3o, o pastor chamou generais de quatro estrelas de \u201ccambada de frouxos, covardes e omissos\u201d, e que n\u00e3o honrariam \u201ca farda que vestem\u201d.<\/p>\n<p>Segundo a Procuradoria-Geral da Rep\u00fablica, as declara\u00e7\u00f5es configurariam crimes de inj\u00faria e cal\u00fania e difama\u00e7\u00e3o, com agravantes por terem sido direcionadas a autoridades p\u00fablicas e amplamente divulgadas nas redes sociais<\/p>\n<p>Malafaia reagiu \u00e0 den\u00fancia e a classificou como \u201ccovardia e da persegui\u00e7\u00e3o pol\u00edtica deslavada\u201d contra ele. O pastor alega que n\u00e3o citou nomes espec\u00edficos e que exerceu seu direito de liberdade de express\u00e3o ao criticar a postura de militares diante da pris\u00e3o do general Walter Braga Netto, preso preventivamente durante as investiga\u00e7\u00f5es da suposta tentativa de golpe de Estado ap\u00f3s as elei\u00e7\u00f5es de 2022.<\/p>\n<p><strong><a href=\"https:\/\/www.gazetadopovo.com.br\/republica\/stf-torna-reu-o-pastor-silas-malafaia-por-injuria-contra-generais-do-exercito\/\">Cr\u00e9dito Gazeta do Povo<\/a><\/strong><\/p>\n<\/div>\n<p><br \/>\n<br \/><a href=\"https:\/\/paulofigueiredoshow.com\/stf-torna-reu-o-pastor-silas-malafaia-por-injuria-contra-generais-do-exercito\/\">Source link <\/a><\/p>","protected":false},"excerpt":{"rendered":"<p>O Supremo Tribunal Federal (STF) decidiu nesta ter\u00e7a-feira (28) tornar r\u00e9u por suposta inj\u00faria contra o Ex\u00e9rcito o pastor Silas Malafaia. Malafaia fez cobran\u00e7as p\u00fablicas de a\u00e7\u00e3o aos oficiais ap\u00f3s&hellip;<\/p>","protected":false},"author":1,"featured_media":132760,"comment_status":"closed","ping_status":"open","sticky":false,"template":"","format":"standard","meta":{"content-type":"","footnotes":""},"categories":[16],"tags":[],"class_list":["post-132759","post","type-post","status-publish","format-standard","has-post-thumbnail","hentry","category-noticias"],"_links":{"self":[{"href":"https:\/\/tvbrazilusa.com\/pt\/wp-json\/wp\/v2\/posts\/132759","targetHints":{"allow":["GET"]}}],"collection":[{"href":"https:\/\/tvbrazilusa.com\/pt\/wp-json\/wp\/v2\/posts"}],"about":[{"href":"https:\/\/tvbrazilusa.com\/pt\/wp-json\/wp\/v2\/types\/post"}],"author":[{"embeddable":true,"href":"https:\/\/tvbrazilusa.com\/pt\/wp-json\/wp\/v2\/users\/1"}],"replies":[{"embeddable":true,"href":"https:\/\/tvbrazilusa.com\/pt\/wp-json\/wp\/v2\/comments?post=132759"}],"version-history":[{"count":1,"href":"https:\/\/tvbrazilusa.com\/pt\/wp-json\/wp\/v2\/posts\/132759\/revisions"}],"predecessor-version":[{"id":132761,"href":"https:\/\/tvbrazilusa.com\/pt\/wp-json\/wp\/v2\/posts\/132759\/revisions\/132761"}],"wp:featuredmedia":[{"embeddable":true,"href":"https:\/\/tvbrazilusa.com\/pt\/wp-json\/wp\/v2\/media\/132760"}],"wp:attachment":[{"href":"https:\/\/tvbrazilusa.com\/pt\/wp-json\/wp\/v2\/media?parent=132759"}],"wp:term":[{"taxonomy":"category","embeddable":true,"href":"https:\/\/tvbrazilusa.com\/pt\/wp-json\/wp\/v2\/categories?post=132759"},{"taxonomy":"post_tag","embeddable":true,"href":"https:\/\/tvbrazilusa.com\/pt\/wp-json\/wp\/v2\/tags?post=132759"}],"curies":[{"name":"wp","href":"https:\/\/api.w.org\/{rel}","templated":true}]}}