{"id":132767,"date":"2026-04-28T22:37:58","date_gmt":"2026-04-28T22:37:58","guid":{"rendered":"https:\/\/tvbrazilusa.com\/2026\/04\/28\/senadores-acreditam-em-dia-historico-com-rejeicao-de-messias-paulo-figueiredo\/"},"modified":"2026-04-28T22:49:58","modified_gmt":"2026-04-28T22:49:58","slug":"senadores-acreditam-em-dia-historico-com-rejeicao-de-messias-paulo-figueiredo","status":"publish","type":"post","link":"https:\/\/tvbrazilusa.com\/pt\/2026\/04\/28\/senadores-acreditam-em-dia-historico-com-rejeicao-de-messias-paulo-figueiredo\/","title":{"rendered":"Senadores acreditam em \u201cdia hist\u00f3rico\u201d com rejei\u00e7\u00e3o de Messias &#8211; Paulo Figueiredo"},"content":{"rendered":"<p> <script async src=\"https:\/\/pagead2.googlesyndication.com\/pagead\/js\/adsbygoogle.js?client=ca-pub-8864793242727901\"\r\n     crossorigin=\"anonymous\"><\/script><br \/>\n<\/p>\n<div id=\"wtr-content\" data-bg=\"#FFFFFF\" data-fg=\"#006d91\" data-width=\"25\" data-mute=\"1\" data-fgopacity=\"1.00\" data-mutedopacity=\"0.5\" data-placement=\"bottom\" data-placement-offset=\"0\" data-content-offset=\"262\" data-placement-touch=\"bottom\" data-placement-offset-touch=\"0\" data-transparent=\"\" data-shadow=\"0\" data-touch=\"1\" data-non-touch=\"1\" data-comments=\"0\" data-commentsbg=\"transparent\" data-location=\"page\" data-mutedfg=\"#006d91\" data-endfg=\"#006d91\" data-rtl=\"\">\n<p>\u201cTenho esperan\u00e7a de que amanh\u00e3 pode ser um dia hist\u00f3rico para o Brasil\u201d. A afirma\u00e7\u00e3o \u00e9 do senador Jorge Seif (PL-SC) ao comentar a possibilidade de o Senado rejeitar, nesta quarta-feira (29), a indica\u00e7\u00e3o de Jorge Messias ao cargo de ministro do Supremo Tribunal Federal (STF).<\/p>\n<p>Seif falou sobre a vota\u00e7\u00e3o em entrevista ao programa\u00a0Gazeta Agora, da Gazeta do Povo.\u00a0Clique aqui para assistir \u00e0 integra da entrevista. Para o senador, a esperan\u00e7a est\u00e1 em Davi Alcolumbre (Uni\u00e3o-AP), presidente do Senado, e seu antecessor, Rodrigo Pacheco (PSD-MG), que estariam trabalhando contra a indica\u00e7\u00e3o do atual advogado-geral da Uni\u00e3o.<\/p>\n<p>\u201cSe Davi e Pacheco conseguirem alguns votos junto ao Centr\u00e3o, a oposi\u00e7\u00e3o vai fazer a sua parte e podemos sonhar, depois de cento e poucos anos, em barrar uma indica\u00e7\u00e3o ao STF\u201d, afirmou Seif. A sabatina de Jorge Messias acontece a partir das 9 horas na Comiss\u00e3o de Constitui\u00e7\u00e3o e Justi\u00e7a (CCJ) e, caso a indica\u00e7\u00e3o seja aprovada, ela segue para vota\u00e7\u00e3o no plen\u00e1rio da Casa.<\/p>\n<h4 class=\"wp-block-heading\">Senador nega acordo e v\u00ea chance grande de rejei\u00e7\u00e3o<\/h4>\n<p>Quem tamb\u00e9m acredita em uma derrota do governo \u00e9 o senador Izalci Lucas (PL-DF), que participou do programa Sem Rodeios. Durante a entrevista, ele negou rumores de um acordo entre governistas e oposi\u00e7\u00e3o para aprovar a indica\u00e7\u00e3o de Messias, em troca da derrubada do PL da Dosimetria.\u00a0Assista \u00e0 \u00edntegra da entrevista clicando no v\u00eddeo no topo da p\u00e1gina.<\/p>\n<p>\u201cN\u00e3o tem nada de acordo, muito pelo contr\u00e1rio, acho que est\u00e3o for\u00e7ando a barra. T\u00e1 cheio de mat\u00e9ria dizendo que j\u00e1 tem 40 e tantos votos; conversa fiada, n\u00e3o existe isso\u201d, destacou Izalci. Para ele, a vota\u00e7\u00e3o secreta pode fazer com que mais parlamentares se manifestem pela rejei\u00e7\u00e3o. \u201cEu acredito que hoje a chance de rejeitar \u00e9 muito grande.\u201d<\/p>\n<p><strong><a href=\"https:\/\/www.gazetadopovo.com.br\/republica\/senadores-dia-historico-rejeicao-messias\/\">Cr\u00e9dito Gazeta do Povo<\/a><\/strong><\/p>\n<\/div>\n<p><br \/>\n<br \/><a href=\"https:\/\/paulofigueiredoshow.com\/senadores-acreditam-em-dia-historico-com-rejeicao-de-messias\/\">Source link <\/a><\/p>","protected":false},"excerpt":{"rendered":"<p>\u201cTenho esperan\u00e7a de que amanh\u00e3 pode ser um dia hist\u00f3rico para o Brasil\u201d. A afirma\u00e7\u00e3o \u00e9 do senador Jorge Seif (PL-SC) ao comentar a possibilidade de o Senado rejeitar, nesta&hellip;<\/p>","protected":false},"author":1,"featured_media":129595,"comment_status":"closed","ping_status":"open","sticky":false,"template":"","format":"standard","meta":{"content-type":"","footnotes":""},"categories":[16],"tags":[],"class_list":["post-132767","post","type-post","status-publish","format-standard","has-post-thumbnail","hentry","category-noticias"],"_links":{"self":[{"href":"https:\/\/tvbrazilusa.com\/pt\/wp-json\/wp\/v2\/posts\/132767","targetHints":{"allow":["GET"]}}],"collection":[{"href":"https:\/\/tvbrazilusa.com\/pt\/wp-json\/wp\/v2\/posts"}],"about":[{"href":"https:\/\/tvbrazilusa.com\/pt\/wp-json\/wp\/v2\/types\/post"}],"author":[{"embeddable":true,"href":"https:\/\/tvbrazilusa.com\/pt\/wp-json\/wp\/v2\/users\/1"}],"replies":[{"embeddable":true,"href":"https:\/\/tvbrazilusa.com\/pt\/wp-json\/wp\/v2\/comments?post=132767"}],"version-history":[{"count":1,"href":"https:\/\/tvbrazilusa.com\/pt\/wp-json\/wp\/v2\/posts\/132767\/revisions"}],"predecessor-version":[{"id":132768,"href":"https:\/\/tvbrazilusa.com\/pt\/wp-json\/wp\/v2\/posts\/132767\/revisions\/132768"}],"wp:featuredmedia":[{"embeddable":true,"href":"https:\/\/tvbrazilusa.com\/pt\/wp-json\/wp\/v2\/media\/129595"}],"wp:attachment":[{"href":"https:\/\/tvbrazilusa.com\/pt\/wp-json\/wp\/v2\/media?parent=132767"}],"wp:term":[{"taxonomy":"category","embeddable":true,"href":"https:\/\/tvbrazilusa.com\/pt\/wp-json\/wp\/v2\/categories?post=132767"},{"taxonomy":"post_tag","embeddable":true,"href":"https:\/\/tvbrazilusa.com\/pt\/wp-json\/wp\/v2\/tags?post=132767"}],"curies":[{"name":"wp","href":"https:\/\/api.w.org\/{rel}","templated":true}]}}