{"id":132771,"date":"2026-04-28T22:53:53","date_gmt":"2026-04-28T22:53:53","guid":{"rendered":"https:\/\/tvbrazilusa.com\/2026\/04\/28\/elon-musk-depoe-em-acao-contra-a-openai-paulo-figueiredo\/"},"modified":"2026-04-28T22:56:59","modified_gmt":"2026-04-28T22:56:59","slug":"elon-musk-depoe-em-acao-contra-a-openai-paulo-figueiredo","status":"publish","type":"post","link":"https:\/\/tvbrazilusa.com\/pt\/2026\/04\/28\/elon-musk-depoe-em-acao-contra-a-openai-paulo-figueiredo\/","title":{"rendered":"Elon Musk dep\u00f5e em a\u00e7\u00e3o contra a OpenAI &#8211; Paulo Figueiredo"},"content":{"rendered":"<p> <script async src=\"https:\/\/pagead2.googlesyndication.com\/pagead\/js\/adsbygoogle.js?client=ca-pub-8864793242727901\"\r\n     crossorigin=\"anonymous\"><\/script><br \/>\n<\/p>\n<div id=\"wtr-content\" data-bg=\"#FFFFFF\" data-fg=\"#006d91\" data-width=\"25\" data-mute=\"1\" data-fgopacity=\"1.00\" data-mutedopacity=\"0.5\" data-placement=\"bottom\" data-placement-offset=\"0\" data-content-offset=\"262\" data-placement-touch=\"bottom\" data-placement-offset-touch=\"0\" data-transparent=\"\" data-shadow=\"0\" data-touch=\"1\" data-non-touch=\"1\" data-comments=\"0\" data-commentsbg=\"transparent\" data-location=\"page\" data-mutedfg=\"#006d91\" data-endfg=\"#006d91\" data-rtl=\"\">\n<h4 class=\"wp-block-heading\">Para o empres\u00e1rio, empresa traiu sua miss\u00e3o original de desenvolver IA sem fins lucrativos; companhia disse que beneficia a humanidade<\/h4>\n<p>Nesta 3\u00aa feira, Elon Musk deve depor em julgamento contra a OpenAI. O empres\u00e1rio afirma que a criadora do ChatGPT abandonou sua miss\u00e3o original de desenvolver IA (intelig\u00eancia artificial) sem fins lucrativos.<\/p>\n<p>Al\u00e9m de Musk, ir\u00e3o depor Sam Altman, CEO da OpenAI, Satya Nadella, CEO da Microsoft, e a esposa do dono do X e ex-membro do conselho da OpenAI, Shivon Zilis.<\/p>\n<p>Musk alega que a transforma\u00e7\u00e3o da empresa em uma corpora\u00e7\u00e3o de utilidade p\u00fablica, supervisionada por uma funda\u00e7\u00e3o sem fins lucrativos, traiu a miss\u00e3o original da organiza\u00e7\u00e3o \u2014que ele ajudou a fundar e financiar.<\/p>\n<h4 class=\"wp-block-heading\">Elon Musk deixou a OpenAI em 2018<\/h4>\n<p>Em 2015, Musk doou US$ 44 milh\u00f5es para o desenvolvimento da OpenAI, com a condi\u00e7\u00e3o de que a empresa mantivesse car\u00e1ter n\u00e3o lucrativo. O empres\u00e1rio deixou a companhia em 2018.<\/p>\n<p>Em comunicado publicado em seu site oficial, a OpenAI afirma que Musk \u201c<em>passou anos assediando a OpenAI com processos infundados e ataques p\u00fablicos<\/em>\u201d por inveja do sucesso da empresa que\u00a0continua\u00a0<em>\u201cgovernada por uma organiza\u00e7\u00e3o sem fins lucrativos\u2060\u00a0dedicada \u00e0 mesma miss\u00e3o que beneficie toda a humanidade\u201d<\/em>.<\/p>\n<p>Na a\u00e7\u00e3o, Musk pede uma indeniza\u00e7\u00e3o de US$ 150 bilh\u00f5es, que, segundo ele, deveria ser destinada a um bra\u00e7o beneficente da OpenAI. Ele tamb\u00e9m solicita que a Justi\u00e7a determine o retorno da empresa \u00e0 estrutura sem fins lucrativos, al\u00e9m da destitui\u00e7\u00e3o de Altman e Greg Brockman de seus cargos.<\/p>\n<p><strong><a href=\"https:\/\/www.poder360.com.br\/poder-tech\/elon-musk-depoe-em-acao-contra-a-openai\/\">Cr\u00e9dito Poder360<\/a><\/strong><\/p>\n<\/div>\n<p><br \/>\n<br \/><a href=\"https:\/\/paulofigueiredoshow.com\/elon-musk-depoe-em-acao-contra-a-openai\/\">Source link <\/a><\/p>","protected":false},"excerpt":{"rendered":"<p>Para o empres\u00e1rio, empresa traiu sua miss\u00e3o original de desenvolver IA sem fins lucrativos; companhia disse que beneficia a humanidade Nesta 3\u00aa feira, Elon Musk deve depor em julgamento contra&hellip;<\/p>","protected":false},"author":1,"featured_media":132772,"comment_status":"closed","ping_status":"open","sticky":false,"template":"","format":"standard","meta":{"content-type":"","footnotes":""},"categories":[16],"tags":[],"class_list":["post-132771","post","type-post","status-publish","format-standard","has-post-thumbnail","hentry","category-noticias"],"_links":{"self":[{"href":"https:\/\/tvbrazilusa.com\/pt\/wp-json\/wp\/v2\/posts\/132771","targetHints":{"allow":["GET"]}}],"collection":[{"href":"https:\/\/tvbrazilusa.com\/pt\/wp-json\/wp\/v2\/posts"}],"about":[{"href":"https:\/\/tvbrazilusa.com\/pt\/wp-json\/wp\/v2\/types\/post"}],"author":[{"embeddable":true,"href":"https:\/\/tvbrazilusa.com\/pt\/wp-json\/wp\/v2\/users\/1"}],"replies":[{"embeddable":true,"href":"https:\/\/tvbrazilusa.com\/pt\/wp-json\/wp\/v2\/comments?post=132771"}],"version-history":[{"count":1,"href":"https:\/\/tvbrazilusa.com\/pt\/wp-json\/wp\/v2\/posts\/132771\/revisions"}],"predecessor-version":[{"id":132773,"href":"https:\/\/tvbrazilusa.com\/pt\/wp-json\/wp\/v2\/posts\/132771\/revisions\/132773"}],"wp:featuredmedia":[{"embeddable":true,"href":"https:\/\/tvbrazilusa.com\/pt\/wp-json\/wp\/v2\/media\/132772"}],"wp:attachment":[{"href":"https:\/\/tvbrazilusa.com\/pt\/wp-json\/wp\/v2\/media?parent=132771"}],"wp:term":[{"taxonomy":"category","embeddable":true,"href":"https:\/\/tvbrazilusa.com\/pt\/wp-json\/wp\/v2\/categories?post=132771"},{"taxonomy":"post_tag","embeddable":true,"href":"https:\/\/tvbrazilusa.com\/pt\/wp-json\/wp\/v2\/tags?post=132771"}],"curies":[{"name":"wp","href":"https:\/\/api.w.org\/{rel}","templated":true}]}}