{"id":132783,"date":"2026-04-29T11:45:00","date_gmt":"2026-04-29T11:45:00","guid":{"rendered":"https:\/\/tvbrazilusa.com\/2026\/04\/29\/tarcisio-lidera-no-1o-e-2o-turno-contra-haddad-na-disputa-por-sp\/"},"modified":"2026-04-29T11:59:06","modified_gmt":"2026-04-29T11:59:06","slug":"tarcisio-lidera-no-1o-e-2o-turno-contra-haddad-na-disputa-por-sp","status":"publish","type":"post","link":"https:\/\/tvbrazilusa.com\/pt\/2026\/04\/29\/tarcisio-lidera-no-1o-e-2o-turno-contra-haddad-na-disputa-por-sp\/","title":{"rendered":"Tarc\u00edsio lidera no 1\u00ba e 2\u00ba turno contra Haddad na disputa por SP"},"content":{"rendered":"<p> <script async src=\"https:\/\/pagead2.googlesyndication.com\/pagead\/js\/adsbygoogle.js?client=ca-pub-8864793242727901\"\r\n     crossorigin=\"anonymous\"><\/script><br \/>\n<\/p>\n<div id=\"cd-article-content\">\n<p>O governador de S\u00e3o Paulo, <strong><a href=\"https:\/\/claudiodantas.com.br\/tag\/tarcisio\/\" data-type=\"post_tag\" data-id=\"13141\">Tarc\u00edsio de Freitas (Republicanos)<\/a><\/strong>, aparece na lideran\u00e7a contra <strong><a href=\"https:\/\/claudiodantas.com.br\/tag\/haddad\/\" data-type=\"post_tag\" data-id=\"617\">Fernando Haddad (PT)<\/a><\/strong>, ex-ministro da Fazenda, e demais nomes testados na 1\u00aa pesquisa Genial\/Quaest de 2026 para o <strong><a href=\"https:\/\/www.sp.gov.br\/sp\" target=\"_blank\" rel=\"noopener\">governo do estado<\/a><\/strong>. O levantamento foi divulgado nesta manh\u00e3 (29).<\/p>\n<p><a href=\"https:\/\/whatsapp.com\/channel\/0029VaTFkH2HVvTbkE883x1x\" target=\"_blank\" class=\"whatsapp-channel-message\" rel=\"noopener\">\u2705 Siga o canal do Claudio Dantas no WhatsApp<\/a><\/p>\n<p>No primeiro cen\u00e1rio, Tarc\u00edsio tem 38% das inten\u00e7\u00f5es de voto no 1\u00ba turno, contra 26% de Haddad. A margem de erro \u00e9 de dois pontos percentuais, para mais ou para menos. Kim Kataguiri (Miss\u00e3o), deputado federal, aparece com 5%, mesmo \u00edndice de Paulo Serra (PSDB), ex-prefeito de Santo Andr\u00e9. Indecisos somam 13%, enquanto 13% declaram voto branco, nulo ou inten\u00e7\u00e3o de n\u00e3o votar.<\/p>\n<p>J\u00e1 no 2\u00ba cen\u00e1rio, sem Paulo Serra, Tarc\u00edsio vai a 40% e Haddad a 28%, mantendo diferen\u00e7a de 12 pontos. Kataguiri permanece com 5%. Indecisos ficam em 13% e brancos\/nulos ou absten\u00e7\u00e3o chegam a 14%.<\/p>\n<p>Na simula\u00e7\u00e3o de segundo turno, Tarc\u00edsio venceria Haddad por 49% a 32%. Outros 11% votariam em branco ou nulo, e 8% est\u00e3o indecisos. O levantamento aponta alta volatilidade do eleitorado: 50% dizem que podem mudar o voto at\u00e9 a elei\u00e7\u00e3o, enquanto 48% afirmam decis\u00e3o consolidada.<\/p>\n<p>Entre eleitores de Tarc\u00edsio, 61% dizem voto definitivo. Entre os de Haddad, 57% afirmam o mesmo. A maior margem de indecis\u00e3o aparece entre apoiadores de Kim Kataguiri (30%) e Paulo Serra (28%).<\/p>\n<p>A pesquisa foi encomendada pelo Banco Genial e ouviu 1.650 eleitores em S\u00e3o Paulo entre 23 e 27 de abril. A margem de erro \u00e9 de 2 pontos percentuais e o n\u00edvel de confian\u00e7a \u00e9 de 95%. O levantamento foi registrado no TSE sob o n\u00famero SP-03583\/2026.<\/p>\n<div class=\"wp-block-image\">\n<figure class=\"aligncenter size-full is-resized\"><figcaption class=\"wp-element-caption\">Foto: Ciete Silv\u00e9rio\/Governo do Estado de SP<\/figcaption><\/figure>\n<\/div>\n<\/div>\n<p><script type=\"4210238927c884604be04acd-text\/javascript\">!function(f,b,e,v,n,t,s){if(f.fbq)return;n=f.fbq=function(){n.callMethod?n.callMethod.apply(n,arguments):n.queue.push(arguments)};if(!f._fbq)f._fbq=n;n.push=n;n.loaded=!0;n.version='2.0';n.queue=[];t=b.createElement(e);t.async=!0;t.src=v;s=b.getElementsByTagName(e)[0];s.parentNode.insertBefore(t,s)}(window,document,'script','https:\/\/connect.facebook.net\/en_US\/fbevents.js');fbq('init','1423865622537930');fbq('track','PageView');<\/script><br \/>\n<br \/><br \/>\n<br \/><a href=\"https:\/\/claudiodantas.com.br\/tarcisio-lidera-1o-2o-turno-haddad-sp\/\">Source link <\/a><\/p>","protected":false},"excerpt":{"rendered":"<p>O governador de S\u00e3o Paulo, Tarc\u00edsio de Freitas (Republicanos), aparece na lideran\u00e7a contra Fernando Haddad (PT), ex-ministro da Fazenda, e demais nomes testados na 1\u00aa pesquisa Genial\/Quaest de 2026 para&hellip;<\/p>","protected":false},"author":1,"featured_media":132784,"comment_status":"closed","ping_status":"open","sticky":false,"template":"","format":"standard","meta":{"content-type":"","footnotes":""},"categories":[16],"tags":[],"class_list":["post-132783","post","type-post","status-publish","format-standard","has-post-thumbnail","hentry","category-noticias"],"_links":{"self":[{"href":"https:\/\/tvbrazilusa.com\/pt\/wp-json\/wp\/v2\/posts\/132783","targetHints":{"allow":["GET"]}}],"collection":[{"href":"https:\/\/tvbrazilusa.com\/pt\/wp-json\/wp\/v2\/posts"}],"about":[{"href":"https:\/\/tvbrazilusa.com\/pt\/wp-json\/wp\/v2\/types\/post"}],"author":[{"embeddable":true,"href":"https:\/\/tvbrazilusa.com\/pt\/wp-json\/wp\/v2\/users\/1"}],"replies":[{"embeddable":true,"href":"https:\/\/tvbrazilusa.com\/pt\/wp-json\/wp\/v2\/comments?post=132783"}],"version-history":[{"count":1,"href":"https:\/\/tvbrazilusa.com\/pt\/wp-json\/wp\/v2\/posts\/132783\/revisions"}],"predecessor-version":[{"id":132785,"href":"https:\/\/tvbrazilusa.com\/pt\/wp-json\/wp\/v2\/posts\/132783\/revisions\/132785"}],"wp:featuredmedia":[{"embeddable":true,"href":"https:\/\/tvbrazilusa.com\/pt\/wp-json\/wp\/v2\/media\/132784"}],"wp:attachment":[{"href":"https:\/\/tvbrazilusa.com\/pt\/wp-json\/wp\/v2\/media?parent=132783"}],"wp:term":[{"taxonomy":"category","embeddable":true,"href":"https:\/\/tvbrazilusa.com\/pt\/wp-json\/wp\/v2\/categories?post=132783"},{"taxonomy":"post_tag","embeddable":true,"href":"https:\/\/tvbrazilusa.com\/pt\/wp-json\/wp\/v2\/tags?post=132783"}],"curies":[{"name":"wp","href":"https:\/\/api.w.org\/{rel}","templated":true}]}}