{"id":132786,"date":"2026-04-29T12:20:00","date_gmt":"2026-04-29T12:20:00","guid":{"rendered":"https:\/\/tvbrazilusa.com\/2026\/04\/29\/grupos-pro-vida-expoem-sapatos-de-bebes-em-ato-contra-messias\/"},"modified":"2026-04-29T12:29:10","modified_gmt":"2026-04-29T12:29:10","slug":"grupos-pro-vida-expoem-sapatos-de-bebes-em-ato-contra-messias","status":"publish","type":"post","link":"https:\/\/tvbrazilusa.com\/pt\/2026\/04\/29\/grupos-pro-vida-expoem-sapatos-de-bebes-em-ato-contra-messias\/","title":{"rendered":"Grupos pr\u00f3-vida exp\u00f5em sapatos de beb\u00eas em ato contra Messias"},"content":{"rendered":"<p> <script async src=\"https:\/\/pagead2.googlesyndication.com\/pagead\/js\/adsbygoogle.js?client=ca-pub-8864793242727901\"\r\n     crossorigin=\"anonymous\"><\/script><br \/>\n<\/p>\n<div id=\"cd-article-content\">\n<p>Manifestantes de <strong><a href=\"https:\/\/claudiodantas.com.br\/tag\/pro-vida\/\" data-type=\"post_tag\" data-id=\"5073\">grupos pr\u00f3-vida<\/a><\/strong> realizaram ontem (28) <strong><a href=\"https:\/\/claudiodantas.com.br\/tag\/protesto\/\" data-type=\"post_tag\" data-id=\"4584\">protesto<\/a><\/strong> na \u00e1rea externa da Catedral de Bras\u00edlia contra a indica\u00e7\u00e3o do advogado-geral da Uni\u00e3o (AGU), <strong><a href=\"https:\/\/claudiodantas.com.br\/tag\/messias\/\" data-type=\"post_tag\" data-id=\"13197\">Jorge Messias<\/a><\/strong>, ao Supremo Tribunal Federal (STF). Cerca de 400 pares de <strong><a href=\"https:\/\/pt.wikipedia.org\/wiki\/Beb%C3%A9\" target=\"_blank\" rel=\"noopener\">sapatos de beb\u00eas<\/a><\/strong> foram expostos no local.<\/p>\n<p><a href=\"https:\/\/whatsapp.com\/channel\/0029VaTFkH2HVvTbkE883x1x\" target=\"_blank\" class=\"whatsapp-channel-message\" rel=\"noopener\">\u2705 Siga o canal do Claudio Dantas no WhatsApp<\/a><\/p>\n<p>Os organizadores tamb\u00e9m estiveram nos gabinetes de mais de 40 senadores que ainda n\u00e3o declararam voto sobre o indicado de Lula. Messias ser\u00e1 sabatinado hoje (29) pela Comiss\u00e3o de Constitui\u00e7\u00e3o e Justi\u00e7a (CCJ) do Senado Federal.<\/p>\n<p>O ato foi organizado pela funda\u00e7\u00e3o conservadora CitizenGO, com apoio do Instituto Isabel, e teve como foco cr\u00edticas \u00e0 atua\u00e7\u00e3o de Messias sobre o aborto. O grupo cita como refer\u00eancia o parecer assinado por ele enquanto AGU na ADPF 1141.<\/p>\n<p>A ADPF foi proposta pelo PSOL, de esquerda, para derrubar norma do Conselho Federal de Medicina (CFM) que restringia o aborto por assistolia fetal ap\u00f3s 22 semanas. A AGU, com aval de Messias, se manifestou a favor da derrubada da regra, sob o argumento de que a restri\u00e7\u00e3o afetaria o direito de escolha da mulher. A norma foi suspensa por Alexandre de Moraes, do STF, em maio de 2024.<\/p>\n<p>A regra do CFM proibia o procedimento em gesta\u00e7\u00f5es avan\u00e7adas com possibilidade de sobrevida do feto. Com a decis\u00e3o de Moraes, casos previstos em lei passaram a seguir os par\u00e2metros da Corte.<\/p>\n<p>A assistolia fetal consiste na aplica\u00e7\u00e3o de subst\u00e2ncias no cora\u00e7\u00e3o do feto para provocar parada card\u00edaca antes da retirada. O m\u00e9todo \u00e9 at\u00e9 mesmo proibido em animais pelo Conselho Federal de Medicina Veterin\u00e1ria (CFMV) por conta do sofrimento causado.<\/p>\n<p>Segundo os organizadores do ato, os sapatos simbolizam beb\u00eas que teriam sido perdidos desde a suspens\u00e3o da norma e buscam chamar aten\u00e7\u00e3o para os efeitos das decis\u00f5es judiciais sobre o tema.<\/p>\n<p>Os grupos tamb\u00e9m afirmam que a mobiliza\u00e7\u00e3o alerta para o risco de amplia\u00e7\u00e3o do acesso ao aborto no pa\u00eds, caso a indica\u00e7\u00e3o de Messias ao Supremo seja aprovada pela Casa Alta.<\/p>\n<div class=\"wp-block-image\">\n<figure class=\"aligncenter size-large\"><figcaption class=\"wp-element-caption\"><strong>Foto: J\u00falia Emerick\/Divulga\u00e7\u00e3o<\/strong><\/figcaption><\/figure>\n<\/div>\n<\/div>\n<p><script type=\"4522b73f25dd7afed40b65ea-text\/javascript\">!function(f,b,e,v,n,t,s){if(f.fbq)return;n=f.fbq=function(){n.callMethod?n.callMethod.apply(n,arguments):n.queue.push(arguments)};if(!f._fbq)f._fbq=n;n.push=n;n.loaded=!0;n.version='2.0';n.queue=[];t=b.createElement(e);t.async=!0;t.src=v;s=b.getElementsByTagName(e)[0];s.parentNode.insertBefore(t,s)}(window,document,'script','https:\/\/connect.facebook.net\/en_US\/fbevents.js');fbq('init','1423865622537930');fbq('track','PageView');<\/script><br \/>\n<br \/><br \/>\n<br \/><a href=\"https:\/\/claudiodantas.com.br\/sapatos-bebes-expostos-protesto-messias\/\">Source link <\/a><\/p>","protected":false},"excerpt":{"rendered":"<p>Manifestantes de grupos pr\u00f3-vida realizaram ontem (28) protesto na \u00e1rea externa da Catedral de Bras\u00edlia contra a indica\u00e7\u00e3o do advogado-geral da Uni\u00e3o (AGU), Jorge Messias, ao Supremo Tribunal Federal (STF).&hellip;<\/p>","protected":false},"author":1,"featured_media":132787,"comment_status":"closed","ping_status":"open","sticky":false,"template":"","format":"standard","meta":{"content-type":"","footnotes":""},"categories":[16],"tags":[],"class_list":["post-132786","post","type-post","status-publish","format-standard","has-post-thumbnail","hentry","category-noticias"],"_links":{"self":[{"href":"https:\/\/tvbrazilusa.com\/pt\/wp-json\/wp\/v2\/posts\/132786","targetHints":{"allow":["GET"]}}],"collection":[{"href":"https:\/\/tvbrazilusa.com\/pt\/wp-json\/wp\/v2\/posts"}],"about":[{"href":"https:\/\/tvbrazilusa.com\/pt\/wp-json\/wp\/v2\/types\/post"}],"author":[{"embeddable":true,"href":"https:\/\/tvbrazilusa.com\/pt\/wp-json\/wp\/v2\/users\/1"}],"replies":[{"embeddable":true,"href":"https:\/\/tvbrazilusa.com\/pt\/wp-json\/wp\/v2\/comments?post=132786"}],"version-history":[{"count":1,"href":"https:\/\/tvbrazilusa.com\/pt\/wp-json\/wp\/v2\/posts\/132786\/revisions"}],"predecessor-version":[{"id":132788,"href":"https:\/\/tvbrazilusa.com\/pt\/wp-json\/wp\/v2\/posts\/132786\/revisions\/132788"}],"wp:featuredmedia":[{"embeddable":true,"href":"https:\/\/tvbrazilusa.com\/pt\/wp-json\/wp\/v2\/media\/132787"}],"wp:attachment":[{"href":"https:\/\/tvbrazilusa.com\/pt\/wp-json\/wp\/v2\/media?parent=132786"}],"wp:term":[{"taxonomy":"category","embeddable":true,"href":"https:\/\/tvbrazilusa.com\/pt\/wp-json\/wp\/v2\/categories?post=132786"},{"taxonomy":"post_tag","embeddable":true,"href":"https:\/\/tvbrazilusa.com\/pt\/wp-json\/wp\/v2\/tags?post=132786"}],"curies":[{"name":"wp","href":"https:\/\/api.w.org\/{rel}","templated":true}]}}