{"id":132793,"date":"2026-04-29T13:30:00","date_gmt":"2026-04-29T13:30:00","guid":{"rendered":"https:\/\/tvbrazilusa.com\/2026\/04\/29\/stf-e-instituicao-central-do-nosso-arranjo-democratico\/"},"modified":"2026-04-29T13:51:09","modified_gmt":"2026-04-29T13:51:09","slug":"stf-e-instituicao-central-do-nosso-arranjo-democratico","status":"publish","type":"post","link":"https:\/\/tvbrazilusa.com\/pt\/2026\/04\/29\/stf-e-instituicao-central-do-nosso-arranjo-democratico\/","title":{"rendered":"STF &#8220;\u00e9 institui\u00e7\u00e3o central do nosso arranjo democr\u00e1tico&#8221;"},"content":{"rendered":"<p> <script async src=\"https:\/\/pagead2.googlesyndication.com\/pagead\/js\/adsbygoogle.js?client=ca-pub-8864793242727901\"\r\n     crossorigin=\"anonymous\"><\/script><br \/>\n<\/p>\n<div id=\"cd-article-content\">\n<p>O advogado-geral da Uni\u00e3o, <strong><a href=\"https:\/\/claudiodantas.com.br\/tag\/jorge-messias\/\" data-type=\"post_tag\" data-id=\"1866\">Jorge Messias<\/a><\/strong>, disse h\u00e1 pouco, durante sua sabatina na CCJ do Senado, que n\u00e3o tem \u201cd\u00favidas\u201d de que o <strong><a href=\"https:\/\/portal.stf.jus.br\/\" target=\"_blank\" rel=\"noopener\">Supremo Tribunal Federal (STF)<\/a><\/strong> \u201cintegra o amadurecimento c\u00edvico do Brasil\u201d e que \u201c\u00e9 a institui\u00e7\u00e3o central do nosso arranjo democr\u00e1tico\u201d.<\/p>\n<p><a href=\"https:\/\/whatsapp.com\/channel\/0029VaTFkH2HVvTbkE883x1x\" target=\"_blank\" class=\"whatsapp-channel-message\" rel=\"noopener\">\u2705 Siga o canal do Claudio Dantas no WhatsApp<\/a><\/p>\n<p>Em sequ\u00eancia, o indicado de <strong><a href=\"https:\/\/claudiodantas.com.br\/tag\/lula\/\" data-type=\"post_tag\" data-id=\"4445\">Lula (PT)<\/a><\/strong> afirmou que, \u201cevidentemente\u201d, \u00e9 necess\u00e1rio falar em \u201caperfei\u00e7oamento\u201d do Supremo e defendeu que a Corte se mantenha aberta \u201cpermanentemente ao aperfei\u00e7oamento\u201d: \u201cA credibilidade da Corte \u00e9 um compromisso e uma necessidade\u201d.<\/p>\n<p>\u201cA percep\u00e7\u00e3o p\u00fablica de que Cortes Supremas resistem \u00e0 autocr\u00edtica e ao aperfei\u00e7oamento institucional tende a pressionar a rela\u00e7\u00e3o entre a jurisdi\u00e7\u00e3o e a nossa democracia\u201d, afirmou Messias.<\/p>\n<p>\u201cEm uma Rep\u00fablica, todo Poder deve se sujeitar a regras e conten\u00e7\u00f5es\u201d, disse o indicado de Lula. \u201cPor isso, demandas da sociedade por transpar\u00eancia, presta\u00e7\u00e3o de contas, escrut\u00ednio p\u00fablico (15:02) n\u00e3o devem causar constrangimentos\u201d.<\/p>\n<p>Para Messias, \u201crecalibragens institucionais\u201d e \u201cajustes de rota\u201d das institui\u00e7\u00f5es \u201cn\u00e3o s\u00e3o signos de fraqueza\u201d: \u201cAo contr\u00e1rio, fortalecem, sim, o Poder Judici\u00e1rio, enquanto s\u00e3o capazes de neutralizar discursos destrutivos e de inibir narrativas autorit\u00e1rias que visam, na realidade, a enfraquecer\u201d.<\/p>\n<p>\u201cPortanto, \u00e9 dever do Supremo aprimorar-se com lucidez institucional, para permanecer pujante e respeitado como o Brasil dele necessita\u201d, afirmou. \u201cO Supremo deve convencer a sociedade de que disp\u00f5e de ferramentas efetivas de transpar\u00eancia e controle\u201d.<\/p>\n<p>\u201cA democracia come\u00e7a pela \u00e9tica dos nossos ju\u00edzes, enfatizou recentemente o ministro Celso de Mello. Ju\u00edzes constitucionais devem ser farol de uma \u00e9tica judicial que projete, por seus comportamentos, um modelo de integridade replic\u00e1vel para o conjunto da magistratura nacional\u201d, continuou o indicado de Lula ao STF.<\/p>\n<p>\u201cTenho clareza de que a todos os ju\u00edzes brasileiros, do topo \u00e0 base, imp\u00f5em-se regras de integridade, transpar\u00eancia, descri\u00e7\u00e3o, sobriedade, equidist\u00e2ncia e liturgia no cargo\u201d, completou.<\/p>\n<div class=\"wp-block-image\">\n<figure class=\"aligncenter size-large\"><figcaption class=\"wp-element-caption\"><strong>Foto: Reprodu\u00e7\u00e3o\/YouTube<\/strong><\/figcaption><\/figure>\n<\/div>\n<figure class=\"wp-block-embed aligncenter is-type-wp-embed is-provider-claudio-dantas wp-block-embed-claudio-dantas\"\/>\n<\/div>\n<p><script type=\"f6af357defd86286c21f6f28-text\/javascript\">!function(f,b,e,v,n,t,s){if(f.fbq)return;n=f.fbq=function(){n.callMethod?n.callMethod.apply(n,arguments):n.queue.push(arguments)};if(!f._fbq)f._fbq=n;n.push=n;n.loaded=!0;n.version='2.0';n.queue=[];t=b.createElement(e);t.async=!0;t.src=v;s=b.getElementsByTagName(e)[0];s.parentNode.insertBefore(t,s)}(window,document,'script','https:\/\/connect.facebook.net\/en_US\/fbevents.js');fbq('init','1423865622537930');fbq('track','PageView');<\/script><br \/>\n<br \/><br \/>\n<br \/><a href=\"https:\/\/claudiodantas.com.br\/messias-stf-instituicao-arranjo-democratico\/\">Source link <\/a><\/p>","protected":false},"excerpt":{"rendered":"<p>O advogado-geral da Uni\u00e3o, Jorge Messias, disse h\u00e1 pouco, durante sua sabatina na CCJ do Senado, que n\u00e3o tem \u201cd\u00favidas\u201d de que o Supremo Tribunal Federal (STF) \u201cintegra o amadurecimento&hellip;<\/p>","protected":false},"author":1,"featured_media":132794,"comment_status":"closed","ping_status":"open","sticky":false,"template":"","format":"standard","meta":{"content-type":"","footnotes":""},"categories":[16],"tags":[],"class_list":["post-132793","post","type-post","status-publish","format-standard","has-post-thumbnail","hentry","category-noticias"],"_links":{"self":[{"href":"https:\/\/tvbrazilusa.com\/pt\/wp-json\/wp\/v2\/posts\/132793","targetHints":{"allow":["GET"]}}],"collection":[{"href":"https:\/\/tvbrazilusa.com\/pt\/wp-json\/wp\/v2\/posts"}],"about":[{"href":"https:\/\/tvbrazilusa.com\/pt\/wp-json\/wp\/v2\/types\/post"}],"author":[{"embeddable":true,"href":"https:\/\/tvbrazilusa.com\/pt\/wp-json\/wp\/v2\/users\/1"}],"replies":[{"embeddable":true,"href":"https:\/\/tvbrazilusa.com\/pt\/wp-json\/wp\/v2\/comments?post=132793"}],"version-history":[{"count":1,"href":"https:\/\/tvbrazilusa.com\/pt\/wp-json\/wp\/v2\/posts\/132793\/revisions"}],"predecessor-version":[{"id":132795,"href":"https:\/\/tvbrazilusa.com\/pt\/wp-json\/wp\/v2\/posts\/132793\/revisions\/132795"}],"wp:featuredmedia":[{"embeddable":true,"href":"https:\/\/tvbrazilusa.com\/pt\/wp-json\/wp\/v2\/media\/132794"}],"wp:attachment":[{"href":"https:\/\/tvbrazilusa.com\/pt\/wp-json\/wp\/v2\/media?parent=132793"}],"wp:term":[{"taxonomy":"category","embeddable":true,"href":"https:\/\/tvbrazilusa.com\/pt\/wp-json\/wp\/v2\/categories?post=132793"},{"taxonomy":"post_tag","embeddable":true,"href":"https:\/\/tvbrazilusa.com\/pt\/wp-json\/wp\/v2\/tags?post=132793"}],"curies":[{"name":"wp","href":"https:\/\/api.w.org\/{rel}","templated":true}]}}