{"id":132803,"date":"2026-04-29T14:06:00","date_gmt":"2026-04-29T14:06:00","guid":{"rendered":"https:\/\/tvbrazilusa.com\/2026\/04\/29\/sou-evangelico-mas-estado-constitucional-e-laico\/"},"modified":"2026-04-29T14:16:59","modified_gmt":"2026-04-29T14:16:59","slug":"sou-evangelico-mas-estado-constitucional-e-laico","status":"publish","type":"post","link":"https:\/\/tvbrazilusa.com\/pt\/2026\/04\/29\/sou-evangelico-mas-estado-constitucional-e-laico\/","title":{"rendered":"Sou evang\u00e9lico, mas &#8220;Estado constitucional \u00e9 laico&#8221;"},"content":{"rendered":"<p> <script async src=\"https:\/\/pagead2.googlesyndication.com\/pagead\/js\/adsbygoogle.js?client=ca-pub-8864793242727901\"\r\n     crossorigin=\"anonymous\"><\/script><br \/>\n<\/p>\n<div id=\"cd-article-content\">\n<p>Durante sua sabatina ao Supremo Tribunal Federal (STF), o advogado-geral da Uni\u00e3o, Jorge Messias, afirmou h\u00e1 pouco que \u201cser evang\u00e9lico \u00e9 uma b\u00ean\u00e7\u00e3o, n\u00e3o um ativo\u201d, mas que, ainda assim, tem \u201cplena clareza\u201d de que o \u201cEstado constitucional \u00e9 laico\u201d.<\/p>\n<p><a href=\"https:\/\/whatsapp.com\/channel\/0029VaTFkH2HVvTbkE883x1x\" target=\"_blank\" class=\"whatsapp-channel-message\" rel=\"noopener\">\u2705 Siga o canal do Claudio Dantas no WhatsApp<\/a><\/p>\n<p>\u201cUma laicidade clara, mas colaborativa, que fomenta o di\u00e1logo construtivo entre o Estado e todas as religi\u00f5es, em prol da fraternidade e da inclus\u00e3o, sem admitir favorecimentos ou discrimina\u00e7\u00f5es entre as diversas confiss\u00f5es religiosas de nosso pa\u00eds\u201d, afirmou Messias. \u201cA laicidade nos acompanha desde a Constitui\u00e7\u00e3o Republicana, em 1891\u201d.<\/p>\n<p>Para ele, a \u201cneutralidade estatal em mat\u00e9ria de f\u00e9\u201d no Brasil \u201c\u00e9 a c\u00e9lula da nossa identidade nacional, na condi\u00e7\u00e3o de na\u00e7\u00e3o diversa em forma\u00e7\u00f5es e culturas\u201d.<\/p>\n<p>\u201c\u00c9 a laicidade do Estado que assegura a todos o exerc\u00edcio da f\u00e9 com tranquilidade. O juiz constitucional deve ser leal a isso. Juiz que coloca suas convic\u00e7\u00f5es religiosas acima da Constitui\u00e7\u00e3o n\u00e3o \u00e9 juiz\u201d, afirmou o indicado de Lula (PT).<\/p>\n<p>\u201cTenho clareza de que o Estado laico n\u00e3o interdita considerar a base \u00e9tica crist\u00e3 que cimenta a nossa Constitui\u00e7\u00e3o. \u00c9 poss\u00edvel interpretar a Constitui\u00e7\u00e3o com f\u00e9 e n\u00e3o pela f\u00e9\u201d, completou o AGU.<\/p>\n<div class=\"wp-block-image\">\n<figure class=\"aligncenter size-full is-resized\"><figcaption class=\"wp-element-caption\"><strong>Foto: Reprodu\u00e7\u00e3o<\/strong><\/figcaption><\/figure>\n<\/div>\n<\/div>\n<p><script type=\"87c398f37b8e16fa5ada2a91-text\/javascript\">!function(f,b,e,v,n,t,s){if(f.fbq)return;n=f.fbq=function(){n.callMethod?n.callMethod.apply(n,arguments):n.queue.push(arguments)};if(!f._fbq)f._fbq=n;n.push=n;n.loaded=!0;n.version='2.0';n.queue=[];t=b.createElement(e);t.async=!0;t.src=v;s=b.getElementsByTagName(e)[0];s.parentNode.insertBefore(t,s)}(window,document,'script','https:\/\/connect.facebook.net\/en_US\/fbevents.js');fbq('init','1423865622537930');fbq('track','PageView');<\/script><br \/>\n<br \/><br \/>\n<br \/><a href=\"https:\/\/claudiodantas.com.br\/messias-sou-evangelico-mas-estado-laico\/\">Source link <\/a><\/p>","protected":false},"excerpt":{"rendered":"<p>Durante sua sabatina ao Supremo Tribunal Federal (STF), o advogado-geral da Uni\u00e3o, Jorge Messias, afirmou h\u00e1 pouco que \u201cser evang\u00e9lico \u00e9 uma b\u00ean\u00e7\u00e3o, n\u00e3o um ativo\u201d, mas que, ainda assim,&hellip;<\/p>","protected":false},"author":1,"featured_media":132804,"comment_status":"closed","ping_status":"open","sticky":false,"template":"","format":"standard","meta":{"content-type":"","footnotes":""},"categories":[16],"tags":[],"class_list":["post-132803","post","type-post","status-publish","format-standard","has-post-thumbnail","hentry","category-noticias"],"_links":{"self":[{"href":"https:\/\/tvbrazilusa.com\/pt\/wp-json\/wp\/v2\/posts\/132803","targetHints":{"allow":["GET"]}}],"collection":[{"href":"https:\/\/tvbrazilusa.com\/pt\/wp-json\/wp\/v2\/posts"}],"about":[{"href":"https:\/\/tvbrazilusa.com\/pt\/wp-json\/wp\/v2\/types\/post"}],"author":[{"embeddable":true,"href":"https:\/\/tvbrazilusa.com\/pt\/wp-json\/wp\/v2\/users\/1"}],"replies":[{"embeddable":true,"href":"https:\/\/tvbrazilusa.com\/pt\/wp-json\/wp\/v2\/comments?post=132803"}],"version-history":[{"count":1,"href":"https:\/\/tvbrazilusa.com\/pt\/wp-json\/wp\/v2\/posts\/132803\/revisions"}],"predecessor-version":[{"id":132805,"href":"https:\/\/tvbrazilusa.com\/pt\/wp-json\/wp\/v2\/posts\/132803\/revisions\/132805"}],"wp:featuredmedia":[{"embeddable":true,"href":"https:\/\/tvbrazilusa.com\/pt\/wp-json\/wp\/v2\/media\/132804"}],"wp:attachment":[{"href":"https:\/\/tvbrazilusa.com\/pt\/wp-json\/wp\/v2\/media?parent=132803"}],"wp:term":[{"taxonomy":"category","embeddable":true,"href":"https:\/\/tvbrazilusa.com\/pt\/wp-json\/wp\/v2\/categories?post=132803"},{"taxonomy":"post_tag","embeddable":true,"href":"https:\/\/tvbrazilusa.com\/pt\/wp-json\/wp\/v2\/tags?post=132803"}],"curies":[{"name":"wp","href":"https:\/\/api.w.org\/{rel}","templated":true}]}}