{"id":132809,"date":"2026-04-29T14:40:00","date_gmt":"2026-04-29T14:40:00","guid":{"rendered":"https:\/\/tvbrazilusa.com\/2026\/04\/29\/sou-totalmente-contra-o-aborto-diz-messias-na-ccj\/"},"modified":"2026-04-29T14:48:05","modified_gmt":"2026-04-29T14:48:05","slug":"sou-totalmente-contra-o-aborto-diz-messias-na-ccj","status":"publish","type":"post","link":"https:\/\/tvbrazilusa.com\/pt\/2026\/04\/29\/sou-totalmente-contra-o-aborto-diz-messias-na-ccj\/","title":{"rendered":"&#8220;Sou totalmente contra o aborto&#8221;, diz Messias na CCJ"},"content":{"rendered":"<p> <script async src=\"https:\/\/pagead2.googlesyndication.com\/pagead\/js\/adsbygoogle.js?client=ca-pub-8864793242727901\"\r\n     crossorigin=\"anonymous\"><\/script><br \/>\n<\/p>\n<div id=\"cd-article-content\">\n<p>A esquerda se antecipou \u00e0 oposi\u00e7\u00e3o na sabatina de <strong><a href=\"https:\/\/claudiodantas.com.br\/tag\/messias\/\" data-type=\"post_tag\" data-id=\"13197\">Jorge Messias<\/a><\/strong>, e o relator do indicado ao <strong><a href=\"https:\/\/portal.stf.jus.br\/\" target=\"_blank\" rel=\"noopener\">Supremo Tribunal Federal (STF)<\/a><\/strong>, Weverton Rocha (PDT-MA), questionou o advogado-geral da Uni\u00e3o na CCJ do Senado sobre a atua\u00e7\u00e3o do \u00f3rg\u00e3o em rela\u00e7\u00e3o ao <strong><a href=\"https:\/\/claudiodantas.com.br\/tag\/aborto\/\" data-type=\"post_tag\" data-id=\"595\">aborto<\/a><\/strong>.<\/p>\n<p><a href=\"https:\/\/whatsapp.com\/channel\/0029VaTFkH2HVvTbkE883x1x\" target=\"_blank\" class=\"whatsapp-channel-message\" rel=\"noopener\">\u2705 Siga o canal do Claudio Dantas no WhatsApp<\/a><\/p>\n<p>O indicado de Lula (PT) afirmou h\u00e1 pouco que \u00e9 \u201ctotalmente contra o aborto\u201d e que, caso seja aprovado como ministro da Corte, \u201cn\u00e3o haver\u00e1\u201d, de sua parte, \u201cqualquer tipo de a\u00e7\u00e3o de ativismo em rela\u00e7\u00e3o ao tema aborto\u201d na sua \u201cjurisdi\u00e7\u00e3o constitucional\u201d.<\/p>\n<p>Na ocasi\u00e3o, ele foi indagado por Rocha sobre a ADPF 1141, que foi proposta pelo Psol para derrubar uma norma do Conselho Federal de Medicina (CFM) que restringia o aborto por assistolia fetal ap\u00f3s 22 semanas.<\/p>\n<p>Com aval de Messias, a AGU se manifestou a favor da derrubada da regra, sob o argumento de que a restri\u00e7\u00e3o afetaria o direito de escolha da mulher. A norma foi suspensa por Alexandre de Moraes, do STF, em maio de 2024.<\/p>\n<p>De acordo com Messias, ele seguiu a Constitui\u00e7\u00e3o Federal e apresentou ao Supremo um parecer no qual defendeu, \u201cde forma muito clara e categ\u00f3rica, a compet\u00eancia privativa do Congresso Nacional para legislar sobre o tema do aborto\u201d.<\/p>\n<p>O sabatinado alegou que o tema \u00e9 \u201cmat\u00e9ria penal\u201d e salientou que \u201caborto \u00e9 crime\u201d: \u201cO que foi feito, do ponto de vista estritamente t\u00e9cnico, numa posi\u00e7\u00e3o institucional, (\u2026) foi dizer, com todas as letras, que, na mat\u00e9ria penal, a legalidade estrita deve ser preservada\u201d.<\/p>\n<p>\u201cE, dentro da mat\u00e9ria penal, com a legalidade estrita sendo preservada, o poder competente \u00e9 o Poder Legislativo. N\u00e3o foi feita nenhuma considera\u00e7\u00e3o de cunho moral, religioso ou filos\u00f3fico a respeito de apologia \u00e0 pr\u00e1tica do aborto\u201d, afirmou Messias.<\/p>\n<p>\u201cQuero at\u00e9 dizer que nenhuma pr\u00e1tica de aborto pode ser comemorada ou celebrada. Muito pelo contr\u00e1rio, deve ser objeto de reprimenda. Mas isso \u00e9 a minha concep\u00e7\u00e3o pessoal, filos\u00f3fica, crist\u00e3\u201d, completou o AGU.<\/p>\n<p>De acordo com ele, o aborto, em \u201cqualquer que seja a circunst\u00e2ncia\u201d, \u201c\u00e9 uma trag\u00e9dia humana\u201d, mas que \u00e9 preciso \u201colhar tamb\u00e9m com humanidade\u201d: \u201cH\u00e1 uma mulher, h\u00e1 uma crian\u00e7a, h\u00e1 uma adolescente, h\u00e1 uma vida. \u00c9 por isso que a lei estabeleceu hip\u00f3teses muito restritas, excludentes de ilicitude. E isso h\u00e1 d\u00e9cadas\u201d.<\/p>\n<p>\u201cN\u00f3s estamos falando quando a m\u00e3e e a genitora correm risco de vida\u201d, afirmou Messias. \u201cN\u00f3s estamos falando do momento tr\u00e1gico, porque \u00e9 preciso dizer que precede um crime, um estupro\u201d.<\/p>\n<p>\u201cSe eu quebro o princ\u00edpio da legalidade e autorizo que um conselho que n\u00e3o tem compet\u00eancia para legislar aprove uma medida restritiva, eu poderia imaginar que este mesmo conselho, no futuro, poderia criar uma medida ampliativa. E n\u00e3o \u00e9 disso que tenho certeza que vossas Excel\u00eancias gostariam de ver\u201d, completou.<\/p>\n<div class=\"wp-block-image\">\n<figure class=\"aligncenter size-large\"><figcaption class=\"wp-element-caption\"><strong>Foto: Reprodu\u00e7\u00e3o\/YouTube<\/strong><\/figcaption><\/figure>\n<\/div>\n<figure class=\"wp-block-embed aligncenter is-type-wp-embed is-provider-claudio-dantas wp-block-embed-claudio-dantas\"\/>\n<\/div>\n<p><script type=\"776d68bdbf9060af4a900547-text\/javascript\">!function(f,b,e,v,n,t,s){if(f.fbq)return;n=f.fbq=function(){n.callMethod?n.callMethod.apply(n,arguments):n.queue.push(arguments)};if(!f._fbq)f._fbq=n;n.push=n;n.loaded=!0;n.version='2.0';n.queue=[];t=b.createElement(e);t.async=!0;t.src=v;s=b.getElementsByTagName(e)[0];s.parentNode.insertBefore(t,s)}(window,document,'script','https:\/\/connect.facebook.net\/en_US\/fbevents.js');fbq('init','1423865622537930');fbq('track','PageView');<\/script><br \/>\n<br \/><br \/>\n<br \/><a href=\"https:\/\/claudiodantas.com.br\/sou-totalmente-contra-aborto-messias-ccj\/\">Source link <\/a><\/p>","protected":false},"excerpt":{"rendered":"<p>A esquerda se antecipou \u00e0 oposi\u00e7\u00e3o na sabatina de Jorge Messias, e o relator do indicado ao Supremo Tribunal Federal (STF), Weverton Rocha (PDT-MA), questionou o advogado-geral da Uni\u00e3o na&hellip;<\/p>","protected":false},"author":1,"featured_media":132810,"comment_status":"closed","ping_status":"open","sticky":false,"template":"","format":"standard","meta":{"content-type":"","footnotes":""},"categories":[16],"tags":[],"class_list":["post-132809","post","type-post","status-publish","format-standard","has-post-thumbnail","hentry","category-noticias"],"_links":{"self":[{"href":"https:\/\/tvbrazilusa.com\/pt\/wp-json\/wp\/v2\/posts\/132809","targetHints":{"allow":["GET"]}}],"collection":[{"href":"https:\/\/tvbrazilusa.com\/pt\/wp-json\/wp\/v2\/posts"}],"about":[{"href":"https:\/\/tvbrazilusa.com\/pt\/wp-json\/wp\/v2\/types\/post"}],"author":[{"embeddable":true,"href":"https:\/\/tvbrazilusa.com\/pt\/wp-json\/wp\/v2\/users\/1"}],"replies":[{"embeddable":true,"href":"https:\/\/tvbrazilusa.com\/pt\/wp-json\/wp\/v2\/comments?post=132809"}],"version-history":[{"count":1,"href":"https:\/\/tvbrazilusa.com\/pt\/wp-json\/wp\/v2\/posts\/132809\/revisions"}],"predecessor-version":[{"id":132811,"href":"https:\/\/tvbrazilusa.com\/pt\/wp-json\/wp\/v2\/posts\/132809\/revisions\/132811"}],"wp:featuredmedia":[{"embeddable":true,"href":"https:\/\/tvbrazilusa.com\/pt\/wp-json\/wp\/v2\/media\/132810"}],"wp:attachment":[{"href":"https:\/\/tvbrazilusa.com\/pt\/wp-json\/wp\/v2\/media?parent=132809"}],"wp:term":[{"taxonomy":"category","embeddable":true,"href":"https:\/\/tvbrazilusa.com\/pt\/wp-json\/wp\/v2\/categories?post=132809"},{"taxonomy":"post_tag","embeddable":true,"href":"https:\/\/tvbrazilusa.com\/pt\/wp-json\/wp\/v2\/tags?post=132809"}],"curies":[{"name":"wp","href":"https:\/\/api.w.org\/{rel}","templated":true}]}}